{"id":71326,"date":"2025-10-24T19:13:07","date_gmt":"2025-10-24T19:13:07","guid":{"rendered":"https:\/\/www.europesays.com\/fi\/71326\/"},"modified":"2025-10-24T19:13:07","modified_gmt":"2025-10-24T19:13:07","slug":"liettuassa-turvallisuusuhka-lentokenttia-suljettu-iltalehti","status":"publish","type":"post","link":"https:\/\/www.europesays.com\/fi\/71326\/","title":{"rendered":"Liettuassa turvallisuusuhka \u2013 Lentokentti\u00e4 suljettu &#8211; Iltalehti"},"content":{"rendered":"<ol>\n<li><a href=\"https:\/\/news.google.com\/rss\/articles\/CBMifEFVX3lxTE1jdG9JZE8taWNZVWo3c3FEM1hRTm1wMklOMFl3eS1zSVl0MW44SFlxYnVtR051Y0tHcHhIamdTWVhvNDdWZkloZHF3dWFKWkR2QmdrdmdrcndiMHFsNHI2ZW4yM0xrbXpWVzl2UVp0UHNsOVdMamxfeTh2TG8?oc=5\" target=\"_blank\" rel=\"nofollow noopener\">Liettuassa turvallisuusuhka \u2013 Lentokentti\u00e4 suljettu<\/a>&nbsp;&nbsp;Iltalehti<\/li>\n<li><a href=\"https:\/\/news.google.com\/rss\/articles\/CBMiQkFVX3lxTE1oN1pvUEVIUlVodGFCM0FISTl1ZTRqSVhnTHpMY3FfUTVEWmNQN0ttelFjRUx1NzlMWGprX1NxdnlVUQ?oc=5\" target=\"_blank\" rel=\"nofollow noopener\">Lentokentti\u00e4 suljettiin Liettuassa Valko-Ven\u00e4j\u00e4lt\u00e4 tulleiden ilmapallojen takia<\/a>&nbsp;&nbsp;Yle<\/li>\n<li><a href=\"https:\/\/news.google.com\/rss\/articles\/CBMiXkFVX3lxTE5VMmpDSVhpOUJLcTR0RE05a3QyaFAyVGxqWUVkUkhoNzVsd1RNS01TbzJIZXZ3TFViMDBNNHZiamlSMTNaamd3UlFTWG94ZkNUT0g5M2U1aDVWbElRQkE?oc=5\" target=\"_blank\" rel=\"nofollow noopener\">Liettua sulki Valko-Ven\u00e4j\u00e4n rajan \u2013 Vilnan lentokentt\u00e4 avattiin j\u00e4lleen liikenteelle<\/a>&nbsp;&nbsp;Ilta-Sanomat<\/li>\n<li><a href=\"https:\/\/news.google.com\/rss\/articles\/CBMivgFBVV95cUxQY0VYeXJmUnhhX2tTTzFyeUdzUEMtNXJhOFdCUTVlT3ktS0l0WDBtQzl5bkZHN0Y1WGpZems3ZTdWVVpyZVE5M2UzaXlzdEVmdWt0S0VSek5JbXQyWkZnTC1OSWt5OVE0V2oybXYxbUIyWUp4YkFDOWpaSFU2SDFiek9KaWhfVE8xQl9HcEItU19IQnZnZ2FNbXBIb05ReWRtWm53S1gzVlE4YUtFRmwwNzloN1pXak0wWTYyTlpB?oc=5\" target=\"_blank\" rel=\"nofollow noopener\">Vilnan lentokent\u00e4n ilmapallokaaos ohi<\/a>&nbsp;&nbsp;mtvuutiset.fi<\/li>\n<li><a href=\"https:\/\/news.google.com\/rss\/articles\/CBMiwAFBVV95cUxORFRzUldyMDVWSU9wUEp4aG9FU0Z2TlhHTlZUelRKVzBneWdUalJYMlY1NlNhMTNlT0V0R05fbDJqbFk4bDR3TWlrY3hrLUtOM3VjSTZJNHJXSTJIQnQzS0U4Wl8zZG1tOWJMYkI5dVg2YXBEbHhiU3hOdVhTcHcyNkNiS1hhT2NrVXg5ZmFZVHJ2dVFZZExja3M4WEMzbG5Cb3Q1N1RmMHVIb2RoUXhnYUIxLUZyaldNUE1YV05sT2k?oc=5\" target=\"_blank\" rel=\"nofollow noopener\">Liettua varoittaa Valko-Ven\u00e4j\u00e4\u00e4 ilmapallon h\u00e4iritty\u00e4 lentoliikennett\u00e4<\/a>&nbsp;&nbsp;Gamereactor<\/li>\n<\/ol>\n","protected":false},"excerpt":{"rendered":"Liettuassa turvallisuusuhka \u2013 Lentokentti\u00e4 suljettu&nbsp;&nbsp;Iltalehti Lentokentti\u00e4 suljettiin Liettuassa Valko-Ven\u00e4j\u00e4lt\u00e4 tulleiden ilmapallojen takia&nbsp;&nbsp;Yle Liettua sulki Valko-Ven\u00e4j\u00e4n rajan \u2013 Vilnan&hellip;\n","protected":false},"author":2,"featured_media":68816,"comment_status":"","ping_status":"","sticky":false,"template":"","format":"standard","meta":{"footnotes":""},"categories":[14],"tags":[35,22,23,2110,26,27,33,31,30,17,24,25,2910,121,28,29,15,18,21,637,32,538,19,20,56,16,59,60,61],"class_list":{"0":"post-71326","1":"post","2":"type-post","3":"status-publish","4":"format-standard","5":"has-post-thumbnail","7":"category-ulkomaat","8":"tag-24h","9":"tag-breaking-news","10":"tag-breakingnews","11":"tag-elamantapa-ja-vapaa-aika","12":"tag-featured-news","13":"tag-featurednews","14":"tag-fi","15":"tag-finland","16":"tag-finnish","17":"tag-headlines","18":"tag-latest-news","19":"tag-latestnews","20":"tag-lentoliikenne-ilmaliikenne","21":"tag-liikenne-ja-kuljetus","22":"tag-main-news","23":"tag-mainnews","24":"tag-news","25":"tag-otsikot","26":"tag-paauutiset","27":"tag-politiikka","28":"tag-suomi","29":"tag-tiede-ja-tekniikka","30":"tag-top-stories","31":"tag-topstories","32":"tag-ulkomaat","33":"tag-uutiset","34":"tag-world","35":"tag-world-news","36":"tag-worldnews"},"share_on_mastodon":{"url":"https:\/\/pubeurope.com\/@fi\/115430739455556817","error":""},"_links":{"self":[{"href":"https:\/\/www.europesays.com\/fi\/wp-json\/wp\/v2\/posts\/71326","targetHints":{"allow":["GET"]}}],"collection":[{"href":"https:\/\/www.europesays.com\/fi\/wp-json\/wp\/v2\/posts"}],"about":[{"href":"https:\/\/www.europesays.com\/fi\/wp-json\/wp\/v2\/types\/post"}],"author":[{"embeddable":true,"href":"https:\/\/www.europesays.com\/fi\/wp-json\/wp\/v2\/users\/2"}],"replies":[{"embeddable":true,"href":"https:\/\/www.europesays.com\/fi\/wp-json\/wp\/v2\/comments?post=71326"}],"version-history":[{"count":0,"href":"https:\/\/www.europesays.com\/fi\/wp-json\/wp\/v2\/posts\/71326\/revisions"}],"wp:featuredmedia":[{"embeddable":true,"href":"https:\/\/www.europesays.com\/fi\/wp-json\/wp\/v2\/media\/68816"}],"wp:attachment":[{"href":"https:\/\/www.europesays.com\/fi\/wp-json\/wp\/v2\/media?parent=71326"}],"wp:term":[{"taxonomy":"category","embeddable":true,"href":"https:\/\/www.europesays.com\/fi\/wp-json\/wp\/v2\/categories?post=71326"},{"taxonomy":"post_tag","embeddable":true,"href":"https:\/\/www.europesays.com\/fi\/wp-json\/wp\/v2\/tags?post=71326"}],"curies":[{"name":"wp","href":"https:\/\/api.w.org\/{rel}","templated":true}]}}