{"id":71331,"date":"2025-10-24T19:27:07","date_gmt":"2025-10-24T19:27:07","guid":{"rendered":"https:\/\/www.europesays.com\/fi\/71331\/"},"modified":"2025-10-24T19:27:07","modified_gmt":"2025-10-24T19:27:07","slug":"supermalli-cindy-crawford-ei-ikaanny-lainkaan","status":"publish","type":"post","link":"https:\/\/www.europesays.com\/fi\/71331\/","title":{"rendered":"Supermalli Cindy Crawford \u2013 ei ik\u00e4\u00e4nny lainkaan?"},"content":{"rendered":"<p>\n            Cindy Crawford<br \/>\n            Kristina Bumphrey\/Shutterstock\/All Over Press\n        <\/p>\n<p class=\"subtitle \">Cindysta tuli kansainv\u00e4linen supert\u00e4hti jo 1980-luvulla.<\/p>\n<p class=\"article-content article-content-width !bg-background\">Supermalli , 59, ei n\u00e4yt\u00e4 ik\u00e4\u00e4ntyneen juuri lainkaan.<\/p>\n<p>        <a itemprop=\"url\" href=\"https:\/\/www.seiska.fi\/ulkomaat\/heidi-klum-julkaisi-intiimin-videon-rinnoistaan\/1963044\" rel=\"nofollow noopener\" target=\"_blank\"><\/p>\n<p>\nHeidi Klum\n<\/p>\n<p class=\"section-date\">\n        <strong class=\"article-section\" data-section=\"ulkomaat\"><br \/>\n            ulkomaat<br \/>\n        <\/strong><br \/>\n        16.10. 20:00\n    <\/p>\n<p>Heidi Klum julkaisi intiimin videon rinnoistaan\n    <\/p>\n<p itemprop=\"description\" class=\"subtitle \">\n    T\u00e4m\u00e4 video olisi j\u00e4\u00e4nyt monelta supermallikollegalta julkaisematta.\n<\/p>\n<p>        <\/a><\/p>\n<p class=\"font-weight-bold m-font-weight-bold article-content article-content-width !bg-background\">Katso arkistovideo \u2013 Pariisin muotiviikkojen s\u00e4v\u00e4ytt\u00e4v\u00e4t asut:<\/p>\n<p>Paljastaa nuorekkuutensa salaisuuden<\/p>\n<p class=\"article-content article-content-width !bg-background\">Cindy esittelee ajattoman kauneutensa poseeratessaan C Magazinen 20-vuotisjuhlanumeron kannessa.\u00a0<\/p>\n<p class=\"article-content article-content-width !bg-background\">Supermalli h\u00e4ik\u00e4isi kuvauksissa yll\u00e4\u00e4n muun muassa kultainen, r\u00f6yhel\u00f6inen Valentinon mekko. Instagramissa jakamansa kuvakimaran ensimm\u00e4isess\u00e4 otoksessa h\u00e4n poseeraa lihaksikkaiden miesmallien olkap\u00e4ill\u00e4.<\/p>\n<p>        <a itemprop=\"url\" href=\"https:\/\/www.seiska.fi\/ulkomaat\/muistatko-malleja-tylyttaneen-janice-dickinsonin-tuore-kuva-hatkahdyttaa\/1952376\" rel=\"nofollow noopener\" target=\"_blank\"><\/p>\n<p>\nEx-huippumalli\n<\/p>\n<p class=\"section-date\">\n        <strong class=\"article-section\" data-section=\"ulkomaat\"><br \/>\n            ulkomaat<br \/>\n        <\/strong><br \/>\n        7.10. 06:30\n    <\/p>\n<p>Muistatko malleja tylytt\u00e4neen Janice Dickinsonin? Tuore kuva h\u00e4tk\u00e4hdytt\u00e4\u00e4\n    <\/p>\n<p itemprop=\"description\" class=\"subtitle \">\n    Janice muistetaan muun muassa inhostaan pluskokoisia malleja kohtaan.\n<\/p>\n<p>        <\/a><\/p>\n<p class=\"article-content article-content-width !bg-background\">60-vuotissyntym\u00e4p\u00e4iv\u00e4ns\u00e4 h\u00e4\u00e4m\u00f6tt\u00e4ess\u00e4 Cindy kertoo keskittyv\u00e4ns\u00e4 entist\u00e4 enemm\u00e4n terveyteen ja hyvinvointiin. H\u00e4n on my\u00f6nt\u00e4nyt kokeilleensa my\u00f6s trendikk\u00e4it\u00e4 kauneushoitoja, kuten vampyyrihoitoa \u2013 hehke\u00e4n olemuksensa salaisuuden h\u00e4n uskoo silti piilev\u00e4n perusasioissa.<\/p>\n<p class=\"article-content article-content-width !bg-background\">\u2013Oikeasti toimivat perusasiat \u2013 pysy poissa auringosta, sy\u00f6 suurimmaksi osaksi terveellisesti, nuku tarpeeksi.<\/p>\n<p>P\u00e4\u00e4t\u00e4huimaavat palkkiot<\/p>\n<p class=\"article-content article-content-width !bg-background\">1980-luvulla syntyi k\u00e4site supermalli sellaisena kuin sen nykyisin tunnemme. Mallit eiv\u00e4t en\u00e4\u00e4 olleet pelkki\u00e4 vaatteiden esittelij\u00f6it\u00e4, vaan nimi\u00e4, jotka tunnettiin ymp\u00e4ri maailmaa yht\u00e4 lailla kuin elokuvat\u00e4hdet ja muusikot.<\/p>\n<p>        <a itemprop=\"url\" href=\"https:\/\/www.seiska.fi\/ulkomaat\/kate-moss-herattaa-huolta-poistui-paihtyneena-pippaloista\/1952379\" rel=\"nofollow noopener\" target=\"_blank\"><\/p>\n<p>\nKate Moss her\u00e4tt\u00e4\u00e4 huolta\n<\/p>\n<p class=\"section-date\">\n        <strong class=\"article-section\" data-section=\"ulkomaat\"><br \/>\n            ulkomaat<br \/>\n        <\/strong><br \/>\n        7.10. 07:30\n    <\/p>\n<p>Kate Moss her\u00e4tt\u00e4\u00e4 huolta \u2013 poistui p\u00e4ihtyneen\u00e4 pippaloista\n    <\/p>\n<p itemprop=\"description\" class=\"subtitle \">\n    Kate Moss kuvattiin huonolla tuulella Pariisissa \u2013 v\u00e4synytt\u00e4 ja humalaista supermallia talutettiin yst\u00e4v\u00e4n voimin illanvieton aikana\n<\/p>\n<p>        <\/a><\/p>\n<p class=\"article-content article-content-width !bg-background\">Cindy kuuluu alkuper\u00e4iseen The Big Five -supermallien eliittiin\u00a0,\u00a0,\u00a0\u00a0ja\u00a0\u00a0kanssa.\u00a0<\/p>\n<p class=\"article-content article-content-width !bg-background\">Linda kiteytti aikakauden kuuluisalla tokaisullaan:<\/p>\n<p class=\"article-content article-content-width !bg-background\">\u2013\u00a0Emme edes nouse s\u00e4ngyst\u00e4 alle 10 000 dollarin palkkiolla.<\/p>\n","protected":false},"excerpt":{"rendered":"Cindy Crawford Kristina Bumphrey\/Shutterstock\/All Over Press Cindysta tuli kansainv\u00e4linen supert\u00e4hti jo 1980-luvulla. Supermalli , 59, ei n\u00e4yt\u00e4 ik\u00e4\u00e4ntyneen&hellip;\n","protected":false},"author":2,"featured_media":71332,"comment_status":"","ping_status":"","sticky":false,"template":"","format":"standard","meta":{"footnotes":""},"categories":[136],"tags":[407,15659,137,33,31,30,408,2682,106,32,496,15660,2677,109],"class_list":{"0":"post-71331","1":"post","2":"type-post","3":"status-publish","4":"format-standard","5":"has-post-thumbnail","7":"category-julkkikset","8":"tag-celebrities","9":"tag-cindy-crawford","10":"tag-entertainment","11":"tag-fi","12":"tag-finland","13":"tag-finnish","14":"tag-julkkikset","15":"tag-kauneus","16":"tag-muoti","17":"tag-suomi","18":"tag-supermalli","19":"tag-the-big-five","20":"tag-tyyli","21":"tag-viihde"},"share_on_mastodon":{"url":"https:\/\/pubeurope.com\/@fi\/115430794403721418","error":""},"_links":{"self":[{"href":"https:\/\/www.europesays.com\/fi\/wp-json\/wp\/v2\/posts\/71331","targetHints":{"allow":["GET"]}}],"collection":[{"href":"https:\/\/www.europesays.com\/fi\/wp-json\/wp\/v2\/posts"}],"about":[{"href":"https:\/\/www.europesays.com\/fi\/wp-json\/wp\/v2\/types\/post"}],"author":[{"embeddable":true,"href":"https:\/\/www.europesays.com\/fi\/wp-json\/wp\/v2\/users\/2"}],"replies":[{"embeddable":true,"href":"https:\/\/www.europesays.com\/fi\/wp-json\/wp\/v2\/comments?post=71331"}],"version-history":[{"count":0,"href":"https:\/\/www.europesays.com\/fi\/wp-json\/wp\/v2\/posts\/71331\/revisions"}],"wp:featuredmedia":[{"embeddable":true,"href":"https:\/\/www.europesays.com\/fi\/wp-json\/wp\/v2\/media\/71332"}],"wp:attachment":[{"href":"https:\/\/www.europesays.com\/fi\/wp-json\/wp\/v2\/media?parent=71331"}],"wp:term":[{"taxonomy":"category","embeddable":true,"href":"https:\/\/www.europesays.com\/fi\/wp-json\/wp\/v2\/categories?post=71331"},{"taxonomy":"post_tag","embeddable":true,"href":"https:\/\/www.europesays.com\/fi\/wp-json\/wp\/v2\/tags?post=71331"}],"curies":[{"name":"wp","href":"https:\/\/api.w.org\/{rel}","templated":true}]}}