{"id":71333,"date":"2025-10-24T19:30:15","date_gmt":"2025-10-24T19:30:15","guid":{"rendered":"https:\/\/www.europesays.com\/fi\/71333\/"},"modified":"2025-10-24T19:30:15","modified_gmt":"2025-10-24T19:30:15","slug":"lauri-haav-tiesitko-nama-5-faktaa-vain-elamaa-hurmurista","status":"publish","type":"post","link":"https:\/\/www.europesays.com\/fi\/71333\/","title":{"rendered":"Lauri Haav: Tiesitk\u00f6 n\u00e4m\u00e4 5 faktaa Vain el\u00e4m\u00e4\u00e4 -hurmurista?"},"content":{"rendered":"<p class=\"ingress\">Lauri Haav on noussut kotimaisen musiikin k\u00e4rkikastiin.<\/p>\n<p>Jyv\u00e4skyl\u00e4l\u00e4isl\u00e4ht\u00f6inen<strong> Lauri Haav<\/strong>, 27, on ampaissut suuren yleis\u00f6n tietoisuuteen viimeist\u00e4\u00e4n uuden Vain el\u00e4m\u00e4\u00e4 -kauden takia. Lauri on her\u00e4tt\u00e4nyt sarjan katsojissa ihastusta, ja moni on ollut yll\u00e4ttynyt miehen avoimuudesta. H\u00e4n on kertonut sarjassa muun muassa omasta romahduksestaan ja \u00e4itins\u00e4 kuolemasta.<\/p>\n<p>Milloin Laurin ura oikein alkoi? <\/p>\n<p>Taustalla nimekk\u00e4it\u00e4 artisteja<\/p>\n<p>Lauri Haav julkaisi ensimm\u00e4isen EP:ns\u00e4 vuonna 2019, ja siit\u00e4 l\u00e4htien tahti on ollut nousujohteinen. Erityisesti vuonna 2023 ilmestynyt Aino-albumi r\u00e4j\u00e4ytti pankin. Levy toi Laurille uusia yleis\u00f6j\u00e4 ja kiertueita ymp\u00e4ri Suomen.<\/p>\n<p>Lauri Haav ei ole kulkenut musiikkipolkuaan yksin, vaan h\u00e4nen vierell\u00e4\u00e4n ovat olleet Suomen suurimmat nimet. H\u00e4n on tehnyt musiikkia muun muassa<strong> JVG:n<\/strong>, <strong>Gettomasan<\/strong>, <strong>Paperi T:n<\/strong>, <strong>Pyk\u00e4rin<\/strong> ja <strong>Costin<\/strong> kanssa.<\/p>\n<p>Vuosi 2025 on ollut my\u00f6s aktiivinen. Lauri on julkaissut singlet Toisessa el\u00e4m\u00e4ss\u00e4 sek\u00e4 Aja tai kuole yhdess\u00e4<strong> Mirellan<\/strong> kanssa.<\/p>\n<p><strong>Lue my\u00f6s:<\/strong> <a href=\"https:\/\/anna.fi\/ihmiset\/mirella\" target=\"_blank\" rel=\"noreferrer noopener nofollow\">Mirella oli Emma-gaalan ylivoimainen voittaja \u2013 tiesitk\u00f6 n\u00e4m\u00e4 5 asiaa h\u00e4nest\u00e4?<\/a><\/p>\n<p>Idyllinen perhe, mutta is\u00e4suhde hankala<\/p>\n<p>Lauri Haav ponnistaa Keski-Suomesta, tarkemmin sanottuna Jyv\u00e4skyl\u00e4st\u00e4 Nen\u00e4inniemest\u00e4, joka on osa Kuokkalaa. Laurin perheeseen kuului fysioterapeuttina ty\u00f6skennellyt \u00e4iti, opettajais\u00e4 sek\u00e4 nelj\u00e4 vanhempaa sisarusta, kaksi isosiskoa ja kaksi isovelje\u00e4. Lauri on sisarussarjan kuopus.<\/p>\n<p>Lauri sanoo <a href=\"https:\/\/yle.fi\/aihe\/a\/20-301261\" target=\"_blank\" rel=\"noreferrer noopener nofollow\">Ylen haastattelussa<\/a> olleensa pienen\u00e4 herkk\u00e4, utelias ja vilkas \u201c\u00e4itin poika\u201d. Is\u00e4st\u00e4 artistin on sen sijaan vaikea puhua. Lauri kertoo kokeneensa nuorempana, ett\u00e4 heid\u00e4n perheens\u00e4 oli hyvin idyllinen ja hieno. Aikuisena h\u00e4n on kuitenkin kohdannut el\u00e4m\u00e4n realiteetit ja ymm\u00e4rt\u00e4nyt, ettei maailma olekaan niin hyv\u00e4 paikka kuin h\u00e4n oli kuvitellut. H\u00e4n on huomannut, ett\u00e4 jopa ihmiset, joista ei olisi koskaan uskonut, voivat toimia yll\u00e4tt\u00e4vill\u00e4 ja pettymyksi\u00e4 tuottavilla tavoilla. T\u00e4m\u00e4 on j\u00e4tt\u00e4nyt h\u00e4neen j\u00e4ljen ja synnytt\u00e4nyt luottamusongelmia.<\/p>\n<p>Lauri on laulanut ja r\u00e4p\u00e4nnyt vaikeasta suhteesta is\u00e4\u00e4ns\u00e4. Miss\u00e4 oot nyt -kappaleella h\u00e4n laulaa kuinka toivoi is\u00e4ns\u00e4 edes soittavan tai kysyv\u00e4n kuulumisia. N\u00e4in ei kuitenkaan tapahtunut. Kappaleessa h\u00e4n my\u00f6s laulaa, ettei pysty puhumaan kipeist\u00e4 tunteistaan is\u00e4lleen.<\/p>\n<p>Hyvinvointi menee n\u00e4kyvyyden edelle<\/p>\n<p>Viime vuonna lauri Haav poisti kaikki sosiaalisen median sovellukset. <a href=\"https:\/\/www.klangi.fi\/uutiset\/lauri-haav-katosi-toisessa-elamassa\/\" target=\"_blank\" rel=\"noreferrer noopener nofollow\">Klangin haastattelussa<\/a> artisti kertoo syyksi, ett\u00e4 irtautuminen sosiaalisesta mediasta mahdollisti keskittymisen omaan terveyteen ja hyvinvointiin, joita h\u00e4n on laiminly\u00f6nyt viime vuosina keikkakiireiss\u00e4.<\/p>\n<p>Lauri on aina toivonut voivansa olla somessa silloin, kun itse haluaa, ja ett\u00e4 l\u00e4sn\u00e4olo siell\u00e4 perustuisi aitouteen, ei pelkoon tulla unohdetuksi.<\/p>\n<p>Nyky\u00e4\u00e4n artisti pyrkii pit\u00e4m\u00e4\u00e4n arjen mahdollisimman yksinkertaisena, koska on huomannut jaksavansa hoitaa vain muutaman asian p\u00e4iv\u00e4ss\u00e4 sek\u00e4 kest\u00e4v\u00e4ns\u00e4 vain rajallisen m\u00e4\u00e4r\u00e4n sosiaalisia tilanteita. Lauri lis\u00e4\u00e4, ettei muuten pysty keskittym\u00e4\u00e4n eik\u00e4 jaksaisi keskustella ihmisten kanssa loputtomiin.<\/p>\n<p>Huomio hivelee, kunhan se ei mene yli<\/p>\n<p><a href=\"https:\/\/www.is.fi\/viihde\/art-2000010236247.html\" target=\"_blank\" rel=\"noreferrer noopener nofollow\">Ilta-Sanomien<\/a> mukaan Lauri on saanut paljon huomiota, ja sosiaalisessa mediassa on usein pohdittu h\u00e4nen parisuhdestatustaan. Yksityisviestej\u00e4 artistille tulee tasaiseen tahtiin, ja moni niist\u00e4 on treffipyynt\u00f6. Lauri my\u00f6nt\u00e4\u00e4 vastanneensa joihinkin viesteihin.<\/p>\n<p>Lauri suhtautuu saamaansa huomioon rennosti ja kertoo sen tuntuneen ihan hyv\u00e4lt\u00e4. V\u00e4lill\u00e4 fanien reaktiot ovat olleet perinteisen n\u00e4ytt\u00e4vi\u00e4, lavallekin on lenn\u00e4ht\u00e4nyt rintaliivej\u00e4. H\u00e4n kuitenkin tiedostaa, ett\u00e4 liiallinen huomion pohtiminen voisi helposti sotkea omat ajatukset.<\/p>\n<p>Fanikohtaamiset eiv\u00e4t aina ole pelk\u00e4st\u00e4\u00e4n helppoja. Esimerkiksi y\u00f6kerhokeikoilla joku saattaa humalassa tulla liian l\u00e4helle ja ylitt\u00e4\u00e4 henkil\u00f6kohtaiset rajat. Laurin mukaan joillekin saattaa synty\u00e4 ajatus, ett\u00e4 artisti on kuin sirkushahmo, jonka voi vain vet\u00e4\u00e4 v\u00e4kisin yhteiskuvaan. H\u00e4n ei kuitenkaan usko, ett\u00e4 t\u00e4llainen k\u00e4yt\u00f6s olisi tahallista. Useimmiten kyse on siit\u00e4, ettei tilannetta osata tulkita oikein.<\/p>\n<p><strong>Lue my\u00f6s Kotiliesi.fi:<\/strong> <a href=\"https:\/\/kotiliesi.fi\/ihmiset\/kulttuuri\/suosituimmat-kotimaiset-karaokebiisit\/\" target=\"_blank\" rel=\"noreferrer noopener nofollow\">N\u00e4m\u00e4 ovat suosituimmat kotimaiset karaokebiisit \u2013 \u201dLauletaan joka ilta v\u00e4hint\u00e4\u00e4n 4 kertaa\u201d<\/a><\/p>\n<p>Lauri Haav ei piilota tunteitaan<\/p>\n<p>Syyskuussa <a href=\"https:\/\/www.hs.fi\/kulttuuri\/art-2000011508349.html\" rel=\"nofollow noopener\" target=\"_blank\">Helsingin Sanomat <\/a>kertoi, ett\u00e4 Lauri teki Vain el\u00e4m\u00e4\u00e4 -historiaa, kun h\u00e4nen kappaleensa Rakkauden haudalla nousi Suomen kuunnelluimmaksi Spotifyssa. Edellinen Vain el\u00e4m\u00e4\u00e4 -listaykk\u00f6nen oli viiden vuoden takaa.<\/p>\n<p>Uudella tuotantokaudella artisti tuo my\u00f6s herkkyytens\u00e4 koko kansan olohuoneisiin. Rakkaus tulee useaan otteeseen ilmi, mutta monista eri n\u00e4k\u00f6kulmista. <\/p>\n<p>Ohjelmassa Lauri on avannut my\u00f6s kokemiaan vaikeita asioita. Vuonna 2023 h\u00e4nen \u00e4itins\u00e4 kuoli, ja samana vuonna p\u00e4\u00e4ttyi my\u00f6s h\u00e4nen parisuhteensa.<\/p>\n<p>Vain muutama p\u00e4iv\u00e4 \u00e4idin kuoleman j\u00e4lkeen Lauri nousi lavalle esiintym\u00e4\u00e4n. H\u00e4n tiesi, ett\u00e4 olisi voinut kielt\u00e4yty\u00e4, mutta ei pystynyt siihen siin\u00e4 hetkess\u00e4. H\u00e4n piti kaiken sis\u00e4ll\u00e4\u00e4n ja meni p\u00e4\u00e4 edell\u00e4 keikoille.<\/p>\n<p>L\u00e4hteen\u00e4 k\u00e4ytetty my\u00f6s: <a href=\"https:\/\/fullsteam.fi\/fi\/artists\/detail\/lauri-haav\/\" target=\"_blank\" rel=\"noreferrer noopener nofollow\">Fullsteam.fi<\/a><\/p>\n<p>    Sinua voi kiinnostaa my\u00f6s:<\/p>\n<ol class=\"read-also__list\">\n<li>\n<p>            <img loading=\"lazy\" decoding=\"async\" class=\"card__image awpo-lqip awpo-lazy\" width=\"2520\" height=\"1600\" src=\"https:\/\/www.europesays.com\/fi\/wp-content\/uploads\/2025\/10\/1761334213_867_nayttelijat-kollaasit.jpg\"\/>                <a href=\"https:\/\/anna.fi\/kategoria\/ihmiset\/viihde\" class=\"card__vignette\" rel=\"nofollow noopener\" target=\"_blank\"><br \/>\n            Viihde          <\/a><\/p>\n<p>      <a href=\"https:\/\/anna.fi\/ihmiset\/viihde\/nama-suomalaisnayttelijat-loistavat-ulkomailla\" class=\"card__link-overlay\" rel=\"nofollow noopener\" target=\"_blank\">N\u00e4m\u00e4 suomalaisn\u00e4yttelij\u00e4t loistavat ulkomailla \u2013 nyky\u00e4\u00e4n listalla my\u00f6s alle nelikymppisi\u00e4 t\u00e4hti\u00e4<\/a><\/p>\n<\/li>\n<li>\n<p>            <img loading=\"lazy\" decoding=\"async\" class=\"card__image awpo-lqip awpo-lazy\" width=\"1260\" height=\"800\" src=\"https:\/\/www.europesays.com\/fi\/wp-content\/uploads\/2025\/10\/paleface1260.jpg\"\/>                <a href=\"https:\/\/anna.fi\/kategoria\/ihmiset\" class=\"card__vignette\" rel=\"nofollow noopener\" target=\"_blank\"><br \/>\n            Ihmiset          <\/a><\/p>\n<p>      <a href=\"https:\/\/anna.fi\/ihmiset\/perhearkea-elava-rap-artisti-paleface-olen-siita-harvinainen-rappari-etta-en-tuhlaa-vaatteisiin-kelloihin-tai-autoihin\" class=\"card__link-overlay\" rel=\"nofollow noopener\" target=\"_blank\">Perhearkea el\u00e4v\u00e4 rap-artisti Paleface: \u201cOlen siit\u00e4 harvinainen r\u00e4pp\u00e4ri, ett\u00e4 en tuhlaa vaatteisiin, kelloihin tai autoihin\u201d<\/a><\/p>\n<\/li>\n<li>\n<p>            <img loading=\"lazy\" decoding=\"async\" class=\"card__image awpo-lqip awpo-lazy\" width=\"2000\" height=\"1270\" src=\"https:\/\/www.europesays.com\/fi\/wp-content\/uploads\/2025\/10\/1761334215_701_dsc6986_0001.jpg\"\/>                <a href=\"https:\/\/anna.fi\/kategoria\/ihmiset\" class=\"card__vignette\" rel=\"nofollow noopener\" target=\"_blank\"><br \/>\n            Ihmiset          <\/a><\/p>\n<p>      <a href=\"https:\/\/anna.fi\/ihmiset\/robin-packalenin-lapsuus\" class=\"card__link-overlay\" rel=\"nofollow noopener\" target=\"_blank\">Laulaminen ei ole Robin Packalenin ainoa intohimo \u2013 s\u00f6p\u00f6 lapsuuskuva paljastaa, mik\u00e4 saa h\u00e4nen silm\u00e4ns\u00e4 s\u00e4ihkym\u00e4\u00e4n<\/a><\/p>\n<\/li>\n<\/ol>\n","protected":false},"excerpt":{"rendered":"Lauri Haav on noussut kotimaisen musiikin k\u00e4rkikastiin. Jyv\u00e4skyl\u00e4l\u00e4isl\u00e4ht\u00f6inen Lauri Haav, 27, on ampaissut suuren yleis\u00f6n tietoisuuteen viimeist\u00e4\u00e4n uuden&hellip;\n","protected":false},"author":2,"featured_media":71334,"comment_status":"","ping_status":"","sticky":false,"template":"","format":"standard","meta":{"footnotes":""},"categories":[133],"tags":[137,33,31,30,5843,2311,15661,32,206,156,4914,109],"class_list":{"0":"post-71333","1":"post","2":"type-post","3":"status-publish","4":"format-standard","5":"has-post-thumbnail","7":"category-televisiot","8":"tag-entertainment","9":"tag-fi","10":"tag-finland","11":"tag-finnish","12":"tag-muusikot","13":"tag-suomalaiset-laulajat","14":"tag-suomalaiset-muusikot","15":"tag-suomi","16":"tag-televisiot","17":"tag-tv","18":"tag-vain-elamaa","19":"tag-viihde"},"share_on_mastodon":{"url":"https:\/\/pubeurope.com\/@fi\/115430806307038659","error":""},"_links":{"self":[{"href":"https:\/\/www.europesays.com\/fi\/wp-json\/wp\/v2\/posts\/71333","targetHints":{"allow":["GET"]}}],"collection":[{"href":"https:\/\/www.europesays.com\/fi\/wp-json\/wp\/v2\/posts"}],"about":[{"href":"https:\/\/www.europesays.com\/fi\/wp-json\/wp\/v2\/types\/post"}],"author":[{"embeddable":true,"href":"https:\/\/www.europesays.com\/fi\/wp-json\/wp\/v2\/users\/2"}],"replies":[{"embeddable":true,"href":"https:\/\/www.europesays.com\/fi\/wp-json\/wp\/v2\/comments?post=71333"}],"version-history":[{"count":0,"href":"https:\/\/www.europesays.com\/fi\/wp-json\/wp\/v2\/posts\/71333\/revisions"}],"wp:featuredmedia":[{"embeddable":true,"href":"https:\/\/www.europesays.com\/fi\/wp-json\/wp\/v2\/media\/71334"}],"wp:attachment":[{"href":"https:\/\/www.europesays.com\/fi\/wp-json\/wp\/v2\/media?parent=71333"}],"wp:term":[{"taxonomy":"category","embeddable":true,"href":"https:\/\/www.europesays.com\/fi\/wp-json\/wp\/v2\/categories?post=71333"},{"taxonomy":"post_tag","embeddable":true,"href":"https:\/\/www.europesays.com\/fi\/wp-json\/wp\/v2\/tags?post=71333"}],"curies":[{"name":"wp","href":"https:\/\/api.w.org\/{rel}","templated":true}]}}