{"id":71347,"date":"2025-10-24T19:53:08","date_gmt":"2025-10-24T19:53:08","guid":{"rendered":"https:\/\/www.europesays.com\/fi\/71347\/"},"modified":"2025-10-24T19:53:08","modified_gmt":"2025-10-24T19:53:08","slug":"hollywood-tahtien-pikkuhousut-vilahtivat-punaisella-matolla","status":"publish","type":"post","link":"https:\/\/www.europesays.com\/fi\/71347\/","title":{"rendered":"Hollywood-t\u00e4htien pikkuhousut vilahtivat punaisella matolla"},"content":{"rendered":"<p>N\u00e4yttelij\u00e4t yll\u00e4ttiv\u00e4t asuillaan punaisella matolla torstaina Lontoossa.<\/p>\n<p><img decoding=\"async\" class=\"image image-show image-preview\" src=\"https:\/\/www.europesays.com\/fi\/wp-content\/uploads\/2025\/10\/51934adf07b3ead3c4592af39ae84ec3dbc6856f67bba7f594fb350ac65d085c.jpg\" alt=\"\"\/><img decoding=\"async\" class=\"image image-show\" src=\"https:\/\/www.europesays.com\/fi\/wp-content\/uploads\/2025\/10\/1761335588_158_51934adf07b3ead3c4592af39ae84ec3dbc6856f67bba7f594fb350ac65d085c.jpg\" alt=\"\"\/><\/p>\n<p>The Witcher -hittisarjan uuden kauden ensi-ilta toi punaiselle matolle n\u00e4yttelij\u00f6it\u00e4. Kuvassa vasemmalta oikealle: Freya Allan, Liam Hemsworth ja Anya Chalotra AOP<\/p>\n<p class=\"paragraph\">The Witcher -hittisarjan nelj\u00e4nnen tuotantokauden ensi-ilta j\u00e4rjestettiin torstaina Lontoossa. Paikalla oli muun muassa sarjan n\u00e4yttelij\u00f6it\u00e4.<\/p>\n<p class=\"paragraph\">Tilaisuuden punaisella matolla n\u00e4htiin toinen toistaan upeampia asuluomuksia, mutta my\u00f6s poikkeuksellisia pukuja l\u00f6ytyi. Ainakin kahden n\u00e4yttelij\u00e4n asut paljastivat t\u00e4htien alusvaatteet.<\/p>\n<p class=\"paragraph\">Toinen heist\u00e4 on n\u00e4yttelij\u00e4 <strong>Joelle Rae<\/strong>, jolla oli yll\u00e4\u00e4n korsettimainen mekko, jossa oli pitk\u00e4 laahus. Mekon lyhyt etuosa paljasti h\u00e4nen nude-v\u00e4riset alushousunsa. N\u00e4yttelij\u00e4 viimeisteli asukokonaisuutensa ruskeilla korkokengill\u00e4 ja hopeisilla koruilla.<\/p>\n<p>Joelle Raen asu paljasti h\u00e4nen alushousunsa. AOP<\/p>\n<p>Joelle Raen mekossa oli glitterim\u00e4isi\u00e4 yksityiskohtia. AOP<\/p>\n<p class=\"paragraph\">N\u00e4yttelij\u00e4 <strong>Cassie Clare<\/strong> puolestaan saapui tilaisuuteen mustassa, pitk\u00e4ll\u00e4 halkiolla varustetussa iltamekossa. Kameroiden edess\u00e4 Clare kuitenkin heilautti mekkoaan niin, ett\u00e4 h\u00e4nen tummat alushousunsa vilahtivat.<\/p>\n<p>Cassie Clare yll\u00e4tti tilaisuudessa heilauttamalla mekkoaan niin, ett\u00e4 h\u00e4nen alushousunsa n\u00e4kyiv\u00e4t. AOP<\/p>\n<p>Claren asuun kuului my\u00f6s vihre\u00e4t korkokeng\u00e4t. AOP<\/p>\n<p>The Witcher -sarjan punaisella matolla  AOP<\/p>\n<p class=\"paragraph\">Itse sarjan uusi p\u00e4\u00e4t\u00e4hti <strong>Liam Hemsworth<\/strong> saapui tilaisuuteen kihlattunsa <strong>Gabriella Brooksin<\/strong> kanssa. <a href=\"https:\/\/www.dailymail.co.uk\/tvshowbiz\/article-15221599\/Liam-Hemsworth-Gabrielle-Brook-lead-glamour-attend-Witcher-Premiere.html\" target=\"_blank\" rel=\"noopener nofollow\">Daily Mail<\/a>&#8211; ja <a href=\"https:\/\/www.eonline.com\/news\/1424222\/liam-hemsworth-gabriella-brooks-red-carpet-photo-after-engagement\" target=\"_blank\" rel=\"noopener nofollow\">E! News<\/a> -uutissivustojen mukaan Hemsworth oli pukeutunut laivastonsiniseen pukuun. Brooks puolestaan edusti mustassa iltamekossa, jossa oli syv\u00e4 kaula-aukko.<\/p>\n<p class=\"paragraph\">Daily Mailin mukaan pari julkisti kihlauksensa noin kuukausi sitten. Pari on seurustellut vuodesta 2019 l\u00e4htien, kun Hemsworth erosi artisti <strong>Miley Cyrusista<\/strong>.<\/p>\n<p>Liam Hemsworth ja Gabriella Brooks edustivat yhdess\u00e4 tilaisuudessa. AOP<\/p>\n","protected":false},"excerpt":{"rendered":"N\u00e4yttelij\u00e4t yll\u00e4ttiv\u00e4t asuillaan punaisella matolla torstaina Lontoossa. The Witcher -hittisarjan uuden kauden ensi-ilta toi punaiselle matolle n\u00e4yttelij\u00f6it\u00e4. Kuvassa&hellip;\n","protected":false},"author":2,"featured_media":71348,"comment_status":"","ping_status":"","sticky":false,"template":"","format":"standard","meta":{"footnotes":""},"categories":[136],"tags":[35,153,407,152,155,137,33,31,30,408,106,154,32,140,156,109],"class_list":{"0":"post-71347","1":"post","2":"type-post","3":"status-publish","4":"format-standard","5":"has-post-thumbnail","7":"category-julkkikset","8":"tag-24h","9":"tag-audiovisuaalinen-media","10":"tag-celebrities","11":"tag-elokuva-ja-tv-nayttelijat","12":"tag-elokuvat","13":"tag-entertainment","14":"tag-fi","15":"tag-finland","16":"tag-finnish","17":"tag-julkkikset","18":"tag-muoti","19":"tag-nayttelijat-teatteri","20":"tag-suomi","21":"tag-tv-ja-elokuvat","22":"tag-tv","23":"tag-viihde"},"share_on_mastodon":{"url":"https:\/\/pubeurope.com\/@fi\/115430896872205841","error":""},"_links":{"self":[{"href":"https:\/\/www.europesays.com\/fi\/wp-json\/wp\/v2\/posts\/71347","targetHints":{"allow":["GET"]}}],"collection":[{"href":"https:\/\/www.europesays.com\/fi\/wp-json\/wp\/v2\/posts"}],"about":[{"href":"https:\/\/www.europesays.com\/fi\/wp-json\/wp\/v2\/types\/post"}],"author":[{"embeddable":true,"href":"https:\/\/www.europesays.com\/fi\/wp-json\/wp\/v2\/users\/2"}],"replies":[{"embeddable":true,"href":"https:\/\/www.europesays.com\/fi\/wp-json\/wp\/v2\/comments?post=71347"}],"version-history":[{"count":0,"href":"https:\/\/www.europesays.com\/fi\/wp-json\/wp\/v2\/posts\/71347\/revisions"}],"wp:featuredmedia":[{"embeddable":true,"href":"https:\/\/www.europesays.com\/fi\/wp-json\/wp\/v2\/media\/71348"}],"wp:attachment":[{"href":"https:\/\/www.europesays.com\/fi\/wp-json\/wp\/v2\/media?parent=71347"}],"wp:term":[{"taxonomy":"category","embeddable":true,"href":"https:\/\/www.europesays.com\/fi\/wp-json\/wp\/v2\/categories?post=71347"},{"taxonomy":"post_tag","embeddable":true,"href":"https:\/\/www.europesays.com\/fi\/wp-json\/wp\/v2\/tags?post=71347"}],"curies":[{"name":"wp","href":"https:\/\/api.w.org\/{rel}","templated":true}]}}