{"id":71349,"date":"2025-10-24T19:54:07","date_gmt":"2025-10-24T19:54:07","guid":{"rendered":"https:\/\/www.europesays.com\/fi\/71349\/"},"modified":"2025-10-24T19:54:07","modified_gmt":"2025-10-24T19:54:07","slug":"video-nayttaa-miten-louvren-varkaat-pakenevat-nosturin-avulla","status":"publish","type":"post","link":"https:\/\/www.europesays.com\/fi\/71349\/","title":{"rendered":"Video n\u00e4ytt\u00e4\u00e4, miten Louvren varkaat pakenevat nosturin avulla"},"content":{"rendered":"<p>Louvren koruvarkaus|Toisella varkaista on yll\u00e4\u00e4n keltainen turvaliivi ja toisella moottoripy\u00f6r\u00e4\u00adkyp\u00e4r\u00e4.<\/p>\n<p class=\"article-body mb-nof-24 px-nof-16\">Kahden koruvarkaan hidastempoinen pako pariisilaisesta Louvren taidemuseosta on tallentunut videolle.<\/p>\n<p class=\"article-body mb-nof-24 px-nof-16\">Asiasta uutisoi ranskalaislehti <a class=\"article-genericlink\" href=\"https:\/\/www.leparisien.fr\/faits-divers\/cambriolage-au-louvre-ils-vont-quitter-ils-vont-quitter-les-images-des-braqueurs-qui-fuient-le-musee-23-10-2025-Z74DGPFOFBEMNIHTIQJ7IVQLOI.php\" rel=\"nofollow noopener\" target=\"_blank\">Le Parisien<\/a>, joka kertoo varmistaneensa videon aitouden.<\/p>\n<p class=\"article-body mb-nof-24 px-nof-16\">Videolla kaksi mustiin vaatteisiin pukeutunutta henkil\u00f6\u00e4 laskeutuu hitaasti alas museon ikkunasta liikkuvalla korilla. Kyseess\u00e4 on tikasauto, jossa on henkil\u00f6iden ja tavaroiden kuljettamiseen tarkoitettu kori. Toisella on yll\u00e4\u00e4n keltainen turvaliivi ja toisella moottoripy\u00f6r\u00e4\u00adkyp\u00e4r\u00e4.<\/p>\n<p class=\"article-body mb-nof-24 px-nof-16\">Videolla mies\u00e4\u00e4ni toteaa henkil\u00f6iden olevan paikalla skoottereilla. T\u00e4m\u00e4 \u00e4\u00e4ni kuuluu mahdollisesti museon vartijalle. T\u00e4m\u00e4n j\u00e4lkeen h\u00e4n toteaa \u201dhe ovat l\u00e4hd\u00f6ss\u00e4\u201d useamman kerran.<\/p>\n<p class=\"article-body mb-nof-24 px-nof-16\">\u201dHe l\u00e4htev\u00e4t\u201d, mies\u00e4\u00e4ni sanoo sen j\u00e4lkeen. Museon edustalla varkaat hypp\u00e4\u00e4v\u00e4t ilmeisesti kahden muun rikoskumppanin ohjaamien skoottereiden selk\u00e4\u00e4n ja poistuivat paikalta.<\/p>\n<p class=\"article-body mb-nof-24 px-nof-16\">Video on kuvattu museon ikkunasta, josta on n\u00e4kym\u00e4 Quai Fran\u00e7ois Mitterrand -rantakadulle.<\/p>\n<p class=\"article-body mb-nof-24 px-nof-16\">Louvren taidemuseossa Pariisissa <a class=\"article-genericlink\" href=\"https:\/\/www.hs.fi\/maailma\/art-2000011569481.html\" rel=\"nofollow noopener\" target=\"_blank\">tapahtui<\/a> merkitt\u00e4v\u00e4 koruvarkaus viime viikon sunnuntaina. Nelj\u00e4 ep\u00e4ilty\u00e4 ovat edelleen karkuteill\u00e4.<\/p>\n<p class=\"article-body mb-nof-24 px-nof-16\">Kahdeksan esinett\u00e4 p\u00e4\u00e4tyi varkaiden haltuun. Yhdeks\u00e4s varastettu esine putosi varkaiden matkasta ja l\u00f6ytyi museon l\u00e4hist\u00f6lt\u00e4.<\/p>\n<p class=\"article-body mb-nof-24 px-nof-16\">Ranskan presidentti <a class=\"article-personlink\" href=\"https:\/\/www.hs.fi\/haku\/?query=Emmanuel%20Macron\" rel=\"nofollow noopener\" target=\"_blank\">Emmanuel Macron<\/a> on luvannut, ett\u00e4 varkaat saadaan kiinni ja varastetut esineet takaisin.<\/p>\n","protected":false},"excerpt":{"rendered":"Louvren koruvarkaus|Toisella varkaista on yll\u00e4\u00e4n keltainen turvaliivi ja toisella moottoripy\u00f6r\u00e4\u00adkyp\u00e4r\u00e4. Kahden koruvarkaan hidastempoinen pako pariisilaisesta Louvren taidemuseosta on&hellip;\n","protected":false},"author":2,"featured_media":71350,"comment_status":"","ping_status":"","sticky":false,"template":"","format":"standard","meta":{"footnotes":""},"categories":[135],"tags":[389,387,388,390,137,33,31,30,46,32,394,393,391,392,109],"class_list":{"0":"post-71349","1":"post","2":"type-post","3":"status-publish","4":"format-standard","5":"has-post-thumbnail","7":"category-taiteet-ja-suunnittelu","8":"tag-arts","9":"tag-arts-and-design","10":"tag-artsanddesign","11":"tag-design","12":"tag-entertainment","13":"tag-fi","14":"tag-finland","15":"tag-finnish","16":"tag-helsingin-sanomat","17":"tag-suomi","18":"tag-suunnittelu","19":"tag-taiteet","20":"tag-taiteet-ja-suunnittelu","21":"tag-taiteetsuunnittelu","22":"tag-viihde"},"share_on_mastodon":{"url":"https:\/\/pubeurope.com\/@fi\/115430900540668597","error":""},"_links":{"self":[{"href":"https:\/\/www.europesays.com\/fi\/wp-json\/wp\/v2\/posts\/71349","targetHints":{"allow":["GET"]}}],"collection":[{"href":"https:\/\/www.europesays.com\/fi\/wp-json\/wp\/v2\/posts"}],"about":[{"href":"https:\/\/www.europesays.com\/fi\/wp-json\/wp\/v2\/types\/post"}],"author":[{"embeddable":true,"href":"https:\/\/www.europesays.com\/fi\/wp-json\/wp\/v2\/users\/2"}],"replies":[{"embeddable":true,"href":"https:\/\/www.europesays.com\/fi\/wp-json\/wp\/v2\/comments?post=71349"}],"version-history":[{"count":0,"href":"https:\/\/www.europesays.com\/fi\/wp-json\/wp\/v2\/posts\/71349\/revisions"}],"wp:featuredmedia":[{"embeddable":true,"href":"https:\/\/www.europesays.com\/fi\/wp-json\/wp\/v2\/media\/71350"}],"wp:attachment":[{"href":"https:\/\/www.europesays.com\/fi\/wp-json\/wp\/v2\/media?parent=71349"}],"wp:term":[{"taxonomy":"category","embeddable":true,"href":"https:\/\/www.europesays.com\/fi\/wp-json\/wp\/v2\/categories?post=71349"},{"taxonomy":"post_tag","embeddable":true,"href":"https:\/\/www.europesays.com\/fi\/wp-json\/wp\/v2\/tags?post=71349"}],"curies":[{"name":"wp","href":"https:\/\/api.w.org\/{rel}","templated":true}]}}