{"id":71351,"date":"2025-10-24T19:56:07","date_gmt":"2025-10-24T19:56:07","guid":{"rendered":"https:\/\/www.europesays.com\/fi\/71351\/"},"modified":"2025-10-24T19:56:07","modified_gmt":"2025-10-24T19:56:07","slug":"jimmy-fallon-aikoo-valttaa-politiikasta-puhumista-omassa-talk-showssaan-pidan-paani-alhaalla","status":"publish","type":"post","link":"https:\/\/www.europesays.com\/fi\/71351\/","title":{"rendered":"Jimmy Fallon aikoo v\u00e4ltt\u00e4\u00e4 politiikasta puhumista omassa talk show&#8217;ssaan: &#8221;Pid\u00e4n p\u00e4\u00e4ni alhaalla&#8221;"},"content":{"rendered":"<p><a href=\"https:\/\/variety.com\/2025\/tv\/news\/jimmy-fallon-avoid-politics-tonight-show-1236535575\/?fbclid=IwY2xjawNneg5leHRuA2FlbQIxMABicmlkETBzM1F1TUd1ZW9HREZoVUpiAR6FmOIAppGSS5E8edv3ri73Ta9Fdddv5gJydG8xY2YBPIjizSVgZ1bHPCtkeg_aem_zY1mf3MxOQYC485y7zOQvw\" rel=\"nofollow noopener\" target=\"_blank\">Variety<\/a> uutisoi, ett\u00e4 toisin kuin monet muut talk show -juontajat Yhdysvalloissa, <strong>Jimmy Fallon<\/strong> ei aio kritisoida <strong>Donald Trumpia<\/strong> tai k\u00e4sitell\u00e4 politiikkaa muutenkaan omassa ohjelmassaan.<\/p>\n<p>\u201dLy\u00f6mme molempia puolia tasaisesti ja yrit\u00e4mme saada kaikki nauramaan. Niin ohjelmamme toimii. Monologimme ovat olleet samanlaisia kuin <strong>Johnny Carson <\/strong>oli juontaja. Pid\u00e4n vain p\u00e4\u00e4ni alhaalla ja varmistan, ett\u00e4 vitsit ovat hauskoja\u201d, Fallon kommentoi.<\/p>\n<p>T\u00e4n\u00e4 vuonna Trumpin hallinto on pyrkinyt vaimentamaan h\u00e4nt\u00e4 kritisoivia toimittajia ja viihdehenkil\u00f6it\u00e4. Esimerkiksi <strong>Stephen Colbert <\/strong>joutui j\u00e4tt\u00e4m\u00e4\u00e4n television, ja samoin oli k\u00e4yd\u00e4 <strong>Jimmy Kimmelille<\/strong>.<\/p>\n<p>\u201dMinulla on loistavat kirjoittajat. Yrit\u00e4mme tehd\u00e4 parhaan mahdollisen ohjelman ja viihdytt\u00e4\u00e4 kaikkia\u201d, Fallon vakuutteli.<\/p>\n<p>Juontajaa kritisoitiin jo vuosia sitten, kun silloinen presidenttiehdokas Trump oli h\u00e4nen vieraanaan. Fallon v\u00e4isti vaikeat kysymykset, mutta p\u00f6yh\u00f6tti Trumpin hiuksia testatakseen, onko h\u00e4nell\u00e4 peruukki.<\/p>\n<p><a href=\"https:\/\/www.episodi.fi\/uutiset\/talk-show-juontaja-myontaa-koko-ajan-tulee-vieraita-jotka-haukuvat-omia-elokuviaan\/\" rel=\"nofollow noopener\" target=\"_blank\">Lue my\u00f6s: Talk show -juontaja my\u00f6nt\u00e4\u00e4: \u201dKoko ajan tulee vieraita jotka haukuvat omia elokuviaan\u201d<\/a><\/p>\n<p>Lue my\u00f6s: <a href=\"https:\/\/www.episodi.fi\/uutiskirje\/?uutiskirjemainos=tekstilinkkimainos\" title=\"Tilaa Episodin uutiskirje ja voit voittaa leffalippuja! Nappaa tv-vinkit suoraan s\u00e4hk\u00f6postiin t\u00e4st\u00e4.\" class=\"underline-custom !font-montserrat !font-bold !underline-offset-4 !decoration-4 !decoration-episodi-blue !text-md\" rel=\"nofollow noopener\" target=\"_blank\">Tilaa Episodin uutiskirje ja voit voittaa leffalippuja! Nappaa katseluvinkit suoraan s\u00e4hk\u00f6postiin t\u00e4st\u00e4.<\/a><\/p>\n","protected":false},"excerpt":{"rendered":"Variety uutisoi, ett\u00e4 toisin kuin monet muut talk show -juontajat Yhdysvalloissa, Jimmy Fallon ei aio kritisoida Donald Trumpia&hellip;\n","protected":false},"author":2,"featured_media":71352,"comment_status":"","ping_status":"","sticky":false,"template":"","format":"standard","meta":{"footnotes":""},"categories":[133],"tags":[585,137,33,31,30,6302,12342,637,32,206,156,109],"class_list":{"0":"post-71351","1":"post","2":"type-post","3":"status-publish","4":"format-standard","5":"has-post-thumbnail","7":"category-televisiot","8":"tag-donald-trump","9":"tag-entertainment","10":"tag-fi","11":"tag-finland","12":"tag-finnish","13":"tag-ignostot","14":"tag-jimmy-fallon","15":"tag-politiikka","16":"tag-suomi","17":"tag-televisiot","18":"tag-tv","19":"tag-viihde"},"share_on_mastodon":{"url":"https:\/\/pubeurope.com\/@fi\/115430908463341338","error":""},"_links":{"self":[{"href":"https:\/\/www.europesays.com\/fi\/wp-json\/wp\/v2\/posts\/71351","targetHints":{"allow":["GET"]}}],"collection":[{"href":"https:\/\/www.europesays.com\/fi\/wp-json\/wp\/v2\/posts"}],"about":[{"href":"https:\/\/www.europesays.com\/fi\/wp-json\/wp\/v2\/types\/post"}],"author":[{"embeddable":true,"href":"https:\/\/www.europesays.com\/fi\/wp-json\/wp\/v2\/users\/2"}],"replies":[{"embeddable":true,"href":"https:\/\/www.europesays.com\/fi\/wp-json\/wp\/v2\/comments?post=71351"}],"version-history":[{"count":0,"href":"https:\/\/www.europesays.com\/fi\/wp-json\/wp\/v2\/posts\/71351\/revisions"}],"wp:featuredmedia":[{"embeddable":true,"href":"https:\/\/www.europesays.com\/fi\/wp-json\/wp\/v2\/media\/71352"}],"wp:attachment":[{"href":"https:\/\/www.europesays.com\/fi\/wp-json\/wp\/v2\/media?parent=71351"}],"wp:term":[{"taxonomy":"category","embeddable":true,"href":"https:\/\/www.europesays.com\/fi\/wp-json\/wp\/v2\/categories?post=71351"},{"taxonomy":"post_tag","embeddable":true,"href":"https:\/\/www.europesays.com\/fi\/wp-json\/wp\/v2\/tags?post=71351"}],"curies":[{"name":"wp","href":"https:\/\/api.w.org\/{rel}","templated":true}]}}