{"id":71353,"date":"2025-10-24T20:00:08","date_gmt":"2025-10-24T20:00:08","guid":{"rendered":"https:\/\/www.europesays.com\/fi\/71353\/"},"modified":"2025-10-24T20:00:08","modified_gmt":"2025-10-24T20:00:08","slug":"todella-harvinainen-tilanne-jokerien-ottelussa-veikkaus-areenassa-ei-tule-mieleen-iltalehti","status":"publish","type":"post","link":"https:\/\/www.europesays.com\/fi\/71353\/","title":{"rendered":"Todella harvinainen tilanne Jokerien ottelussa Veikkaus-areenassa: \u201dEi tule mieleen\u201d &#8211; Iltalehti"},"content":{"rendered":"<ol>\n<li><a href=\"https:\/\/news.google.com\/rss\/articles\/CBMifkFVX3lxTE5TSzU5Sm5GNGdZTFo0cHlPT1l1OWlMYlA4aDZ1NC1FUTRPN3M3R0V6Nl95d2M5Y2xwbmxIakw3OXluMVNEOE4ySmUtWVB2Y2xpWFlrenZuT3pvZDV6MTNWVnV6bW84NWRWb3U4NU5vQlRzNl9NNEZ3QlN3bmtFUQ?oc=5\" target=\"_blank\" rel=\"nofollow noopener\">Todella harvinainen tilanne Jokerien ottelussa Veikkaus-areenassa: \u201dEi tule mieleen\u201d<\/a>&nbsp;&nbsp;Iltalehti<\/li>\n<li><a href=\"https:\/\/news.google.com\/rss\/articles\/CBMiXkFVX3lxTE5pRkp1amkzYnVSMGpEY05UN0E1ekV1cEY0VlF2M3d4S1RyczFzVnp6V3BHa3lvMUtGd3lPVF8wMkVhbWVLMnYxQjZZYXU1WVVuOHFNWEZXcFpyTmJaR0E?oc=5\" target=\"_blank\" rel=\"nofollow noopener\">Sarjasikailija iski taas SM-liigan trilleriss\u00e4 \u2013 yleis\u00f6 raivona<\/a>&nbsp;&nbsp;Ilta-Sanomat<\/li>\n<li><a href=\"https:\/\/news.google.com\/rss\/articles\/CBMiQkFVX3lxTE9DX250dzRDWjdhQ0UzSmFmV2lkSTNsSXlDdU90UmJfTF9JTFBZRWpHNEY4b1pLcmNWT2JfZzY2dmZDQQ?oc=5\" target=\"_blank\" rel=\"nofollow noopener\">Jokerit palasi vanhalle kotiareenalleen \u2013 katso t\u00e4st\u00e4, milt\u00e4 siell\u00e4 n\u00e4ytti<\/a>&nbsp;&nbsp;Yle<\/li>\n<li><a href=\"https:\/\/news.google.com\/rss\/articles\/CBMiXEFVX3lxTE9vQ2RiVDZoMkcxaE1uWUJVRWRMZFU2cnZLNGVQLWhFX3JPQVVPZFBoVnkyQ1V3dV9zQVllT0V1dEc3bTJSOHRvNEpZQjBucWhXVy1MbHFsMVBzaWhC?oc=5\" target=\"_blank\" rel=\"nofollow noopener\">J\u00e4\u00e4kiekko | Jokerit j\u00e4rjesti murskajaiset enn\u00e4tysyleis\u00f6n edess\u00e4<\/a>&nbsp;&nbsp;HS.fi<\/li>\n<li><a href=\"https:\/\/news.google.com\/rss\/articles\/CBMijwJBVV95cUxNbjA0ckQ5SzRJUTIyNTFqb01ibXpxVFNiUnhyUUFXRGU3LUVNdG1DS0t3NDFwcjJ0SjFtd0VCSkRLbTBGVWI0TElVYTg2dTRZdnNwS3c5SkFNOHJoZDcyWXNpUTZZdXl5TFlLVjBmTDhQekQtelVycWVGcWJQbVpISVh1U3FHRGJiYy1DcFpidWYzLXV3X2ZrVXlEbTZYdWwxQkhra0lDRkZYZ3FDVzV5M0JfbGYzaUc2QzRJdWU1VVpyNGR2dFBjTjduNE5LSC1XRjlqeXNiTi1NVXo1Wm13S1cyM2Z4Y0VINURsdEdOZ2Q0ZGx3UERicnJucGk5UzJVaXlBN2lRd2JwaHJSWFJR?oc=5\" target=\"_blank\" rel=\"nofollow noopener\">Seuranta: KalPan iso johto oli l\u00e4hell\u00e4 sulaa, Jaakko Lantalle puhuttava ulosajo \u2013 Jokereilla mahtava paluu Ilmalan areenaan<\/a>&nbsp;&nbsp;Jatkoaika.com<\/li>\n<\/ol>\n","protected":false},"excerpt":{"rendered":"Todella harvinainen tilanne Jokerien ottelussa Veikkaus-areenassa: \u201dEi tule mieleen\u201d&nbsp;&nbsp;Iltalehti Sarjasikailija iski taas SM-liigan trilleriss\u00e4 \u2013 yleis\u00f6 raivona&nbsp;&nbsp;Ilta-Sanomat Jokerit&hellip;\n","protected":false},"author":2,"featured_media":71354,"comment_status":"","ping_status":"","sticky":false,"template":"","format":"standard","meta":{"footnotes":""},"categories":[158],"tags":[35,1144,33,31,30,1143,41,1146,159,32,1145,160],"class_list":{"0":"post-71353","1":"post","2":"type-post","3":"status-publish","4":"format-standard","5":"has-post-thumbnail","7":"category-urheilu","8":"tag-24h","9":"tag-ammattilaisjaakiekko","10":"tag-fi","11":"tag-finland","12":"tag-finnish","13":"tag-jaakiekko","14":"tag-liikunta-ja-urheilu","15":"tag-miesten-jaakiekko","16":"tag-sports","17":"tag-suomi","18":"tag-talviurheilu","19":"tag-urheilu"},"share_on_mastodon":{"url":"https:\/\/pubeurope.com\/@fi\/115430924349995907","error":""},"_links":{"self":[{"href":"https:\/\/www.europesays.com\/fi\/wp-json\/wp\/v2\/posts\/71353","targetHints":{"allow":["GET"]}}],"collection":[{"href":"https:\/\/www.europesays.com\/fi\/wp-json\/wp\/v2\/posts"}],"about":[{"href":"https:\/\/www.europesays.com\/fi\/wp-json\/wp\/v2\/types\/post"}],"author":[{"embeddable":true,"href":"https:\/\/www.europesays.com\/fi\/wp-json\/wp\/v2\/users\/2"}],"replies":[{"embeddable":true,"href":"https:\/\/www.europesays.com\/fi\/wp-json\/wp\/v2\/comments?post=71353"}],"version-history":[{"count":0,"href":"https:\/\/www.europesays.com\/fi\/wp-json\/wp\/v2\/posts\/71353\/revisions"}],"wp:featuredmedia":[{"embeddable":true,"href":"https:\/\/www.europesays.com\/fi\/wp-json\/wp\/v2\/media\/71354"}],"wp:attachment":[{"href":"https:\/\/www.europesays.com\/fi\/wp-json\/wp\/v2\/media?parent=71353"}],"wp:term":[{"taxonomy":"category","embeddable":true,"href":"https:\/\/www.europesays.com\/fi\/wp-json\/wp\/v2\/categories?post=71353"},{"taxonomy":"post_tag","embeddable":true,"href":"https:\/\/www.europesays.com\/fi\/wp-json\/wp\/v2\/tags?post=71353"}],"curies":[{"name":"wp","href":"https:\/\/api.w.org\/{rel}","templated":true}]}}