{"id":71355,"date":"2025-10-24T20:01:12","date_gmt":"2025-10-24T20:01:12","guid":{"rendered":"https:\/\/www.europesays.com\/fi\/71355\/"},"modified":"2025-10-24T20:01:12","modified_gmt":"2025-10-24T20:01:12","slug":"mikko-kekalainen-avautuu-erikoisjoukot-ohjelmasta-kasitteli-pitkaan-tapahtumia","status":"publish","type":"post","link":"https:\/\/www.europesays.com\/fi\/71355\/","title":{"rendered":"Mikko Kek\u00e4l\u00e4inen avautuu Erikoisjoukot-ohjelmasta: K\u00e4sitteli pitk\u00e4\u00e4n tapahtumia"},"content":{"rendered":"<p>\n            20250820 HELSINKI. Erikoisjoukot-pressi. MIKKO KEK\u00c4L\u00c4INEN. KUVA: ATTE KAJOVA<br \/>\n            ATTE KAJOVA\n        <\/p>\n<p class=\"subtitle \">Mikko Kek\u00e4l\u00e4inen kertoo joutuneensa k\u00e4sittelem\u00e4\u00e4n Erikoisjoukot-ohjelman tapahtumia pitk\u00e4\u00e4n j\u00e4lkeenp\u00e4in.<\/p>\n<p class=\"article-content article-content-width !bg-background\">Toimittaja  sai kylm\u00e4\u00e4 kyyti\u00e4 kouluttajilta Erikoisjoukot-ohjelman kahdeksannessa jaksossa.<\/p>\n<p class=\"font-weight-bold m-font-weight-bold article-content article-content-width !bg-background\">Arkistovideo: Erikoisjoukot-kouluttajien nopeat vastaukset.<\/p>\n<p class=\"article-content article-content-width !bg-background\">Kokelaat suorittivat jaksossa pareittain teht\u00e4v\u00e4n, jossa heid\u00e4n t\u00e4ytyi hy\u00f6k\u00e4t\u00e4 vihollisrakennukseen ja hakea t\u00e4rke\u00e4 salkku. Kouluttaja  seurasi tilannetta kokelaiden rinnalla.<\/p>\n<p class=\"article-content article-content-width !bg-background\">Mikon osalta teht\u00e4v\u00e4 ei sujunut niin kuin oli ohjeistettu. H\u00e4n sai v\u00e4lit\u00f6nt\u00e4 palautetta niin teht\u00e4v\u00e4n aikana, sen j\u00e4lkeen kuin kouluttajien kuulustelussakin.<\/p>\n<p>        <a itemprop=\"url\" href=\"https:\/\/www.seiska.fi\/katso\/erikoisjoukot-matias-petaisto-raivoaa-mikko-kekalaiselle-taytta-paskaa\/1970145\" rel=\"nofollow noopener\" target=\"_blank\"><\/p>\n<p>\nErikoisjoukot\n<\/p>\n<p class=\"section-date\">\n        <strong class=\"article-section\" data-section=\"katso\"><br \/>\n            katso<br \/>\n        <\/strong><br \/>\n        23.10. 05:15\n    <\/p>\n<p>Erikoisjoukot: Matias Pet\u00e4ist\u00f6 raivoaa Mikko Kek\u00e4l\u00e4iselle: &#8221;T\u00e4ytt\u00e4 paskaa!&#8221;\n    <\/p>\n<p itemprop=\"description\" class=\"subtitle \">\n    Mikko Kek\u00e4l\u00e4inen ep\u00e4onnistuu Erikoisjoukot-jakson teht\u00e4v\u00e4ss\u00e4. Kouluttajat antavat toimittajalle kylm\u00e4\u00e4 kyyti\u00e4.\n<\/p>\n<p>        <\/a><\/p>\n<p>Mikko avaa tuntemuksiaan<\/p>\n<p class=\"article-content article-content-width !bg-background\"><a href=\"https:\/\/www.instagram.com\/p\/DQKQFWXjKUf\/?img_index=3\" target=\"_blank\" rel=\"nofollow noopener\">Toimittaja kommentoi Erikoisjoukot-jaksoa Instagram-p\u00e4ivityksess\u00e4\u00e4n.<\/a><\/p>\n<p class=\"article-content article-content-width !bg-background\">Mikko kertoo l\u00e4hteneens\u00e4 Erikoisjoukot-ohjelmaan sill\u00e4 mielin, ettei h\u00e4nell\u00e4 ole mink\u00e4\u00e4nlaista n\u00e4ytt\u00e4misenhalua tai tarvetta todistella kenellek\u00e4\u00e4n mit\u00e4\u00e4n.<\/p>\n<p class=\"article-content article-content-width !bg-background\">\u2013 Uskoin t\u00e4h\u00e4n itsekin. V\u00e4h\u00e4np\u00e4 tiesin, Mikko toteaa ja sanoo:<\/p>\n<p class=\"article-content article-content-width !bg-background\">\u2013 K\u00e4vikin sitten niin, ett\u00e4 mokasin totaalisesti. Vasta sen j\u00e4lkeen tajusin, kuinka kipe\u00e4sti oikeasti halusinkin n\u00e4ytt\u00e4\u00e4 ja todistaa \u2013 itselleni ja muille.<\/p>\n<p class=\"article-content article-content-width !bg-background\">H\u00e4n kertoo usein hokevansa, ettei itse\u00e4\u00e4n pid\u00e4 ottaa liian vakavasti. H\u00e4n my\u00f6s toteaa, ett\u00e4 noin on helppoa sanoa, kun asiat rullaavat tasaisesti, mutta kun mokaa ja kaikki n\u00e4kev\u00e4t, silloin vain h\u00e4vett\u00e4\u00e4 ja surettaa.<\/p>\n<p class=\"article-content article-content-width !bg-background\">\u2013 Menin kasijakson vihollisteht\u00e4v\u00e4ss\u00e4 umpij\u00e4\u00e4h\u00e4n. En pystynyt tekem\u00e4\u00e4n yksinkertaisiakaan opeteltuja asioita, Mikka kertoo.<\/p>\n<p class=\"article-content article-content-width !bg-background\">\u2013 Muistan tuosta teht\u00e4v\u00e4st\u00e4 ihan jokaisen hetken, mutta en tajua, miten olin niin ulapalla. Sain teht\u00e4v\u00e4st\u00e4 kunnon haukut: \u201dT\u00e4ytt\u00e4 paskaa!.\u201d \u201dErikoisjoukot-historian surkein suoritus!\u201d<\/p>\n<p>        <a itemprop=\"url\" href=\"https:\/\/www.seiska.fi\/katso\/mikko-kekalaiselta-paljastus-menneisyydestaan-minulla-vain-naksahti\/1913610\" rel=\"nofollow noopener\" target=\"_blank\"><\/p>\n<p>\nMikko Kek\u00e4l\u00e4isen paljastus menneisyydest\u00e4\n<\/p>\n<p class=\"section-date\">\n        <strong class=\"article-section\" data-section=\"katso\"><br \/>\n            katso<br \/>\n        <\/strong><br \/>\n        29.8. 06:15\n    <\/p>\n<p>Mikko Kek\u00e4l\u00e4iselt\u00e4 paljastus menneisyydest\u00e4\u00e4n: &#8221;Minulla vain naksahti&#8221;\n    <\/p>\n<p itemprop=\"description\" class=\"subtitle \">\n    Toimittajan vanhat synnit paljastuivat.\n<\/p>\n<p>        <\/a><\/p>\n<p>                <img decoding=\"async\" src=\"https:\/\/www.europesays.com\/fi\/wp-content\/uploads\/2025\/10\/1972261.webp\" width=\"576\" height=\"274\" title=\"\u2013 Showbusineksessa luodit viuhuvat. El\u00e4m\u00e4ss\u00e4 eteenp\u00e4in, Mikko summaa postauksessaan.\" alt=\"Erikoisjoukot: Mikko Kek\u00e4l\u00e4inen suorittaa teht\u00e4v\u00e4\u00e4 tv-ohjelmassa.\" loading=\"lazy\" \/>            <\/p>\n<p>\n            \u2013 Showbusineksessa luodit viuhuvat. El\u00e4m\u00e4ss\u00e4 eteenp\u00e4in, Mikko summaa postauksessaan.<br \/>\n            Jere Hietala \/ Sanoma\n        <\/p>\n<p>K\u00e4sitteli tapahtumia pitk\u00e4\u00e4n<\/p>\n<p class=\"article-content article-content-width !bg-background\">Mikko kertoo, ett\u00e4 h\u00e4n tiet\u00e4\u00e4, ett\u00e4 Erikoisjoukoissakin on kyse viihteest\u00e4.<\/p>\n<p class=\"article-content article-content-width !bg-background\">\u2013 Siit\u00e4 huolimatta t\u00e4ss\u00e4 ep\u00e4onnistumisessa jouduin sen ydinkokemuksen \u00e4\u00e4relle, milt\u00e4 tuntuu, kun mokaa ja muut nauravat.<\/p>\n<p class=\"article-content article-content-width !bg-background\">\u2013 Kun palavasti haluaisi olla niiden pihan siistien tyyppien suosiossa, mutta ne haukkuvatkin luuseriksi. Sit\u00e4 yritt\u00e4\u00e4 rehvakkaasti nauraa mukana, mutta ei kuitenkaan saa kyyneleit\u00e4 piilotettua. Kaikissa meiss\u00e4 varmasti asuu t\u00e4llaisia asioita pelk\u00e4\u00e4v\u00e4 pieni ihminen.<\/p>\n<p class=\"article-content article-content-width !bg-background\">Mikko sanoo k\u00e4sitelleens\u00e4 jakson tapahtumia pitk\u00e4\u00e4n kuvausten j\u00e4lkeen. Nyt kun jakso on tullut ulos tv:st\u00e4, h\u00e4n ajattelee, ett\u00e4 on inhimillist\u00e4, jos haluaa olla muiden silmiss\u00e4 tosi hyv\u00e4, mutta toisinaan silti voi mokata, ja se voi tuntua pahalta.<\/p>\n<p class=\"article-content article-content-width !bg-background\">\u2013 Sekin on tosi vapauttavaa, kun my\u00f6nt\u00e4\u00e4 itselleen, ett\u00e4 muiden mielipiteet merkkaa ja tuntuu, vaikka olisi kuinka itselleen ja muille muuta uskotellut. Sen min\u00e4 t\u00e4lt\u00e4 reissulta ja t\u00e4st\u00e4 episodista opin, Mikko tuumaa.<\/p>\n<p>        <a itemprop=\"url\" href=\"https:\/\/www.seiska.fi\/katso\/mikko-kekalainen-sai-keskusteluapua-erikoisjoukkojen-jalkeen-luovuttaminen-kavi-mielessa\/1907740\" rel=\"nofollow noopener\" target=\"_blank\"><\/p>\n<p>\nLuovuttaminen k\u00e4vi mieless\u00e4\n<\/p>\n<p class=\"section-date\">\n        <strong class=\"article-section\" data-section=\"katso\"><br \/>\n            katso<br \/>\n        <\/strong><br \/>\n        24.8. 07:15\n    <\/p>\n<p>Mikko Kek\u00e4l\u00e4inen sai keskusteluapua Erikoisjoukkojen j\u00e4lkeen &#8211; luovuttaminen k\u00e4vi mieless\u00e4\n    <\/p>\n<p itemprop=\"description\" class=\"subtitle \">\n    Juontaja my\u00f6nt\u00e4\u00e4, ett\u00e4 vaikka h\u00e4n tunsi kouluttajat entuudestaan, ei siit\u00e4 ollut mit\u00e4\u00e4n hy\u00f6ty\u00e4.\n<\/p>\n<p>        <\/a><\/p>\n<p>Katsojat ja kokelaat tsemppaavat<\/p>\n<p class=\"article-content article-content-width !bg-background\">Mikko on saanut p\u00e4ivityksen kommenttikentt\u00e4\u00e4n useita kannustavia viestej\u00e4.  muun muassa kertoo saavansa kiinni Mikon sanoista, h\u00e4nell\u00e4 on tuoreessa muistissa Tanssii t\u00e4htien kanssa -ohjelma, josta h\u00e4n putosi 19. lokakuuta. Erikoisjoukot-kokelas  toteaa, ett\u00e4 Mikon sanat ovat viisaita. H\u00e4n muistuttaa, ett\u00e4 kaikki mokaavat joskus, ja el\u00e4m\u00e4 jatkuu.<\/p>\n<p class=\"article-content article-content-width !bg-background\">\u2013 Inhimillisi\u00e4 tunteita ja rohkeeta puhua niist\u00e4 \u00e4\u00e4neen. Oot huikea ja maailma symppiksin tyyppi Voit olla ylpe\u00e4 itest\u00e4si, oot sairaan kova,  kommentoi.<\/p>\n<p class=\"article-content article-content-width !bg-background\">\u2013 Jokainen mokaa joskus! Ne jotka nousee siit\u00e4, on voittajia. S\u00e4 nousit! Respect,  tsemppaa.<\/p>\n<p class=\"article-content article-content-width !bg-background\">\u2013 Hienoa pohdintaa. Olet hurjan rohkea, Mikko! Ei ole kyll\u00e4 mit\u00e4\u00e4n h\u00e4vett\u00e4v\u00e4\u00e4. Olen aina ihaillut, miten aito olet tilanteessa kuin tilanteessa. Tuollaista itsetuntemusta, kyky\u00e4 reflektoida asioita ja uskallusta olla juuri sellainen kuin on, ei todellakaan ole kaikilla. Olet huippu, er\u00e4s hehkuttaa.<\/p>\n<p class=\"article-content article-content-width !bg-background\">\u2013 S\u00e4 olet rohkea. Tuo mit\u00e4 kirjoitit on suurempaa rohkeutta kuin Erikoisjoukkojen yhdess\u00e4k\u00e4\u00e4n teht\u00e4v\u00e4ss\u00e4 vaaditaan, toinen toteaa.<\/p>\n<p class=\"italic m-italic article-content article-content-width !bg-background\">Erikoisjoukot torstaisin Nelosella ja Ruudussa.<\/p>\n<p>        <a itemprop=\"url\" href=\"https:\/\/www.seiska.fi\/katso\/podcast-briteissa-huolestuttiin-suomalaisesta-erikoisjoukot-ohjelmasta\/1919404\" rel=\"nofollow noopener\" target=\"_blank\"><\/p>\n<p>\nPodcast:\n<\/p>\n<p class=\"section-date\">\n        <strong class=\"article-section\" data-section=\"katso\"><br \/>\n            katso<br \/>\n        <\/strong><br \/>\n        4.9. 07:15\n    <\/p>\n<p>Podcast: Briteiss\u00e4 huolestuttiin suomalaisesta Erikoisjoukot-ohjelmasta\n    <\/p>\n<p itemprop=\"description\" class=\"subtitle \">\n    Tv:st\u00e4 tutut Erikoisjoukot-kouluttajat halusivat tehd\u00e4 ohjelman jo 10 vuotta sitten, mutta kanavat eiv\u00e4t olleet kiinnostuneita.\n<\/p>\n<p>        <\/a><\/p>\n<p><script async src=\"\/\/www.instagram.com\/embed.js\"><\/script><\/p>\n","protected":false},"excerpt":{"rendered":"20250820 HELSINKI. Erikoisjoukot-pressi. MIKKO KEK\u00c4L\u00c4INEN. KUVA: ATTE KAJOVA ATTE KAJOVA Mikko Kek\u00e4l\u00e4inen kertoo joutuneensa k\u00e4sittelem\u00e4\u00e4n Erikoisjoukot-ohjelman tapahtumia pitk\u00e4\u00e4n&hellip;\n","protected":false},"author":2,"featured_media":12604,"comment_status":"","ping_status":"","sticky":false,"template":"","format":"standard","meta":{"footnotes":""},"categories":[130],"tags":[137,2159,33,31,30,2156,5314,1758,13689,3446,2158,32,1318,109],"class_list":{"0":"post-71355","1":"post","2":"type-post","3":"status-publish","4":"format-standard","5":"has-post-thumbnail","7":"category-viihde","8":"tag-entertainment","9":"tag-erikoisjoukot","10":"tag-fi","11":"tag-finland","12":"tag-finnish","13":"tag-matias-petaisto","14":"tag-mikko-kekalainen","15":"tag-nelonen","16":"tag-noora-toivo","17":"tag-pippa-laukka","18":"tag-ruutu","19":"tag-suomi","20":"tag-tv-ohjelma","21":"tag-viihde"},"share_on_mastodon":{"url":"https:\/\/pubeurope.com\/@fi\/115430928160966623","error":""},"_links":{"self":[{"href":"https:\/\/www.europesays.com\/fi\/wp-json\/wp\/v2\/posts\/71355","targetHints":{"allow":["GET"]}}],"collection":[{"href":"https:\/\/www.europesays.com\/fi\/wp-json\/wp\/v2\/posts"}],"about":[{"href":"https:\/\/www.europesays.com\/fi\/wp-json\/wp\/v2\/types\/post"}],"author":[{"embeddable":true,"href":"https:\/\/www.europesays.com\/fi\/wp-json\/wp\/v2\/users\/2"}],"replies":[{"embeddable":true,"href":"https:\/\/www.europesays.com\/fi\/wp-json\/wp\/v2\/comments?post=71355"}],"version-history":[{"count":0,"href":"https:\/\/www.europesays.com\/fi\/wp-json\/wp\/v2\/posts\/71355\/revisions"}],"wp:featuredmedia":[{"embeddable":true,"href":"https:\/\/www.europesays.com\/fi\/wp-json\/wp\/v2\/media\/12604"}],"wp:attachment":[{"href":"https:\/\/www.europesays.com\/fi\/wp-json\/wp\/v2\/media?parent=71355"}],"wp:term":[{"taxonomy":"category","embeddable":true,"href":"https:\/\/www.europesays.com\/fi\/wp-json\/wp\/v2\/categories?post=71355"},{"taxonomy":"post_tag","embeddable":true,"href":"https:\/\/www.europesays.com\/fi\/wp-json\/wp\/v2\/tags?post=71355"}],"curies":[{"name":"wp","href":"https:\/\/api.w.org\/{rel}","templated":true}]}}