{"id":71358,"date":"2025-10-24T20:05:09","date_gmt":"2025-10-24T20:05:09","guid":{"rendered":"https:\/\/www.europesays.com\/fi\/71358\/"},"modified":"2025-10-24T20:05:09","modified_gmt":"2025-10-24T20:05:09","slug":"usa-lahettaa-maailman-suurimman-lentotukialuksen-etela-amerikan-vesille-torjumaan-huumekauppaa-uutisia-lyhyesti","status":"publish","type":"post","link":"https:\/\/www.europesays.com\/fi\/71358\/","title":{"rendered":"USA l\u00e4hett\u00e4\u00e4 maailman suurimman lentotuki\u00adaluksen Etel\u00e4-Amerikan vesille torjumaan huumekauppaa | Uutisia lyhyesti"},"content":{"rendered":"<p class=\"aw-1gybjub aw-5vja16 ghpEtB kjanFo yle__article__paragraph\">Kyseess\u00e4 on merkitt\u00e4v\u00e4 lis\u00e4ys Yhdysvaltojen sotilaalliseen l\u00e4sn\u00e4oloon alueella. Pentagonin mukaan tarkoituksena on tehostaa huumekaupan torjuntaa.<\/p>\n<p><img decoding=\"async\" alt=\"Lentotukialus USS Gerald. R. Ford\" src=\"https:\/\/www.europesays.com\/fi\/wp-content\/uploads\/2025\/10\/39-1186513652b3d24ca59f.jpeg\" class=\"aw-1l9m598 hKVVvP\"\/><\/p>\n<p>Avaa kuvien katselu<\/p>\n<p>Yhdysvaltain merivoimien Gerald R. Ford -lentotukialus on maailman suurin. Sen miehist\u00f6\u00f6n kuuluu 5 000 sotilasta. Kuva: EPA-EFE<\/p>\n<p>19:53\u2022P\u00e4ivitetty 21:15<\/p>\n<p class=\"aw-1gybjub aw-1p7kakr ghpEtB jtovHP yle__article__paragraph\">Yhdysvallat l\u00e4hett\u00e4\u00e4 j\u00e4ttil\u00e4ism\u00e4isen lentotukialuksen Etel\u00e4-Amerikan vesille. Kyseess\u00e4 on merkitt\u00e4v\u00e4 lis\u00e4ys Yhdysvaltojen sotilaalliseen l\u00e4sn\u00e4oloon alueella.<\/p>\n<p class=\"aw-1gybjub aw-1p7kakr ghpEtB jtovHP yle__article__paragraph\">Pentagonin mukaan tarkoituksena on tehostaa huumekaupan ja kansainv\u00e4listen rikollisj\u00e4rjest\u00f6jen torjuntaa.<\/p>\n<p class=\"aw-1gybjub aw-1p7kakr ghpEtB jtovHP yle__article__paragraph\">Pentagonin tiedottaja <strong class=\"aw-ak79eh KyCXm yle__article__strong\">Sean Parnell<\/strong> kertoo <a class=\"aw-iao6s4 iHOxEa yle__article__link\" href=\"https:\/\/x.com\/SeanParnellASW\/status\/1981759934539985132\" role=\"link\" rel=\"nofollow\">viestipalvelu X:ss\u00e4<\/a>, ett\u00e4 puolustusministeri <strong class=\"aw-ak79eh KyCXm yle__article__strong\">Pete Hegseth<\/strong> on m\u00e4\u00e4r\u00e4nnyt Gerald R. Ford -lentotukialuksen ja lentoryhm\u00e4n siirrett\u00e4v\u00e4ksi Yhdysvaltain Etel\u00e4isen komentokeskuksen vastuualueelle. Alue k\u00e4sitt\u00e4\u00e4 Etel\u00e4- ja Keski-Amerikan sek\u00e4 Karibian alueen.<\/p>\n<p class=\"aw-1gybjub aw-1p7kakr ghpEtB jtovHP yle__article__paragraph\">Parnell ei viestiss\u00e4\u00e4n t\u00e4sment\u00e4nyt, milloin lentotukialus siirtyy alueelle. Viel\u00e4 muutama p\u00e4iv\u00e4 sitten alus matkasi Gibraltarinsalmella Euroopassa.<\/p>\n<p class=\"aw-1gybjub aw-1p7kakr ghpEtB jtovHP yle__article__paragraph\">Vuonna 2017 k\u00e4ytt\u00f6\u00f6n otettu Gerald R. Ford on maailman suurin lentotukialus, ja sen miehist\u00f6\u00f6n kuuluu yli 5\u00a0000 sotilasta. Alus voi kuljettaa yli 75:t\u00e4 sotilasilma-alusta.<\/p>\n<p>Yhdysvallat on jatkanut iskujaan veneisiin Karibianmerell\u00e4<\/p>\n<p class=\"aw-1gybjub aw-1p7kakr ghpEtB jtovHP yle__article__paragraph\">Yhdysvallat on viime viikkoina jatkanut iskujaan Karibianmerell\u00e4 liikkuviin veneisiin, joita ep\u00e4ill\u00e4\u00e4n huumeiden salakuljetuksesta. Syyskuun alusta l\u00e4htien iskuissa on kuollut noin 40 ihmist\u00e4.<\/p>\n<p class=\"aw-1gybjub aw-1p7kakr ghpEtB jtovHP yle__article__paragraph\">Viimeksi t\u00e4n\u00e4\u00e4n <a class=\"aw-iao6s4 iHOxEa yle__article__link\" href=\"https:\/\/x.com\/SecWar\" role=\"link\" rel=\"nofollow\">Hegseth kertoi<\/a> Yhdysvaltojen tehneen kymmenennen iskun ep\u00e4iltyj\u00e4 salakuljettajia vastaan. Iskussa kuoli kuusi ihmist\u00e4.<\/p>\n<p class=\"aw-1gybjub aw-1p7kakr ghpEtB jtovHP yle__article__paragraph\">Pentagon ei ole tarkkaan eritellyt kuolleiden kansalaisuuksia, mutta se on sanonut, ett\u00e4 osa heist\u00e4 on venezuelalaisia.<\/p>\n<p>Venezuela-suhteet kiristyv\u00e4t entisest\u00e4\u00e4n<\/p>\n<p class=\"aw-1gybjub aw-1p7kakr ghpEtB jtovHP yle__article__paragraph\">Yhdysvaltain sotilaallisen l\u00e4sn\u00e4olon kasvu Karibialla on lis\u00e4nnyt alueellisia j\u00e4nnitteit\u00e4. Maan armeijalla on jo alueella sota-aluksia, h\u00e4vitt\u00e4ji\u00e4 ja ydinsukellusvene.<\/p>\n<p class=\"aw-1gybjub aw-1p7kakr ghpEtB jtovHP yle__article__paragraph\">Yhdysvallat on pitk\u00e4\u00e4n syytt\u00e4nyt Venezuelan hallitusta huumekauppiaiden suojelemisesta. Venezuelan presidentti <strong class=\"aw-ak79eh KyCXm yle__article__strong\">Nicol\u00e1s Maduro<\/strong> on puolestaan syytt\u00e4nyt Yhdysvaltoja yrityksest\u00e4 syrj\u00e4ytt\u00e4\u00e4 h\u00e4net vallasta.<\/p>\n<p class=\"aw-1gybjub aw-1p7kakr ghpEtB jtovHP yle__article__paragraph\">Maduro kertoi aiemmin t\u00e4ll\u00e4 viikolla, ett\u00e4 maalla on <a class=\"aw-iao6s4 iHOxEa yle__article__link\" href=\"https:\/\/edition.cnn.com\/2025\/10\/23\/americas\/maduro-trump-venezuela-military-intl-hnk\" role=\"link\" rel=\"nofollow noopener\" target=\"_blank\">5 000 ven\u00e4l\u00e4ist\u00e4 ilmatorjuntaohjusta<\/a> valmiina Yhdysvaltojen joukkojen varalle. Yhdysvaltain pommikoneet ovat viime p\u00e4ivin\u00e4 lent\u00e4neet Venezuelan rannikon l\u00e4heisyydess\u00e4.<\/p>\n<p class=\"aw-1gybjub aw-1p7kakr ghpEtB jtovHP yle__article__paragraph\">L\u00e4hteet: AFP, AP, Reuters<\/p>\n","protected":false},"excerpt":{"rendered":"Kyseess\u00e4 on merkitt\u00e4v\u00e4 lis\u00e4ys Yhdysvaltojen sotilaalliseen l\u00e4sn\u00e4oloon alueella. Pentagonin mukaan tarkoituksena on tehostaa huumekaupan torjuntaa. Avaa kuvien katselu&hellip;\n","protected":false},"author":2,"featured_media":71359,"comment_status":"","ping_status":"","sticky":false,"template":"","format":"standard","meta":{"footnotes":""},"categories":[14],"tags":[22,23,26,27,33,31,30,17,24,25,28,29,15,18,21,32,19,20,56,16,59,60,61,619],"class_list":{"0":"post-71358","1":"post","2":"type-post","3":"status-publish","4":"format-standard","5":"has-post-thumbnail","7":"category-ulkomaat","8":"tag-breaking-news","9":"tag-breakingnews","10":"tag-featured-news","11":"tag-featurednews","12":"tag-fi","13":"tag-finland","14":"tag-finnish","15":"tag-headlines","16":"tag-latest-news","17":"tag-latestnews","18":"tag-main-news","19":"tag-mainnews","20":"tag-news","21":"tag-otsikot","22":"tag-paauutiset","23":"tag-suomi","24":"tag-top-stories","25":"tag-topstories","26":"tag-ulkomaat","27":"tag-uutiset","28":"tag-world","29":"tag-world-news","30":"tag-worldnews","31":"tag-yhdysvallat"},"share_on_mastodon":{"url":"https:\/\/pubeurope.com\/@fi\/115430944069945108","error":""},"_links":{"self":[{"href":"https:\/\/www.europesays.com\/fi\/wp-json\/wp\/v2\/posts\/71358","targetHints":{"allow":["GET"]}}],"collection":[{"href":"https:\/\/www.europesays.com\/fi\/wp-json\/wp\/v2\/posts"}],"about":[{"href":"https:\/\/www.europesays.com\/fi\/wp-json\/wp\/v2\/types\/post"}],"author":[{"embeddable":true,"href":"https:\/\/www.europesays.com\/fi\/wp-json\/wp\/v2\/users\/2"}],"replies":[{"embeddable":true,"href":"https:\/\/www.europesays.com\/fi\/wp-json\/wp\/v2\/comments?post=71358"}],"version-history":[{"count":0,"href":"https:\/\/www.europesays.com\/fi\/wp-json\/wp\/v2\/posts\/71358\/revisions"}],"wp:featuredmedia":[{"embeddable":true,"href":"https:\/\/www.europesays.com\/fi\/wp-json\/wp\/v2\/media\/71359"}],"wp:attachment":[{"href":"https:\/\/www.europesays.com\/fi\/wp-json\/wp\/v2\/media?parent=71358"}],"wp:term":[{"taxonomy":"category","embeddable":true,"href":"https:\/\/www.europesays.com\/fi\/wp-json\/wp\/v2\/categories?post=71358"},{"taxonomy":"post_tag","embeddable":true,"href":"https:\/\/www.europesays.com\/fi\/wp-json\/wp\/v2\/tags?post=71358"}],"curies":[{"name":"wp","href":"https:\/\/api.w.org\/{rel}","templated":true}]}}