{"id":71360,"date":"2025-10-24T20:06:13","date_gmt":"2025-10-24T20:06:13","guid":{"rendered":"https:\/\/www.europesays.com\/fi\/71360\/"},"modified":"2025-10-24T20:06:13","modified_gmt":"2025-10-24T20:06:13","slug":"laitilassa-liikenneonnettomuus-poliisi-osapuolena-yksi-kuoli","status":"publish","type":"post","link":"https:\/\/www.europesays.com\/fi\/71360\/","title":{"rendered":"Laitilassa liikenneonnettomuus \u2013 Poliisi osapuolena, yksi kuoli"},"content":{"rendered":"<p>Tie on suljettu liikenteelt\u00e4.<\/p>\n<p><a href=\"https:\/\/www.iltalehti.fi\/kirjoittajat\/Riika Tauriainen\" rel=\"nofollow noopener\" target=\"_blank\"><img decoding=\"async\" class=\"author-image-img\" alt=\"Tekij\u00e4n kuva\" src=\"https:\/\/www.europesays.com\/fi\/wp-content\/uploads\/2025\/08\/1ed13297849d59b8b2118306c3ce6a343d721919144478664713a572e800eec4.png\"\/><\/a><a href=\"https:\/\/www.iltalehti.fi\/kirjoittajat\/Anne Salminen\" rel=\"nofollow noopener\" target=\"_blank\"><img decoding=\"async\" class=\"author-image-img\" alt=\"Tekij\u00e4n kuva\" src=\"https:\/\/www.europesays.com\/fi\/wp-content\/uploads\/2025\/09\/5785136f6f964120f24f5db3407e2b452c017c3c9ee470d35dd360b6c3468191.png\"\/><\/a><\/p>\n<p>T\u00e4n\u00e4\u00e4n klo 21:01 (p\u00e4ivitetty klo 23:03)<\/p>\n<p class=\"paragraph\">Yksi henkil\u00f6 kuoli liikenneonnettomuudessa, jossa poliisiauto t\u00f6rm\u00e4si henkil\u00f6autoon.<\/p>\n<p class=\"paragraph\">Onnettomuus tapahtui Laitilassa Untamalan ja Mets\u00e4np\u00e4\u00e4n v\u00e4lill\u00e4 perjantai-iltana.<\/p>\n<p class=\"paragraph\">Onnettomuus tapahtui tilanteessa, jossa h\u00e4lytysajossa ollut poliisi seurasi pakenevaa ajoneuvoa.<\/p>\n<p class=\"paragraph\">Auto, jonka kuljettaja kuoli, ei ollut pakenevan auton kuljettaja.<\/p>\n<p>Pakoauto j\u00e4tti pys\u00e4htym\u00e4tt\u00e4<\/p>\n<p class=\"paragraph\">Poliisi seurasi pakenevaa henkil\u00f6autoa Laitilassa kasitiell\u00e4 noin kello 19.50 alkaen.<\/p>\n<p class=\"paragraph\">Poliisi oli antanut autolle pys\u00e4htymismerkin, mutta autoilija ei noudattanut sit\u00e4. Kuljettaja l\u00e4hti pakenemaan<\/p>\n<p class=\"paragraph\">Ensitieto liikenneonnettomuudesta on tullut hieman kello 20 j\u00e4lkeen. Varsinais-Suomen pelastuslaitoksen tilannekeskuksesta kerrotaan Iltalehdelle, ett\u00e4 onnettomuudessa on tapahtunut ulosajo.<\/p>\n<p class=\"paragraph\"><a href=\"https:\/\/www.ts.fi\/uutiset\/6804326\" rel=\"noopener nofollow\" target=\"_blank\">Turun Sanomien<\/a> mukaan onnettomuudessa on ollut osallisena yksi auto. Tiedotusvastuu asiasta on siirtynyt poliisille.<\/p>\n<p class=\"paragraph\">Onnettomuuspaikalla on pelastus- ja raivausty\u00f6t k\u00e4ynniss\u00e4. Tie on suljettu liikenteelt\u00e4. K\u00e4yt\u00f6ss\u00e4 on kiertotie.<\/p>\n<p class=\"paragraph\">Valtion liikenteenohjausyhti\u00f6 Fintrafficin mukaan tilanne jatkui edelleen kellon l\u00e4hestyess\u00e4 yht\u00e4toista illalla.<\/p>\n<p class=\"paragraph\">Iltalehden lukijan kuvaama video n\u00e4ytt\u00e4\u00e4, ett\u00e4 paikalle oli aikaisemmin kertynyt kymmenien autojen mittainen jono.<\/p>\n<p class=\"paragraph\">Uutinen p\u00e4ivittyy.<\/p>\n","protected":false},"excerpt":{"rendered":"Tie on suljettu liikenteelt\u00e4. T\u00e4n\u00e4\u00e4n klo 21:01 (p\u00e4ivitetty klo 23:03) Yksi henkil\u00f6 kuoli liikenneonnettomuudessa, jossa poliisiauto t\u00f6rm\u00e4si henkil\u00f6autoon.&hellip;\n","protected":false},"author":2,"featured_media":71361,"comment_status":"","ping_status":"","sticky":false,"template":"","format":"standard","meta":{"footnotes":""},"categories":[12],"tags":[35,22,23,26,27,33,31,30,17,24,25,121,990,28,29,15,837,120,18,21,122,32,19,20,16],"class_list":{"0":"post-71360","1":"post","2":"type-post","3":"status-publish","4":"format-standard","5":"has-post-thumbnail","7":"category-suomi","8":"tag-24h","9":"tag-breaking-news","10":"tag-breakingnews","11":"tag-featured-news","12":"tag-featurednews","13":"tag-fi","14":"tag-finland","15":"tag-finnish","16":"tag-headlines","17":"tag-latest-news","18":"tag-latestnews","19":"tag-liikenne-ja-kuljetus","20":"tag-liikenneonnettomuudet","21":"tag-main-news","22":"tag-mainnews","23":"tag-news","24":"tag-onnettomuudet","25":"tag-onnettomuustapaus","26":"tag-otsikot","27":"tag-paauutiset","28":"tag-pelastaminen","29":"tag-suomi","30":"tag-top-stories","31":"tag-topstories","32":"tag-uutiset"},"share_on_mastodon":{"url":"https:\/\/pubeurope.com\/@fi\/115430947889693110","error":""},"_links":{"self":[{"href":"https:\/\/www.europesays.com\/fi\/wp-json\/wp\/v2\/posts\/71360","targetHints":{"allow":["GET"]}}],"collection":[{"href":"https:\/\/www.europesays.com\/fi\/wp-json\/wp\/v2\/posts"}],"about":[{"href":"https:\/\/www.europesays.com\/fi\/wp-json\/wp\/v2\/types\/post"}],"author":[{"embeddable":true,"href":"https:\/\/www.europesays.com\/fi\/wp-json\/wp\/v2\/users\/2"}],"replies":[{"embeddable":true,"href":"https:\/\/www.europesays.com\/fi\/wp-json\/wp\/v2\/comments?post=71360"}],"version-history":[{"count":0,"href":"https:\/\/www.europesays.com\/fi\/wp-json\/wp\/v2\/posts\/71360\/revisions"}],"wp:featuredmedia":[{"embeddable":true,"href":"https:\/\/www.europesays.com\/fi\/wp-json\/wp\/v2\/media\/71361"}],"wp:attachment":[{"href":"https:\/\/www.europesays.com\/fi\/wp-json\/wp\/v2\/media?parent=71360"}],"wp:term":[{"taxonomy":"category","embeddable":true,"href":"https:\/\/www.europesays.com\/fi\/wp-json\/wp\/v2\/categories?post=71360"},{"taxonomy":"post_tag","embeddable":true,"href":"https:\/\/www.europesays.com\/fi\/wp-json\/wp\/v2\/tags?post=71360"}],"curies":[{"name":"wp","href":"https:\/\/api.w.org\/{rel}","templated":true}]}}