{"id":71362,"date":"2025-10-24T20:07:10","date_gmt":"2025-10-24T20:07:10","guid":{"rendered":"https:\/\/www.europesays.com\/fi\/71362\/"},"modified":"2025-10-24T20:07:10","modified_gmt":"2025-10-24T20:07:10","slug":"lentokenttia-suljettiin-liettuassa-saapallojen-takia","status":"publish","type":"post","link":"https:\/\/www.europesays.com\/fi\/71362\/","title":{"rendered":"Lentokentti\u00e4 suljettiin Liettuassa s\u00e4\u00e4pallojen takia"},"content":{"rendered":"<p>Liettua|S\u00e4\u00e4pallojen ep\u00e4ill\u00e4\u00e4n tulleen Valko-Ven\u00e4j\u00e4lt\u00e4.<\/p>\n<p class=\"article-body mb-nof-24 px-nof-16\">Liettuassa Vilnan ja Kaunasin lentokent\u00e4t suljettiin perjantai-iltana, kertoo Liettuan liikenneministeri\u00f6. Syyn\u00e4 ovat tiett\u00e4v\u00e4sti Valko-Ven\u00e4j\u00e4lt\u00e4 tulleet s\u00e4\u00e4pallot, kertoo uutistoimisto Reuters.<\/p>\n<p class=\"article-body mb-nof-24 px-nof-16\">Liettuan kansallisen kriisinhallintakeskuksen mukaan tutkassa olisi havaittu kymmeni\u00e4 palloja.<\/p>\n<p class=\"article-body mb-nof-24 px-nof-16\">Liettuan yleisradioyhti\u00f6 <a class=\"article-genericlink\" href=\"https:\/\/www.lrt.lt\/naujienos\/verslas\/4\/2724457\/del-meteorologiniu-balionu-sustabdytas-orlaiviu-eismas-vilniaus-ir-kauno-oro-uostuose\" rel=\"nofollow noopener\" target=\"_blank\">LRT:n<\/a> mukaan lentoliikenne olisi keskeytetty kello kahteen asti aamuy\u00f6ll\u00e4.Iltakymmeneen menness\u00e4 illalla Kaunasin lentokent\u00e4ll\u00e4 rajoitukset ovat vaikuttaneet kolmeen lentoon ja Vilnassa nelj\u00e4\u00e4n lentoon.<\/p>\n<p class=\"article-body mb-nof-24 px-nof-16\">Liettuan p\u00e4\u00e4ministeri <a class=\"article-personlink\" href=\"https:\/\/www.hs.fi\/haku\/?query=Inga%20Ruginien%C4%97\" rel=\"nofollow noopener\" target=\"_blank\">Inga Ruginien\u0117<\/a> ilmoitti illalla uutistoimisto AFP:n mukaan, ett\u00e4 molemmat Liettuan raja-asemat Valko-Ven\u00e4j\u00e4n kanssa ovat suljettuina sunnuntaihin puoleen p\u00e4iv\u00e4\u00e4n saakka.<\/p>\n<p class=\"article-body mb-nof-24 px-nof-16\">Vilnan lentokentt\u00e4 <a class=\"article-genericlink\" href=\"https:\/\/www.hs.fi\/maailma\/art-2000011575176.html\" rel=\"nofollow noopener\" target=\"_blank\">oli suljettuna<\/a> my\u00f6s tiistaina ja aiemmin lokakuussa, kun salakuljettajat kuljettivat ilmapalloilla savukkeita Valko-Ven\u00e4j\u00e4lt\u00e4.<\/p>\n","protected":false},"excerpt":{"rendered":"Liettua|S\u00e4\u00e4pallojen ep\u00e4ill\u00e4\u00e4n tulleen Valko-Ven\u00e4j\u00e4lt\u00e4. Liettuassa Vilnan ja Kaunasin lentokent\u00e4t suljettiin perjantai-iltana, kertoo Liettuan liikenneministeri\u00f6. Syyn\u00e4 ovat tiett\u00e4v\u00e4sti Valko-Ven\u00e4j\u00e4lt\u00e4&hellip;\n","protected":false},"author":2,"featured_media":83,"comment_status":"","ping_status":"","sticky":false,"template":"","format":"standard","meta":{"footnotes":""},"categories":[5],"tags":[22,23,26,27,33,31,30,17,46,24,25,28,29,15,18,21,32,19,20,16],"class_list":{"0":"post-71362","1":"post","2":"type-post","3":"status-publish","4":"format-standard","5":"has-post-thumbnail","7":"category-otsikot","8":"tag-breaking-news","9":"tag-breakingnews","10":"tag-featured-news","11":"tag-featurednews","12":"tag-fi","13":"tag-finland","14":"tag-finnish","15":"tag-headlines","16":"tag-helsingin-sanomat","17":"tag-latest-news","18":"tag-latestnews","19":"tag-main-news","20":"tag-mainnews","21":"tag-news","22":"tag-otsikot","23":"tag-paauutiset","24":"tag-suomi","25":"tag-top-stories","26":"tag-topstories","27":"tag-uutiset"},"share_on_mastodon":{"url":"https:\/\/pubeurope.com\/@fi\/115430951649476865","error":""},"_links":{"self":[{"href":"https:\/\/www.europesays.com\/fi\/wp-json\/wp\/v2\/posts\/71362","targetHints":{"allow":["GET"]}}],"collection":[{"href":"https:\/\/www.europesays.com\/fi\/wp-json\/wp\/v2\/posts"}],"about":[{"href":"https:\/\/www.europesays.com\/fi\/wp-json\/wp\/v2\/types\/post"}],"author":[{"embeddable":true,"href":"https:\/\/www.europesays.com\/fi\/wp-json\/wp\/v2\/users\/2"}],"replies":[{"embeddable":true,"href":"https:\/\/www.europesays.com\/fi\/wp-json\/wp\/v2\/comments?post=71362"}],"version-history":[{"count":0,"href":"https:\/\/www.europesays.com\/fi\/wp-json\/wp\/v2\/posts\/71362\/revisions"}],"wp:featuredmedia":[{"embeddable":true,"href":"https:\/\/www.europesays.com\/fi\/wp-json\/wp\/v2\/media\/83"}],"wp:attachment":[{"href":"https:\/\/www.europesays.com\/fi\/wp-json\/wp\/v2\/media?parent=71362"}],"wp:term":[{"taxonomy":"category","embeddable":true,"href":"https:\/\/www.europesays.com\/fi\/wp-json\/wp\/v2\/categories?post=71362"},{"taxonomy":"post_tag","embeddable":true,"href":"https:\/\/www.europesays.com\/fi\/wp-json\/wp\/v2\/tags?post=71362"}],"curies":[{"name":"wp","href":"https:\/\/api.w.org\/{rel}","templated":true}]}}