{"id":71365,"date":"2025-10-24T20:22:12","date_gmt":"2025-10-24T20:22:12","guid":{"rendered":"https:\/\/www.europesays.com\/fi\/71365\/"},"modified":"2025-10-24T20:22:12","modified_gmt":"2025-10-24T20:22:12","slug":"tiesitko-tuure-ja-saana-boelius-ovat-sisaruksia-mutta-tassa-sukulaisuus-ei-auttanut","status":"publish","type":"post","link":"https:\/\/www.europesays.com\/fi\/71365\/","title":{"rendered":"Tiesitk\u00f6? Tuure ja Saana Boelius ovat sisaruksia &#8211; Mutta t\u00e4ss\u00e4 sukulaisuus ei auttanut!"},"content":{"rendered":"<p>Televisio<\/p>\n<p>  Tuure Boelius ja Saana Boelius ovat t\u00e4n\u00e4 syksyn\u00e4 kumpainenkin reality-ohjelmissa tv:ss\u00e4.24.10.2025 klo 7:30<a href=\"https:\/\/www.suomi24.fi\/viihde\/l\/68f8cb04ed855-5323.webp\" rel=\"nofollow noopener\" target=\"_blank\"><img decoding=\"async\" src=\"https:\/\/www.europesays.com\/fi\/wp-content\/uploads\/2025\/10\/68f8cb04ed855-5323.webp.webp\" alt=\"Tuure Boelius\" loading=\"lazy\"\/><\/a>Tuure ja Saana Boelius. Tuuren kuva Petolliset-sarjasta Nelonen, Saku Tiainen, Saanan kuva Selviytyj\u00e4t Suomi -sarjasta Nelonen, Lars Johnson<\/p>\n<p><strong>Tuure Boelius <\/strong>ja <strong>Saana Boelius <\/strong>ovat t\u00e4n\u00e4 syksyn\u00e4 kumpainenkin reality-ohjelmissa tv:ss\u00e4. Artisti Tuure Boelius on mukana Petollisissa ja h\u00e4n onkin pelannut hyvin. Viel\u00e4 h\u00e4n ei ole tullut \u00e4\u00e4nestetyksi ulos kisasta, vaan jatkaa kisaa petollisten tiimiss\u00e4.<\/p>\n<p>Sis\u00e4ll\u00f6ntuottaja ja fysioterapeutti Saana Boelius kisaa puolestaan Malesian viidakossa Selviytyj\u00e4t Suomi -realityss\u00e4. My\u00f6s Saana Boelius on osannut pelata mallikkaasti. H\u00e4n on viel\u00e4 kisassa mukana ja edennyt jo yksil\u00f6kilpailuun asti.<\/p>\n<p><a href=\"https:\/\/www.suomi24.fi\/viihde\/l\/68f9d9ba9524d-5323.webp\" rel=\"nofollow noopener\" target=\"_blank\"><img decoding=\"async\" src=\"https:\/\/www.europesays.com\/fi\/wp-content\/uploads\/2025\/10\/68f9d9ba9524d-5323.webp.webp\" alt=\"Tuure Boelius\" loading=\"lazy\"\/><\/a><\/p>\n<p>Tuure Boelius ja Saana Boelius kuvattuna Amazing Race -realityss\u00e4. Kuva: Mojo Er\u00e4mets\u00e4, Nelonen<\/p>\n<p>Boeliuksen sisarukset olivat yhdess\u00e4 Amazing Race -realityss\u00e4 v. 2024, jossa kisamenestys ei ollut kummoinen. He joutuivat j\u00e4tt\u00e4m\u00e4\u00e4n kilpailun jo sarjan toisessa jaksossa. Ensimm\u00e4isess\u00e4 jaksossa kymmenenten\u00e4 etapin p\u00e4\u00e4tepisteelle tulleet Boeliukset eiv\u00e4t onnistuneet nostamaan sijoitustaan.<\/p>\n<p>Petolliset la klo 19.30 Nelonen ja Ruutu<\/p>\n<p>Selviytyj\u00e4t Suomi su klo 19.30 Nelonen ja Ruutu<\/p>\n<p>Amazing Race Suomen 3. tuotantokausi starttaa Ruudussa ja Nelosella lauantaina 15.11.<\/p>\n<p><a href=\"https:\/\/www.telsu.fi\/\" rel=\"noopener noreferrer nofollow\" target=\"_blank\">Katso tv-ohjelma-ajat Telsu.fi<\/a><\/p>\n<p>Suomi24 Viihde<\/p>\n<p>Lue seuraavaksi<\/p>\n","protected":false},"excerpt":{"rendered":"Televisio Tuure Boelius ja Saana Boelius ovat t\u00e4n\u00e4 syksyn\u00e4 kumpainenkin reality-ohjelmissa tv:ss\u00e4.24.10.2025 klo 7:30Tuure ja Saana Boelius. Tuuren&hellip;\n","protected":false},"author":2,"featured_media":71366,"comment_status":"","ping_status":"","sticky":false,"template":"","format":"standard","meta":{"footnotes":""},"categories":[133],"tags":[137,33,31,30,32,206,156,109],"class_list":{"0":"post-71365","1":"post","2":"type-post","3":"status-publish","4":"format-standard","5":"has-post-thumbnail","7":"category-televisiot","8":"tag-entertainment","9":"tag-fi","10":"tag-finland","11":"tag-finnish","12":"tag-suomi","13":"tag-televisiot","14":"tag-tv","15":"tag-viihde"},"share_on_mastodon":{"url":"https:\/\/pubeurope.com\/@fi\/115431010757240022","error":""},"_links":{"self":[{"href":"https:\/\/www.europesays.com\/fi\/wp-json\/wp\/v2\/posts\/71365","targetHints":{"allow":["GET"]}}],"collection":[{"href":"https:\/\/www.europesays.com\/fi\/wp-json\/wp\/v2\/posts"}],"about":[{"href":"https:\/\/www.europesays.com\/fi\/wp-json\/wp\/v2\/types\/post"}],"author":[{"embeddable":true,"href":"https:\/\/www.europesays.com\/fi\/wp-json\/wp\/v2\/users\/2"}],"replies":[{"embeddable":true,"href":"https:\/\/www.europesays.com\/fi\/wp-json\/wp\/v2\/comments?post=71365"}],"version-history":[{"count":0,"href":"https:\/\/www.europesays.com\/fi\/wp-json\/wp\/v2\/posts\/71365\/revisions"}],"wp:featuredmedia":[{"embeddable":true,"href":"https:\/\/www.europesays.com\/fi\/wp-json\/wp\/v2\/media\/71366"}],"wp:attachment":[{"href":"https:\/\/www.europesays.com\/fi\/wp-json\/wp\/v2\/media?parent=71365"}],"wp:term":[{"taxonomy":"category","embeddable":true,"href":"https:\/\/www.europesays.com\/fi\/wp-json\/wp\/v2\/categories?post=71365"},{"taxonomy":"post_tag","embeddable":true,"href":"https:\/\/www.europesays.com\/fi\/wp-json\/wp\/v2\/tags?post=71365"}],"curies":[{"name":"wp","href":"https:\/\/api.w.org\/{rel}","templated":true}]}}