{"id":71367,"date":"2025-10-24T20:26:07","date_gmt":"2025-10-24T20:26:07","guid":{"rendered":"https:\/\/www.europesays.com\/fi\/71367\/"},"modified":"2025-10-24T20:26:07","modified_gmt":"2025-10-24T20:26:07","slug":"seiska-toni-nieminen-viihtyi-uuden-naisen-kanssa-nyt-avautuu-surullinen-avopuoliso-janet","status":"publish","type":"post","link":"https:\/\/www.europesays.com\/fi\/71367\/","title":{"rendered":"Seiska: Toni Nieminen viihtyi uuden naisen kanssa &#8211; nyt avautuu surullinen avopuoliso-Janet"},"content":{"rendered":"<p>Ex-m\u00e4kihypp\u00e4\u00e4j\u00e4 Toni Niemisen parisuhteen ymp\u00e4rill\u00e4 ei kaikki ole kunnossa. Lehdet pistiv\u00e4t merkille, kun Toni osallistui baarin avajaisiin toisen naisen seurassa hiljattain.<\/p>\n<p>Janet Kulmala, Toni Niemisen avopuoliso, kertoo <a href=\"https:\/\/www.seiska.fi\/vain-seiskassa\/toni-niemisen-avovaimo-tiistaina-vannottiin-rakkautta-toinen-nainen-yllatti-taysin\/1971887\" rel=\"nofollow noopener\" target=\"_blank\">Seiskalle<\/a> yll\u00e4ttyneens\u00e4 tilanteesta t\u00e4ysin. Parisuhde n\u00e4ytt\u00e4isi olevan kriisiss\u00e4.<\/p>\n<p>H\u00e4n kokee Tonin kohdelleen h\u00e4nt\u00e4 kaltoin tunnetasolla viimeisen kuukauden aikana, eik\u00e4 h\u00e4n olisi halunnut suhteen p\u00e4\u00e4ttyv\u00e4n niin, ett\u00e4 lukee asiasta lehdest\u00e4. H\u00e4n ei kyll\u00e4k\u00e4\u00e4n ole varma onko Toni l\u00f6yt\u00e4nyt uuden kumppanin tai pett\u00e4nyt h\u00e4nt\u00e4. Kotona h\u00e4nt\u00e4 on n\u00e4kynyt viime aikoina harvemmin.<\/p>\n<p>Lehdess\u00e4 h\u00e4n my\u00f6nt\u00e4\u00e4 yh\u00e4 rakastavansa Tonia ja toivoneensa mahdollisuutta jatkaa yhdess\u00e4. Kulmalan mukaan viel\u00e4 tiistaina Nieminen vannoi rakkautta, mutta keskiviikkona kaikki olikin toisin.<\/p>\n<p>Toni oli jo rauhoittunut<\/p>\n<p>Toni Niemisen el\u00e4m\u00e4\u00e4n on naisia, liittoja, suhteita ja lapsiakin mahtunut. Janet ja Toni ovat olleet yhdess\u00e4 viisi vuotta.<\/p>\n<p>Nieminen vaikutti rauhoittuneen parisuhteen aikana, ja h\u00e4nen el\u00e4m\u00e4ns\u00e4 n\u00e4ytti asettuneen. Viime ajat ovat olleet tuulisia ja Toni on my\u00f6s asunut yst\u00e4v\u00e4ns\u00e4 asunnossa. Erosta ei kuitenkaan ollut puhuttu, vaikka tilanne kesti viikkoja. He ovat kuitenkin olleet my\u00f6s \u00f6it\u00e4 toistensa luona.<\/p>\n<p>Pettynyt avovaimo kertoo Seiskalle ymm\u00e4rt\u00e4v\u00e4ns\u00e4 nyt paremmin, miksi Niemisen k\u00e4yt\u00f6s on aiemminkin satuttanut naisia.<\/p>\n<p>\u2013 Tuntuu silt\u00e4, ett\u00e4 h\u00e4n on tunnetasolla kiduttanut minuakin kohta kuukauden ajan, Janet lausuu Seiskalle.<\/p>\n<p>Lue my\u00f6s: <a href=\"https:\/\/www.como.fi\/uutiset\/nuorin-olympiavoittajamme-toni-nieminen-50-vuotta-mtv-tata-han-katuu\/\" title=\"Nuorin olympiavoittajamme Toni Nieminen 50 vuotta \u2013 MTV: T\u00e4t\u00e4 h\u00e4n katuu\" class=\"underline-custom !font-montserrat !font-bold !underline-offset-4 !decoration-4 !decoration-red-600 !text-md\" rel=\"nofollow noopener\" target=\"_blank\">Nuorin olympiavoittajamme Toni Nieminen 50 vuotta \u2013 MTV: T\u00e4t\u00e4 h\u00e4n katuu<\/a><\/p>\n<p>Lue my\u00f6s: <a href=\"https:\/\/www.como.fi\/tilaa-comon-uutiskirje\/\" title=\"Tilaa Comon uutiskirje ja tied\u00e4t mist\u00e4 kahvitauolla puhutaan! Nappaa kotimaan tv-vinkit ja puheenaiheet suoraan s\u00e4hk\u00f6postiin t\u00e4st\u00e4.\" class=\"underline-custom !font-montserrat !font-bold !underline-offset-4 !decoration-4 !decoration-red-600 !text-md\" rel=\"nofollow noopener\" target=\"_blank\">Tilaa Comon uutiskirje ja tied\u00e4t mist\u00e4 kahvitauolla puhutaan! Nappaa kotimaan tv-vinkit ja puheenaiheet suoraan s\u00e4hk\u00f6postiin t\u00e4st\u00e4.<\/a><\/p>\n","protected":false},"excerpt":{"rendered":"Ex-m\u00e4kihypp\u00e4\u00e4j\u00e4 Toni Niemisen parisuhteen ymp\u00e4rill\u00e4 ei kaikki ole kunnossa. Lehdet pistiv\u00e4t merkille, kun Toni osallistui baarin avajaisiin toisen&hellip;\n","protected":false},"author":2,"featured_media":71368,"comment_status":"","ping_status":"","sticky":false,"template":"","format":"standard","meta":{"footnotes":""},"categories":[158],"tags":[33,31,30,159,32,8594,160],"class_list":{"0":"post-71367","1":"post","2":"type-post","3":"status-publish","4":"format-standard","5":"has-post-thumbnail","7":"category-urheilu","8":"tag-fi","9":"tag-finland","10":"tag-finnish","11":"tag-sports","12":"tag-suomi","13":"tag-toni-nieminen","14":"tag-urheilu"},"share_on_mastodon":{"url":"https:\/\/pubeurope.com\/@fi\/115431026474128597","error":""},"_links":{"self":[{"href":"https:\/\/www.europesays.com\/fi\/wp-json\/wp\/v2\/posts\/71367","targetHints":{"allow":["GET"]}}],"collection":[{"href":"https:\/\/www.europesays.com\/fi\/wp-json\/wp\/v2\/posts"}],"about":[{"href":"https:\/\/www.europesays.com\/fi\/wp-json\/wp\/v2\/types\/post"}],"author":[{"embeddable":true,"href":"https:\/\/www.europesays.com\/fi\/wp-json\/wp\/v2\/users\/2"}],"replies":[{"embeddable":true,"href":"https:\/\/www.europesays.com\/fi\/wp-json\/wp\/v2\/comments?post=71367"}],"version-history":[{"count":0,"href":"https:\/\/www.europesays.com\/fi\/wp-json\/wp\/v2\/posts\/71367\/revisions"}],"wp:featuredmedia":[{"embeddable":true,"href":"https:\/\/www.europesays.com\/fi\/wp-json\/wp\/v2\/media\/71368"}],"wp:attachment":[{"href":"https:\/\/www.europesays.com\/fi\/wp-json\/wp\/v2\/media?parent=71367"}],"wp:term":[{"taxonomy":"category","embeddable":true,"href":"https:\/\/www.europesays.com\/fi\/wp-json\/wp\/v2\/categories?post=71367"},{"taxonomy":"post_tag","embeddable":true,"href":"https:\/\/www.europesays.com\/fi\/wp-json\/wp\/v2\/tags?post=71367"}],"curies":[{"name":"wp","href":"https:\/\/api.w.org\/{rel}","templated":true}]}}