{"id":71373,"date":"2025-10-24T20:32:12","date_gmt":"2025-10-24T20:32:12","guid":{"rendered":"https:\/\/www.europesays.com\/fi\/71373\/"},"modified":"2025-10-24T20:32:12","modified_gmt":"2025-10-24T20:32:12","slug":"kalpa-otti-6-4-voiton-karpista-tasta-jutusta-voit-tarkastaa-perjantain-ottelun-tapahtumat-urheilu","status":"publish","type":"post","link":"https:\/\/www.europesays.com\/fi\/71373\/","title":{"rendered":"KalPa otti 6\u20134 voiton K\u00e4rpist\u00e4 \u2013 t\u00e4st\u00e4 jutusta voit tarkastaa perjantain ottelun tapahtumat | Urheilu"},"content":{"rendered":"<p>\t\t<a class=\"diks-gallery__link\" href=\"https:\/\/www.savonsanomat.fi\/incoming\/pemktc\/11115635_.jpg\/alternates\/FREE_1440\/11115635_.jpg\" data-thumbnail=\"https:\/\/www.savonsanomat.fi\/incoming\/pemktc\/11115635_.jpg\/alternates\/SQUARE_240\/11115635_.jpg\" data-sub-html=\"Aake Roininen\" aria-label=\"Katso isompi kuva\" rel=\"nofollow noopener\" target=\"_blank\"><br \/>\n\t\t\t\t<img class=\"diks-figure__image\" src=\"https:\/\/www.europesays.com\/fi\/wp-content\/uploads\/2025\/10\/11115635_.jpg\" loading=\"lazy\" decoding=\"sync\" alt=\"\"\/><\/p>\n<p>\t\t\t<\/a><br \/>\n\t\t\t\t\tAake Roininen<\/p>\n<p class=\"diks-article__lead\">T\u00e4st\u00e4 artikkelista voit katsoa KalPa-K\u00e4rp\u00e4t-ottelun tilanteet. Artikkelissa n\u00e4kyv\u00e4t my\u00f6s joukkueiden kokoonpanot sek\u00e4 p\u00e4iv\u00e4n muiden kiekko-otteluiden tilanteet.<\/p>\n<p class=\"diks-byline__author\">Jussi Murtasaari<\/p>\n<p>\n\t\tT\u00e4n\u00e4\u00e4n 19:15<\/p>\n<p>\t\t\t\t\t\t\t\t\t| P\u00e4ivitetty t\u00e4n\u00e4\u00e4n 21:59\n\t\t\t\t\t\t<\/p>\n<p>\t\tP\u00e4iv\u00e4n muut j\u00e4\u00e4kiekko-ottelut<\/p>\n<p>\t\t\tLataa sovelluksemme<\/p>\n<p>Helpoin tapa lukea tuoreimmat uutiset.<\/p>\n<p class=\"diks-title diks-title--size-s\">Mainos: Pee\u00c4ss\u00e4<\/p>\n<p>\t\t\t\t<img src=\"https:\/\/www.europesays.com\/fi\/wp-content\/uploads\/2025\/10\/RoofTop_Fondue-28.jpg\" class=\"diks-native-ad__image\"   loading=\"lazy\" decoding=\"sync\" alt=\"\"\/><\/p>\n<p class=\"diks-title diks-title--size-s\">Mainos: Pee\u00c4ss\u00e4<\/p>\n<p>\n\t\t20.10.2025 0:00<\/p>\n<p class=\"diks-title diks-title--size-s\">Mainos: Suomen Kultareservi<\/p>\n<p>\t\t\t\t<img src=\"https:\/\/www.europesays.com\/fi\/wp-content\/uploads\/2025\/10\/1761337932_930_kultareservi.jpg\" class=\"diks-native-ad__image\"   loading=\"lazy\" decoding=\"sync\" alt=\"\"\/><\/p>\n<p class=\"diks-title diks-title--size-s\">Mainos: Suomen Kultareservi<\/p>\n<p>\n\t\t20.10.2025 0:00<\/p>\n","protected":false},"excerpt":{"rendered":"Aake Roininen T\u00e4st\u00e4 artikkelista voit katsoa KalPa-K\u00e4rp\u00e4t-ottelun tilanteet. Artikkelissa n\u00e4kyv\u00e4t my\u00f6s joukkueiden kokoonpanot sek\u00e4 p\u00e4iv\u00e4n muiden kiekko-otteluiden tilanteet.&hellip;\n","protected":false},"author":2,"featured_media":71374,"comment_status":"","ping_status":"","sticky":false,"template":"","format":"standard","meta":{"footnotes":""},"categories":[12],"tags":[22,23,26,27,33,31,30,17,1143,5435,2935,1132,24,25,41,28,29,1146,15,18,21,32,19,20,16],"class_list":{"0":"post-71373","1":"post","2":"type-post","3":"status-publish","4":"format-standard","5":"has-post-thumbnail","7":"category-suomi","8":"tag-breaking-news","9":"tag-breakingnews","10":"tag-featured-news","11":"tag-featurednews","12":"tag-fi","13":"tag-finland","14":"tag-finnish","15":"tag-headlines","16":"tag-jaakiekko","17":"tag-jaakiekon-miesten-sm-liiga","18":"tag-kalpa","19":"tag-kuopio","20":"tag-latest-news","21":"tag-latestnews","22":"tag-liikunta-ja-urheilu","23":"tag-main-news","24":"tag-mainnews","25":"tag-miesten-jaakiekko","26":"tag-news","27":"tag-otsikot","28":"tag-paauutiset","29":"tag-suomi","30":"tag-top-stories","31":"tag-topstories","32":"tag-uutiset"},"share_on_mastodon":{"url":"https:\/\/pubeurope.com\/@fi\/115431050262766470","error":""},"_links":{"self":[{"href":"https:\/\/www.europesays.com\/fi\/wp-json\/wp\/v2\/posts\/71373","targetHints":{"allow":["GET"]}}],"collection":[{"href":"https:\/\/www.europesays.com\/fi\/wp-json\/wp\/v2\/posts"}],"about":[{"href":"https:\/\/www.europesays.com\/fi\/wp-json\/wp\/v2\/types\/post"}],"author":[{"embeddable":true,"href":"https:\/\/www.europesays.com\/fi\/wp-json\/wp\/v2\/users\/2"}],"replies":[{"embeddable":true,"href":"https:\/\/www.europesays.com\/fi\/wp-json\/wp\/v2\/comments?post=71373"}],"version-history":[{"count":0,"href":"https:\/\/www.europesays.com\/fi\/wp-json\/wp\/v2\/posts\/71373\/revisions"}],"wp:featuredmedia":[{"embeddable":true,"href":"https:\/\/www.europesays.com\/fi\/wp-json\/wp\/v2\/media\/71374"}],"wp:attachment":[{"href":"https:\/\/www.europesays.com\/fi\/wp-json\/wp\/v2\/media?parent=71373"}],"wp:term":[{"taxonomy":"category","embeddable":true,"href":"https:\/\/www.europesays.com\/fi\/wp-json\/wp\/v2\/categories?post=71373"},{"taxonomy":"post_tag","embeddable":true,"href":"https:\/\/www.europesays.com\/fi\/wp-json\/wp\/v2\/tags?post=71373"}],"curies":[{"name":"wp","href":"https:\/\/api.w.org\/{rel}","templated":true}]}}