{"id":71375,"date":"2025-10-24T20:33:08","date_gmt":"2025-10-24T20:33:08","guid":{"rendered":"https:\/\/www.europesays.com\/fi\/71375\/"},"modified":"2025-10-24T20:33:08","modified_gmt":"2025-10-24T20:33:08","slug":"poliisilla-takaa-ajo-laitilassa-sivullinen-kuoli","status":"publish","type":"post","link":"https:\/\/www.europesays.com\/fi\/71375\/","title":{"rendered":"Poliisilla takaa-ajo Laitilassa, sivullinen kuoli"},"content":{"rendered":"<p>Onnettomuudet|Poliisiauto t\u00f6rm\u00e4si tilanteeseen liittym\u00e4tt\u00f6m\u00e4\u00e4n henkil\u00f6autoon. Takaa-ajettu p\u00e4\u00e4si tilanteessa karkuun.<\/p>\n<p class=\"article-body mb-nof-24 px-nof-16\">Yksi sivullinen kuoli perjantai-iltana Laitilassa, kun poliisi ajoi takaa toista autoa, kertoo Lounais-Suomen poliisi.<\/p>\n<p class=\"article-body mb-nof-24 px-nof-16\">Poliisin mukaan h\u00e4lytysajossa ollut poliisi seurasi pakenevaa ajoneuvoa, joka ei ollut totellut poliisin aiempaa pys\u00e4htymisk\u00e4sky\u00e4. Tilanne alkoi noin kello 19.50.<\/p>\n<p class=\"article-body mb-nof-24 px-nof-16\">Kasitiell\u00e4 Joukahaisentien risteyksen kohdalla pakeneva auto l\u00e4hti ohittamaan autoletkaa poliisin seuratessa sit\u00e4 vilkut ja sireeni p\u00e4\u00e4ll\u00e4.<\/p>\n<p class=\"article-body mb-nof-24 px-nof-16\">Risteyksen kohdalla autoletkassa ollut sivullinen henkil\u00f6auto oli k\u00e4\u00e4ntym\u00e4ss\u00e4, jolloin poliisiauto t\u00f6rm\u00e4si siihen ja k\u00e4\u00e4ntyv\u00e4\u00e4 autoa kuljettanut mies kuoli. Miest\u00e4 yritettiin elvytt\u00e4\u00e4 onnettomuuspaikalla, mutta se ei auttanut.<\/p>\n<p class=\"article-body mb-nof-24 px-nof-16\">Ilta-Sanomien julkaisemissa <a class=\"article-genericlink\" href=\"https:\/\/www.is.fi\/turun-seutu\/art-2000011583171.html\" rel=\"nofollow noopener\" target=\"_blank\">kuvissa n\u00e4kyy<\/a>, kuinka poliisiauton puskuri on vaurioitunut pahasti.<\/p>\n<p class=\"article-body mb-nof-24 px-nof-16\">Kuljettajan lis\u00e4ksi henkil\u00f6autossa ei ollut muita.<\/p>\n<p class=\"article-body mb-nof-24 px-nof-16\">Poliisiautoa paennut auto p\u00e4\u00e4si karkuun, ja Lounais-Suomen poliisi kertoo jatkavansa paenneen autoilijan etsimist\u00e4.<\/p>\n<p class=\"article-body mb-nof-24 px-nof-16\">Poliisi kertoo kirjanneensa onnettomuudesta rikosilmoituksen liikenneturvallisuuden vaarantamisesta ja kuolemantuottamuksesta. Koska kyseess\u00e4 on poliisi, tutkinta siirtyy Syytt\u00e4j\u00e4laitokselle.<\/p>\n","protected":false},"excerpt":{"rendered":"Onnettomuudet|Poliisiauto t\u00f6rm\u00e4si tilanteeseen liittym\u00e4tt\u00f6m\u00e4\u00e4n henkil\u00f6autoon. Takaa-ajettu p\u00e4\u00e4si tilanteessa karkuun. Yksi sivullinen kuoli perjantai-iltana Laitilassa, kun poliisi ajoi takaa&hellip;\n","protected":false},"author":2,"featured_media":71376,"comment_status":"","ping_status":"","sticky":false,"template":"","format":"standard","meta":{"footnotes":""},"categories":[5],"tags":[22,23,26,27,33,31,30,17,46,24,25,28,29,15,18,21,32,19,20,16],"class_list":{"0":"post-71375","1":"post","2":"type-post","3":"status-publish","4":"format-standard","5":"has-post-thumbnail","7":"category-otsikot","8":"tag-breaking-news","9":"tag-breakingnews","10":"tag-featured-news","11":"tag-featurednews","12":"tag-fi","13":"tag-finland","14":"tag-finnish","15":"tag-headlines","16":"tag-helsingin-sanomat","17":"tag-latest-news","18":"tag-latestnews","19":"tag-main-news","20":"tag-mainnews","21":"tag-news","22":"tag-otsikot","23":"tag-paauutiset","24":"tag-suomi","25":"tag-top-stories","26":"tag-topstories","27":"tag-uutiset"},"share_on_mastodon":{"url":"https:\/\/pubeurope.com\/@fi\/115431053908321042","error":""},"_links":{"self":[{"href":"https:\/\/www.europesays.com\/fi\/wp-json\/wp\/v2\/posts\/71375","targetHints":{"allow":["GET"]}}],"collection":[{"href":"https:\/\/www.europesays.com\/fi\/wp-json\/wp\/v2\/posts"}],"about":[{"href":"https:\/\/www.europesays.com\/fi\/wp-json\/wp\/v2\/types\/post"}],"author":[{"embeddable":true,"href":"https:\/\/www.europesays.com\/fi\/wp-json\/wp\/v2\/users\/2"}],"replies":[{"embeddable":true,"href":"https:\/\/www.europesays.com\/fi\/wp-json\/wp\/v2\/comments?post=71375"}],"version-history":[{"count":0,"href":"https:\/\/www.europesays.com\/fi\/wp-json\/wp\/v2\/posts\/71375\/revisions"}],"wp:featuredmedia":[{"embeddable":true,"href":"https:\/\/www.europesays.com\/fi\/wp-json\/wp\/v2\/media\/71376"}],"wp:attachment":[{"href":"https:\/\/www.europesays.com\/fi\/wp-json\/wp\/v2\/media?parent=71375"}],"wp:term":[{"taxonomy":"category","embeddable":true,"href":"https:\/\/www.europesays.com\/fi\/wp-json\/wp\/v2\/categories?post=71375"},{"taxonomy":"post_tag","embeddable":true,"href":"https:\/\/www.europesays.com\/fi\/wp-json\/wp\/v2\/tags?post=71375"}],"curies":[{"name":"wp","href":"https:\/\/api.w.org\/{rel}","templated":true}]}}