{"id":71379,"date":"2025-10-24T20:48:12","date_gmt":"2025-10-24T20:48:12","guid":{"rendered":"https:\/\/www.europesays.com\/fi\/71379\/"},"modified":"2025-10-24T20:48:12","modified_gmt":"2025-10-24T20:48:12","slug":"tanaan-tvssa-onko-tassa-sean-conneryn-paras-roolisuoritus-vuoden-1987-gangsterileffalle-on-pakko-antaa-5-tahtea","status":"publish","type":"post","link":"https:\/\/www.europesays.com\/fi\/71379\/","title":{"rendered":"T\u00e4n\u00e4\u00e4n tv:ss\u00e4: Onko t\u00e4ss\u00e4 Sean Conneryn paras roolisuoritus? \u2013 Vuoden 1987 gangsterileffalle on pakko antaa 5 t\u00e4hte\u00e4"},"content":{"rendered":"<p><strong>Brian De Palman<\/strong> ohjaama Lahjomattomat ilmestyi vuonna 1987.<\/p>\n<p>Elokuva perustuu vuosina 1959\u20131963 tehtyyn suosittuun televisiosarjaan, joka puolestaan pohjautui <strong>Eliot Nessin<\/strong> suomeksikin ilmestynyt el\u00e4m\u00e4kertaan.<\/p>\n<p>Eliot Nessi\u00e4 esitti tuolloin viel\u00e4 melko tuntematon n\u00e4yttelij\u00e4lupaus <strong>Kevin Costner.<\/strong> Nessin roolista tulikin Costnerin suuri l\u00e4pimurto. Elokuva nosti kuuluisuuteen my\u00f6s italialaistaustaista poliisia esitt\u00e4v\u00e4n <strong>Andy Garcian.<\/strong><\/p>\n<p>Lue my\u00f6s: <a href=\"https:\/\/www.episodi.fi\/uutiset\/tiesitko-tata-kolmas-indiana-jones-elokuva-meinasi-olla-hyvin-erilainen-george-lucas-tyosti-kummitustaloon-sijoittuvaa-kauhistusta\/\" title=\"Tiesitk\u00f6 t\u00e4t\u00e4? Kolmas Indiana Jones meinasi olla hyvin erilainen \u2013 Steven Spielberg k\u00e4\u00e4nsi George Lucasin p\u00e4\u00e4n\" class=\"underline-custom !font-montserrat !font-bold !underline-offset-4 !decoration-4 !decoration-episodi-blue !text-md\" rel=\"nofollow noopener\" target=\"_blank\">Tiesitk\u00f6 t\u00e4t\u00e4? Kolmas Indiana Jones meinasi olla hyvin erilainen \u2013 Steven Spielberg k\u00e4\u00e4nsi George Lucasin p\u00e4\u00e4n<\/a><\/p>\n<p>Lahjomattomat sijoittuu 1930-luvun Chicagoon, jossa taistelu Al Caponen (<strong>Robert De Niro<\/strong>) johtamaa j\u00e4rjest\u00e4ytynytt\u00e4 rikollisuutta k\u00e4y kuumana. Viinan salakauppa ja muut laittomuudet ovat saaneet kaupungin sekaisin. Eliot Ness kokoaa t\u00e4t\u00e4 taistelua varten joukon rehtej\u00e4 poliiseja joita korruptio ei vaivaa.<\/p>\n<p><strong>David Mametin<\/strong> k\u00e4sikirjoituksesta tulee De Palman taiturimaisessa k\u00e4sittelyss\u00e4 yksi kaikkien aikojen gangsterielokuvia. Rautatieasemalla tapahtuva Panssarilaiva Potemkinista vaikutteita saanut kohtaus on legendaarinen. Erikoismaininnan ansaitsee <strong>Ennio Morriconen<\/strong> upea musiikki.<\/p>\n<p><strong>Sean Connery<\/strong> voitti veteraanipoliisi Malonen roolista sivuosa-Oscarin, ja h\u00e4n onkin suorastaan el\u00e4m\u00e4ns\u00e4 roolissa. <\/p>\n<p>\u201dElokuvan ydin oli katuv\u00e4kivallassa\u201d, Connery kertoi my\u00f6hemmin <a href=\"https:\/\/ew.com\/movies\/2017\/06\/05\/the-untouchables-kevin-costner-robert-deniro-sean-connery-look-back\/\" target=\"_blank\" rel=\"noreferrer noopener nofollow\">Entertainment Weeklyn mukaan<\/a>. H\u00e4nen hahmonsa ymm\u00e4rsi sen paremmin kuin kukaan muu. N\u00e4yttelij\u00e4 piti yhten\u00e4 suosikkikohtauksistaan Malonen ja Nessin v\u00e4list\u00e4 keskustelua, jossa he piilottelevat kirkossa, ja vanha poliisi antaa kokemattomalle liittovaltion agentille mestarikurssin oikeuden toteuttamisesta chicagolaiseen tyyliin.<\/p>\n<p>\u201dHaluatko saada Caponen kiinni? N\u00e4in sen teet\u201d, Malone opastaa Nessi\u00e4. \u201dH\u00e4n vet\u00e4\u00e4 esiin veitsen \u2013 sin\u00e4 ved\u00e4t aseen. H\u00e4n l\u00e4hett\u00e4\u00e4 yhden miehist\u00e4si sairaalaan \u2013 sin\u00e4 l\u00e4het\u00e4t yhden h\u00e4nen miehist\u00e4\u00e4n ruumishuoneelle. Se on chicagolainen tapa, ja siten sin\u00e4 nappaat Caponen.\u201d<\/p>\n<p>De Niron rooli on pienempi, mutta h\u00e4n valmistautui huolellisesti Al Caponen rooliin ja halusi tehd\u00e4 oikeutta pel\u00e4tylle gangsterille. H\u00e4n kertoi Entertainment Weeklyn artikkelissa yritt\u00e4neens\u00e4 \u201dlihoa niin paljon kuin mahdollista\u201d, ja lopulta h\u00e4n onnistui lis\u00e4\u00e4m\u00e4\u00e4n painoa noin 15 kiloa. Pelkk\u00e4 painonnousu ei kuitenkaan riitt\u00e4nyt: h\u00e4n ajoi my\u00f6s p\u00e4\u00e4ns\u00e4 kaljuksi n\u00e4ytt\u00e4\u00e4kseen enemm\u00e4n esikuvansa kaltaiselta, sill\u00e4 kuten h\u00e4n itse sanoi, \u201dhalusin n\u00e4ytt\u00e4\u00e4 mahdollisimman py\u00f6re\u00e4lt\u00e4.\u201d<\/p>\n<p><img loading=\"lazy\" height=\"430\" width=\"648\" class=\"wp-image-246533 sp-no-webp perfmatters-lazy\" alt=\"\" decoding=\"async\" src=\"https:\/\/www.europesays.com\/fi\/wp-content\/uploads\/2025\/10\/lahjomattomat-robert-de-niro-the-untouchables-648x430.jpg\"  data-\/> <\/p>\n<p>Lahjomattomat esitet\u00e4\u00e4n nyt MTV:n kanavilla kahteen otteeseen:<\/p>\n<ul class=\"wp-block-list\">\n<li>Pe 24.10.2025 klo 23.05 \u00b7 MTV3<\/li>\n<li>La 25.10.2025 klo 21.00 \u00b7 MTV Ava<\/li>\n<\/ul>\n<p>Katso alta Conneryn suosikkikohtaus, jossa h\u00e4n kertoo, kuinka asiat Chicagossa hoidetaan.<\/p>\n<p><img loading=\"lazy\" decoding=\"async\" alt=\"YouTube video\" width=\"480\" height=\"360\" data-pin-nopin=\"true\" nopin=\"nopin\" class=\"perfmatters-lazy\" src=\"https:\/\/www.europesays.com\/fi\/wp-content\/uploads\/2025\/10\/1761338892_321_hqdefault.jpg\"\/><\/p>\n<p>Lue my\u00f6s: <a href=\"https:\/\/www.episodi.fi\/uutiskirje\/?uutiskirjemainos=tekstilinkkimainos\" title=\"Tilaa Episodin uutiskirje ja voit voittaa leffalippuja! Nappaa tv-vinkit suoraan s\u00e4hk\u00f6postiin t\u00e4st\u00e4.\" class=\"underline-custom !font-montserrat !font-bold !underline-offset-4 !decoration-4 !decoration-episodi-blue !text-md\" rel=\"nofollow noopener\" target=\"_blank\">Tilaa Episodin uutiskirje ja voit voittaa leffalippuja! Nappaa katseluvinkit suoraan s\u00e4hk\u00f6postiin t\u00e4st\u00e4.<\/a><\/p>\n","protected":false},"excerpt":{"rendered":"Brian De Palman ohjaama Lahjomattomat ilmestyi vuonna 1987. Elokuva perustuu vuosina 1959\u20131963 tehtyyn suosittuun televisiosarjaan, joka puolestaan pohjautui&hellip;\n","protected":false},"author":2,"featured_media":71380,"comment_status":"","ping_status":"","sticky":false,"template":"","format":"standard","meta":{"footnotes":""},"categories":[133],"tags":[137,33,31,30,32,206,139,156,109],"class_list":{"0":"post-71379","1":"post","2":"type-post","3":"status-publish","4":"format-standard","5":"has-post-thumbnail","7":"category-televisiot","8":"tag-entertainment","9":"tag-fi","10":"tag-finland","11":"tag-finnish","12":"tag-suomi","13":"tag-televisiot","14":"tag-tv-ohjelmat","15":"tag-tv","16":"tag-viihde"},"share_on_mastodon":{"url":"https:\/\/pubeurope.com\/@fi\/115431113236649866","error":""},"_links":{"self":[{"href":"https:\/\/www.europesays.com\/fi\/wp-json\/wp\/v2\/posts\/71379","targetHints":{"allow":["GET"]}}],"collection":[{"href":"https:\/\/www.europesays.com\/fi\/wp-json\/wp\/v2\/posts"}],"about":[{"href":"https:\/\/www.europesays.com\/fi\/wp-json\/wp\/v2\/types\/post"}],"author":[{"embeddable":true,"href":"https:\/\/www.europesays.com\/fi\/wp-json\/wp\/v2\/users\/2"}],"replies":[{"embeddable":true,"href":"https:\/\/www.europesays.com\/fi\/wp-json\/wp\/v2\/comments?post=71379"}],"version-history":[{"count":0,"href":"https:\/\/www.europesays.com\/fi\/wp-json\/wp\/v2\/posts\/71379\/revisions"}],"wp:featuredmedia":[{"embeddable":true,"href":"https:\/\/www.europesays.com\/fi\/wp-json\/wp\/v2\/media\/71380"}],"wp:attachment":[{"href":"https:\/\/www.europesays.com\/fi\/wp-json\/wp\/v2\/media?parent=71379"}],"wp:term":[{"taxonomy":"category","embeddable":true,"href":"https:\/\/www.europesays.com\/fi\/wp-json\/wp\/v2\/categories?post=71379"},{"taxonomy":"post_tag","embeddable":true,"href":"https:\/\/www.europesays.com\/fi\/wp-json\/wp\/v2\/tags?post=71379"}],"curies":[{"name":"wp","href":"https:\/\/api.w.org\/{rel}","templated":true}]}}