{"id":71381,"date":"2025-10-24T20:49:08","date_gmt":"2025-10-24T20:49:08","guid":{"rendered":"https:\/\/www.europesays.com\/fi\/71381\/"},"modified":"2025-10-24T20:49:08","modified_gmt":"2025-10-24T20:49:08","slug":"suomalainen-metallin-merkkiteos-tayttaa-20-vuotta-luvassa-juhlakiertue","status":"publish","type":"post","link":"https:\/\/www.europesays.com\/fi\/71381\/","title":{"rendered":"Suomalainen metallin merkkiteos t\u00e4ytt\u00e4\u00e4 20 vuotta: luvassa juhlakiertue"},"content":{"rendered":"<p><strong>Mokoman\u00a0<\/strong>Kuoleman laulukunnaat\u00a0-albumi t\u00e4ytt\u00e4\u00e4 ensi vuonna 20 vuotta. Asiaa juhlistetaan kev\u00e4\u00e4ll\u00e4 13 keikkaa k\u00e4sitt\u00e4v\u00e4ll\u00e4 kiertueella. Keikoilla levy soitetaan l\u00e4pi kokonaisuudessaan, ja mukana setiss\u00e4 on luonnollisesti my\u00f6s kappaleita muilta levyilt\u00e4.<\/p>\n<p>Lue my\u00f6s: <a href=\"https:\/\/www.rumba.fi\/uutiset\/noise-musiikin-kenties-se-tarkein-nimi-merzbow-saapuu-suomeen\/\" title=\"Noise-musiikin kenties se t\u00e4rkein nimi Merzbow saapuu Suomeen\" class=\"underline-custom !font-montserrat !font-bold !underline-offset-4 !decoration-4 !decoration-tilt-light !text-md\" rel=\"nofollow noopener\" target=\"_blank\">Noise-musiikin kenties se t\u00e4rkein nimi Merzbow saapuu Suomeen<\/a><\/p>\n<p>Lue my\u00f6s: <a href=\"https:\/\/www.rumba.fi\/uutiset\/countrymusiikin-supertahti-saapuu-suomeen\/\" title=\"Countrymusiikin supert\u00e4hti saapuu Suomeen\" class=\"underline-custom !font-montserrat !font-bold !underline-offset-4 !decoration-4 !decoration-tilt-light !text-md\" rel=\"nofollow noopener\" target=\"_blank\">Countrymusiikin supert\u00e4hti saapuu Suomeen<\/a><\/p>\n<p>Levylt\u00e4 on Mokoman keikkasettiin vuosien varrella vakiinnuttanut paikkansa muun muassa Kuu saa valtansa auringolta sek\u00e4 Valapatto. Liput keikoille tulivat myyntiin t\u00e4n\u00e4\u00e4n perjantaina 24. p\u00e4iv\u00e4 lokakuuta.<\/p>\n<p>Keikkapaikat alta.<\/p>\n<p>Kuoleman laulukunnaat 20v:<br \/>13.3. Lutakko, Jyv\u00e4skyl\u00e4<br \/>14.3. Lutakko, Jyv\u00e4skyl\u00e4<br \/>20.3. Tavastia, Helsinki<br \/>21.3. Tavastia, Helsinki<br \/>27.3. Tavara-Asema, Tampere<br \/>28.3. Apollo, Turku<br \/>10.4. M\u00f6ys\u00e4n musaklubi, Lahti<br \/>17.4. Sawohouse Underground, Kuopio<br \/>18.4. Saimaa Areena, Lappeenranta<br \/>24.4. Peurunka Areena, Laukaa<br \/>30.4. Tullisali, Oulu<br \/>1.5. Rytmikorjaamo, Sein\u00e4joki<br \/>2.5. Vaasan j\u00e4\u00e4halli Olvi Pub, Vaasa<\/p>\n","protected":false},"excerpt":{"rendered":"Mokoman\u00a0Kuoleman laulukunnaat\u00a0-albumi t\u00e4ytt\u00e4\u00e4 ensi vuonna 20 vuotta. Asiaa juhlistetaan kev\u00e4\u00e4ll\u00e4 13 keikkaa k\u00e4sitt\u00e4v\u00e4ll\u00e4 kiertueella. Keikoilla levy soitetaan l\u00e4pi&hellip;\n","protected":false},"author":2,"featured_media":71382,"comment_status":"","ping_status":"","sticky":false,"template":"","format":"standard","meta":{"footnotes":""},"categories":[132],"tags":[137,33,31,30,195,47,32,109],"class_list":{"0":"post-71381","1":"post","2":"type-post","3":"status-publish","4":"format-standard","5":"has-post-thumbnail","7":"category-musiikki","8":"tag-entertainment","9":"tag-fi","10":"tag-finland","11":"tag-finnish","12":"tag-music","13":"tag-musiikki","14":"tag-suomi","15":"tag-viihde"},"share_on_mastodon":{"url":"https:\/\/pubeurope.com\/@fi\/115431116819618946","error":""},"_links":{"self":[{"href":"https:\/\/www.europesays.com\/fi\/wp-json\/wp\/v2\/posts\/71381","targetHints":{"allow":["GET"]}}],"collection":[{"href":"https:\/\/www.europesays.com\/fi\/wp-json\/wp\/v2\/posts"}],"about":[{"href":"https:\/\/www.europesays.com\/fi\/wp-json\/wp\/v2\/types\/post"}],"author":[{"embeddable":true,"href":"https:\/\/www.europesays.com\/fi\/wp-json\/wp\/v2\/users\/2"}],"replies":[{"embeddable":true,"href":"https:\/\/www.europesays.com\/fi\/wp-json\/wp\/v2\/comments?post=71381"}],"version-history":[{"count":0,"href":"https:\/\/www.europesays.com\/fi\/wp-json\/wp\/v2\/posts\/71381\/revisions"}],"wp:featuredmedia":[{"embeddable":true,"href":"https:\/\/www.europesays.com\/fi\/wp-json\/wp\/v2\/media\/71382"}],"wp:attachment":[{"href":"https:\/\/www.europesays.com\/fi\/wp-json\/wp\/v2\/media?parent=71381"}],"wp:term":[{"taxonomy":"category","embeddable":true,"href":"https:\/\/www.europesays.com\/fi\/wp-json\/wp\/v2\/categories?post=71381"},{"taxonomy":"post_tag","embeddable":true,"href":"https:\/\/www.europesays.com\/fi\/wp-json\/wp\/v2\/tags?post=71381"}],"curies":[{"name":"wp","href":"https:\/\/api.w.org\/{rel}","templated":true}]}}