{"id":71385,"date":"2025-10-24T20:53:08","date_gmt":"2025-10-24T20:53:08","guid":{"rendered":"https:\/\/www.europesays.com\/fi\/71385\/"},"modified":"2025-10-24T20:53:08","modified_gmt":"2025-10-24T20:53:08","slug":"jipulta-harvinainen-yhteiskuva-talta-nayttaa-27-vuotta-vanhempi-aviomies-iltalehti","status":"publish","type":"post","link":"https:\/\/www.europesays.com\/fi\/71385\/","title":{"rendered":"Jipulta harvinainen yhteiskuva \u2013 T\u00e4lt\u00e4 n\u00e4ytt\u00e4\u00e4 27 vuotta vanhempi aviomies &#8211; Iltalehti"},"content":{"rendered":"<ol>\n<li><a href=\"https:\/\/news.google.com\/rss\/articles\/CBMigwFBVV95cUxQX3B5cllZTzhoZFNORlVSUnZBUnQ2S3BJSU43Q3djZmRHenNhdWI4OUdkcXB0UUh4MWpwNnhFZWxWcl9FM2JBVmo5YTlWUmZKMjlPa18tLVJNdGo5LTRqbGhwZTRMT1dnWDhmVERieFVpTkM0NEtsNm9FTGJaaklDX2Jucw?oc=5\" target=\"_blank\" rel=\"nofollow noopener\">Jipulta harvinainen yhteiskuva \u2013 T\u00e4lt\u00e4 n\u00e4ytt\u00e4\u00e4 27 vuotta vanhempi aviomies<\/a>&nbsp;&nbsp;Iltalehti<\/li>\n<li><a href=\"https:\/\/news.google.com\/rss\/articles\/CBMiW0FVX3lxTE5RZjNkMzdLdi0wdnBhRk8yY0ZKY2JEdlRXRlBXTG9SWTYxSmJjUlpZUE9pcVZ5eVFWS3RvWC1meGR1SExCcnAyQmFsQ3lvSno1NlZESDdKckpYMlE?oc=5\" target=\"_blank\" rel=\"nofollow noopener\">Jippu julkaisi kuvan 27 vuotta vanhemmasta rakkaastaan \u2013 poseeraavat uima-asuissa<\/a>&nbsp;&nbsp;Ilta-Sanomat<\/li>\n<li><a href=\"https:\/\/news.google.com\/rss\/articles\/CBMiowFBVV95cUxNNGlBT3lZYmcxanRCYXJ5TFB2aW93cGFJTVFsV1VocGQ0T1N4R1BBdDFsemdKMkVHSzBkaW4zWFRoVlduaWN6V3FOaXpJZDdEM1JiZ0R1RlExTUU0bXlZZE9xNllPWC1USlhpMG01dE1TNzVQYmszems4Ny1Xdmhzdl9jbl85OW5nOXRJVDIwX0FMLVRnZ09TQlRkaTFZbDJkQ1VR?oc=5\" target=\"_blank\" rel=\"nofollow noopener\">Harvinaiset yhteiskuvat \u2013 Jippu ja l\u00e4hes 30 vuotta vanhempi rakas<\/a>&nbsp;&nbsp;Seiska.fi<\/li>\n<li><a href=\"https:\/\/news.google.com\/rss\/articles\/CBMijgFBVV95cUxNbHdSQUVWbmFXbFZUdVR1OWtEZGg3RU9NWFluR0t3TjhuNTFOdnFQRmhxdGt6OUtOOFhUdzh0d1lFemZIalp3RWhldU0zV2FyQ3JSRDc0TGZtQ3dpYW4zc1F0WTBfZUZ3Vi1keWlBeVRfRUU3azltT3JaTkZqMmJ1cDM4aU5iRDZyMFRLanJR?oc=5\" target=\"_blank\" rel=\"nofollow noopener\">Jippu julkaisi harvinaisia yhteiskuvia \u2013 h\u00e4\u00e4p\u00e4iv\u00e4n viettoa<\/a>&nbsp;&nbsp;Como.fi<\/li>\n<li><a href=\"https:\/\/news.google.com\/rss\/articles\/CBMikAFBVV95cUxQLUxyR3lRYjVtaVU4R05iTzFjUmsxQU1Ec01ieGRUR1NENXdQbVBxZTVza0oyZ1RPOXBKeFVvN1owcTlNa3ZuMjBtenY2X25qNll3OW9vc1FtemFPYV9wZzlpQ3c2VTVMQ3hlSWZWQURJMHR0X3hiVVdLVVkxVld6Z3pBVnBqWG03NVRFWllfN1Q?oc=5\" target=\"_blank\" rel=\"nofollow noopener\">Jippu jakoi harvinaisen kuvan vanhemman rakkaansa kanssa<\/a>&nbsp;&nbsp;Newsner Suomi<\/li>\n<\/ol>\n","protected":false},"excerpt":{"rendered":"Jipulta harvinainen yhteiskuva \u2013 T\u00e4lt\u00e4 n\u00e4ytt\u00e4\u00e4 27 vuotta vanhempi aviomies&nbsp;&nbsp;Iltalehti Jippu julkaisi kuvan 27 vuotta vanhemmasta rakkaastaan \u2013&hellip;\n","protected":false},"author":2,"featured_media":71386,"comment_status":"","ping_status":"","sticky":false,"template":"","format":"standard","meta":{"footnotes":""},"categories":[130],"tags":[35,138,137,33,31,30,101,47,98,32,484,109],"class_list":{"0":"post-71385","1":"post","2":"type-post","3":"status-publish","4":"format-standard","5":"has-post-thumbnail","7":"category-viihde","8":"tag-24h","9":"tag-audio","10":"tag-entertainment","11":"tag-fi","12":"tag-finland","13":"tag-finnish","14":"tag-ihmissuhteet","15":"tag-musiikki","16":"tag-perhe","17":"tag-suomi","18":"tag-taiteellinen-ilmaisu-ja-mediat","19":"tag-viihde"},"share_on_mastodon":{"url":"https:\/\/pubeurope.com\/@fi\/115431132539408202","error":""},"_links":{"self":[{"href":"https:\/\/www.europesays.com\/fi\/wp-json\/wp\/v2\/posts\/71385","targetHints":{"allow":["GET"]}}],"collection":[{"href":"https:\/\/www.europesays.com\/fi\/wp-json\/wp\/v2\/posts"}],"about":[{"href":"https:\/\/www.europesays.com\/fi\/wp-json\/wp\/v2\/types\/post"}],"author":[{"embeddable":true,"href":"https:\/\/www.europesays.com\/fi\/wp-json\/wp\/v2\/users\/2"}],"replies":[{"embeddable":true,"href":"https:\/\/www.europesays.com\/fi\/wp-json\/wp\/v2\/comments?post=71385"}],"version-history":[{"count":0,"href":"https:\/\/www.europesays.com\/fi\/wp-json\/wp\/v2\/posts\/71385\/revisions"}],"wp:featuredmedia":[{"embeddable":true,"href":"https:\/\/www.europesays.com\/fi\/wp-json\/wp\/v2\/media\/71386"}],"wp:attachment":[{"href":"https:\/\/www.europesays.com\/fi\/wp-json\/wp\/v2\/media?parent=71385"}],"wp:term":[{"taxonomy":"category","embeddable":true,"href":"https:\/\/www.europesays.com\/fi\/wp-json\/wp\/v2\/categories?post=71385"},{"taxonomy":"post_tag","embeddable":true,"href":"https:\/\/www.europesays.com\/fi\/wp-json\/wp\/v2\/tags?post=71385"}],"curies":[{"name":"wp","href":"https:\/\/api.w.org\/{rel}","templated":true}]}}