{"id":71387,"date":"2025-10-24T20:57:08","date_gmt":"2025-10-24T20:57:08","guid":{"rendered":"https:\/\/www.europesays.com\/fi\/71387\/"},"modified":"2025-10-24T20:57:08","modified_gmt":"2025-10-24T20:57:08","slug":"kanada-keskeyttaa-trumpin-suututtaneen-mainoskampanjan-uutisia-lyhyesti","status":"publish","type":"post","link":"https:\/\/www.europesays.com\/fi\/71387\/","title":{"rendered":"Kanada keskeytt\u00e4\u00e4 Trumpin suututtaneen mainoskampanjan | Uutisia lyhyesti"},"content":{"rendered":"<p class=\"aw-1gybjub aw-5vja16 ghpEtB kjanFo yle__article__paragraph\">Tuontitulleja vastustavan mainoskampanjan aloitti Ontarion provinssi. Mainos kaatoi Yhdysvaltojen ja Kanadan v\u00e4liset kauppa\u00adneuvottelut.<\/p>\n<p>21:39\u2022P\u00e4ivitetty 22:14<\/p>\n<p class=\"aw-1gybjub aw-1p7kakr ghpEtB jtovHP yle__article__paragraph\">Kanadassa Ontarion provinssi keskeytt\u00e4\u00e4 aloittamansa mainoskampanjan, jotta Yhdysvaltojen ja Kanadan v\u00e4liset kauppaneuvottelut voivat jatkua.<\/p>\n<p class=\"aw-1gybjub aw-1p7kakr ghpEtB jtovHP yle__article__paragraph\">Yhdysvaltain tuontitulleja vastustava mainoskampanja suututti presidentti <strong class=\"aw-ak79eh KyCXm yle__article__strong\">Donald Trumpin<\/strong>, joka <a class=\"aw-iao6s4 iHOxEa yle__article__link\" href=\"https:\/\/yle.fi\/a\/74-20190137\" role=\"link\" rel=\"nofollow noopener\" target=\"_blank\">keskeytti kauppaneuvottelut Kanadan kanssa.<\/a><\/p>\n<p class=\"aw-1gybjub aw-1p7kakr ghpEtB jtovHP yle__article__paragraph\">Mainosta esitettiin useilla yhdysvaltalaisilla televisiokanavilla. Siin\u00e4 oli mukana p\u00e4tki\u00e4 republikaanipresidentti <strong class=\"aw-ak79eh KyCXm yle__article__strong\">Ronald Reaganin<\/strong> vuoden 1987 puheesta, jossa h\u00e4n varoitti tuontitullien haittavaikutuksista amerikkalaisille ja kauppasotien riskist\u00e4.<\/p>\n<p class=\"aw-1gybjub aw-1p7kakr ghpEtB jtovHP yle__article__paragraph\">Kampanjan keskeytt\u00e4misest\u00e4 kertoo Ontarion provinssin johtaja <strong class=\"aw-ak79eh KyCXm yle__article__strong\">Doug Ford<\/strong>. H\u00e4n kirjoittaa <a class=\"aw-iao6s4 iHOxEa yle__article__link\" href=\"https:\/\/x.com\/fordnation\/status\/1981789712516858293\" role=\"link\" rel=\"nofollow\">viestipalvelu X:ss\u00e4<\/a>, ett\u00e4 mainoksen tarkoituksena oli her\u00e4tt\u00e4\u00e4 keskustelua siit\u00e4, millaista taloutta amerikkalaiset haluavat rakentaa.<\/p>\n<p class=\"aw-1gybjub aw-1p7kakr ghpEtB jtovHP yle__article__paragraph\">\u2013 Olemme saavuttaneet tavoitteemme, koska viesti on tavoittanut Yhdysvaltain yleis\u00f6n aina korkeimmalle tasolle asti, Ford kirjoittaa.<\/p>\n<p class=\"aw-1gybjub aw-1p7kakr ghpEtB jtovHP yle__article__paragraph\">Ford sanoo keskustelleensa kampanjasta Kanadan p\u00e4\u00e4ministerin <strong class=\"aw-ak79eh KyCXm yle__article__strong\">Mark Carneyn<\/strong> kanssa, ja kampanja keskeytet\u00e4\u00e4n maanantaista alkaen. Ford ohjeisti tiimi\u00e4\u00e4n jatkamaan mainoksen esitt\u00e4mist\u00e4 viel\u00e4 viikonlopun ajan, jotta se voidaan n\u00e4ytt\u00e4\u00e4 ensimm\u00e4isten World Series -baseball-otteluiden aikana.<\/p>\n<p class=\"aw-1gybjub aw-1p7kakr ghpEtB jtovHP yle__article__paragraph\">P\u00e4\u00e4ministeri Mark Carney kommentoi Trumpin ulostuloa <a class=\"aw-iao6s4 iHOxEa yle__article__link\" href=\"https:\/\/yle.fi\/a\/74-20190324\" role=\"link\" rel=\"nofollow noopener\" target=\"_blank\">aiemmin sanomalla<\/a>, ett\u00e4 Kanada on valmis jatkamaan kauppaneuvotteluita heti, kun Yhdysvallat on siihen valmis.<\/p>\n","protected":false},"excerpt":{"rendered":"Tuontitulleja vastustavan mainoskampanjan aloitti Ontarion provinssi. Mainos kaatoi Yhdysvaltojen ja Kanadan v\u00e4liset kauppa\u00adneuvottelut. 21:39\u2022P\u00e4ivitetty 22:14 Kanadassa Ontarion provinssi&hellip;\n","protected":false},"author":2,"featured_media":74,"comment_status":"","ping_status":"","sticky":false,"template":"","format":"standard","meta":{"footnotes":""},"categories":[14],"tags":[22,23,26,27,33,31,30,17,24,25,28,29,15,18,21,32,19,20,56,16,59,60,61,619],"class_list":{"0":"post-71387","1":"post","2":"type-post","3":"status-publish","4":"format-standard","5":"has-post-thumbnail","7":"category-ulkomaat","8":"tag-breaking-news","9":"tag-breakingnews","10":"tag-featured-news","11":"tag-featurednews","12":"tag-fi","13":"tag-finland","14":"tag-finnish","15":"tag-headlines","16":"tag-latest-news","17":"tag-latestnews","18":"tag-main-news","19":"tag-mainnews","20":"tag-news","21":"tag-otsikot","22":"tag-paauutiset","23":"tag-suomi","24":"tag-top-stories","25":"tag-topstories","26":"tag-ulkomaat","27":"tag-uutiset","28":"tag-world","29":"tag-world-news","30":"tag-worldnews","31":"tag-yhdysvallat"},"share_on_mastodon":{"url":"https:\/\/pubeurope.com\/@fi\/115431148362870616","error":""},"_links":{"self":[{"href":"https:\/\/www.europesays.com\/fi\/wp-json\/wp\/v2\/posts\/71387","targetHints":{"allow":["GET"]}}],"collection":[{"href":"https:\/\/www.europesays.com\/fi\/wp-json\/wp\/v2\/posts"}],"about":[{"href":"https:\/\/www.europesays.com\/fi\/wp-json\/wp\/v2\/types\/post"}],"author":[{"embeddable":true,"href":"https:\/\/www.europesays.com\/fi\/wp-json\/wp\/v2\/users\/2"}],"replies":[{"embeddable":true,"href":"https:\/\/www.europesays.com\/fi\/wp-json\/wp\/v2\/comments?post=71387"}],"version-history":[{"count":0,"href":"https:\/\/www.europesays.com\/fi\/wp-json\/wp\/v2\/posts\/71387\/revisions"}],"wp:featuredmedia":[{"embeddable":true,"href":"https:\/\/www.europesays.com\/fi\/wp-json\/wp\/v2\/media\/74"}],"wp:attachment":[{"href":"https:\/\/www.europesays.com\/fi\/wp-json\/wp\/v2\/media?parent=71387"}],"wp:term":[{"taxonomy":"category","embeddable":true,"href":"https:\/\/www.europesays.com\/fi\/wp-json\/wp\/v2\/categories?post=71387"},{"taxonomy":"post_tag","embeddable":true,"href":"https:\/\/www.europesays.com\/fi\/wp-json\/wp\/v2\/tags?post=71387"}],"curies":[{"name":"wp","href":"https:\/\/api.w.org\/{rel}","templated":true}]}}