{"id":71388,"date":"2025-10-24T20:58:07","date_gmt":"2025-10-24T20:58:07","guid":{"rendered":"https:\/\/www.europesays.com\/fi\/71388\/"},"modified":"2025-10-24T20:58:07","modified_gmt":"2025-10-24T20:58:07","slug":"toimistorakennuksessa-vesivahinko-suolahdessa-putket-irrotettu-vessassa-keski-suomi","status":"publish","type":"post","link":"https:\/\/www.europesays.com\/fi\/71388\/","title":{"rendered":"Toimistorakennuksessa vesivahinko Suolahdessa \u2013 putket irrotettu vessassa | Keski-Suomi"},"content":{"rendered":"<p>\u00c4\u00e4nekoskella Suolahdessa toimistorakennuksessa tapahtui perjantai-iltana vesivahinko.<\/p>\n<p>Keski-Suomen pelastuslaitos sai h\u00e4lytyksen Kellosep\u00e4nkadulle usean toimijan rakennukseen kello yhdeks\u00e4n j\u00e4lkeen.<\/p>\n<p>Vett\u00e4 oli huomattava m\u00e4\u00e4r\u00e4 kolmannessa kerroksessa ja sit\u00e4 oli valunut my\u00f6s alempiin kerroksiin, koska kolmannen kerroksen wc-tilojen wc-p\u00f6nt\u00f6n putket oli irrotettu. Aiheutuneista vahingoista ei ollut viel\u00e4 illalla tietoa. <\/p>\n<p>Pelastuslaitoksen p\u00e4ivyst\u00e4v\u00e4n palomestarin mukaan ilmeisesti ty\u00f6ntekij\u00e4 oli paikalle menty\u00e4\u00e4n havainnut veden. <\/p>\n<p>Poliisi selvitt\u00e4\u00e4 asiaa.<\/p>\n<p>Lis\u00e4tty juttuun 24.10.2025 kello 23.19: lis\u00e4tty tieto putkien irrotuksesta. <\/p>\n","protected":false},"excerpt":{"rendered":"\u00c4\u00e4nekoskella Suolahdessa toimistorakennuksessa tapahtui perjantai-iltana vesivahinko. Keski-Suomen pelastuslaitos sai h\u00e4lytyksen Kellosep\u00e4nkadulle usean toimijan rakennukseen kello yhdeks\u00e4n j\u00e4lkeen. Vett\u00e4&hellip;\n","protected":false},"author":2,"featured_media":71389,"comment_status":"","ping_status":"","sticky":false,"template":"","format":"standard","meta":{"footnotes":""},"categories":[12],"tags":[12845,7138,22,23,26,27,33,31,30,17,24,25,28,29,15,18,21,122,54,13907,32,19,20,546,16,796],"class_list":{"0":"post-71388","1":"post","2":"type-post","3":"status-publish","4":"format-standard","5":"has-post-thumbnail","7":"category-suomi","8":"tag-aanekosken-seutukunta","9":"tag-aanekoski","10":"tag-breaking-news","11":"tag-breakingnews","12":"tag-featured-news","13":"tag-featurednews","14":"tag-fi","15":"tag-finland","16":"tag-finnish","17":"tag-headlines","18":"tag-latest-news","19":"tag-latestnews","20":"tag-main-news","21":"tag-mainnews","22":"tag-news","23":"tag-otsikot","24":"tag-paauutiset","25":"tag-pelastaminen","26":"tag-pelastuspalvelut","27":"tag-suolahti","28":"tag-suomi","29":"tag-top-stories","30":"tag-topstories","31":"tag-turvallisuus","32":"tag-uutiset","33":"tag-yhteiskunta"},"share_on_mastodon":{"url":"https:\/\/pubeurope.com\/@fi\/115431152262823866","error":""},"_links":{"self":[{"href":"https:\/\/www.europesays.com\/fi\/wp-json\/wp\/v2\/posts\/71388","targetHints":{"allow":["GET"]}}],"collection":[{"href":"https:\/\/www.europesays.com\/fi\/wp-json\/wp\/v2\/posts"}],"about":[{"href":"https:\/\/www.europesays.com\/fi\/wp-json\/wp\/v2\/types\/post"}],"author":[{"embeddable":true,"href":"https:\/\/www.europesays.com\/fi\/wp-json\/wp\/v2\/users\/2"}],"replies":[{"embeddable":true,"href":"https:\/\/www.europesays.com\/fi\/wp-json\/wp\/v2\/comments?post=71388"}],"version-history":[{"count":0,"href":"https:\/\/www.europesays.com\/fi\/wp-json\/wp\/v2\/posts\/71388\/revisions"}],"wp:featuredmedia":[{"embeddable":true,"href":"https:\/\/www.europesays.com\/fi\/wp-json\/wp\/v2\/media\/71389"}],"wp:attachment":[{"href":"https:\/\/www.europesays.com\/fi\/wp-json\/wp\/v2\/media?parent=71388"}],"wp:term":[{"taxonomy":"category","embeddable":true,"href":"https:\/\/www.europesays.com\/fi\/wp-json\/wp\/v2\/categories?post=71388"},{"taxonomy":"post_tag","embeddable":true,"href":"https:\/\/www.europesays.com\/fi\/wp-json\/wp\/v2\/tags?post=71388"}],"curies":[{"name":"wp","href":"https:\/\/api.w.org\/{rel}","templated":true}]}}