{"id":71392,"date":"2025-10-24T21:11:09","date_gmt":"2025-10-24T21:11:09","guid":{"rendered":"https:\/\/www.europesays.com\/fi\/71392\/"},"modified":"2025-10-24T21:11:09","modified_gmt":"2025-10-24T21:11:09","slug":"tangokunkun-tyylimuutos-nyt-lahti-veeti-tikkaselta-takatukka-varikin-vaihtui","status":"publish","type":"post","link":"https:\/\/www.europesays.com\/fi\/71392\/","title":{"rendered":"Tangokunkun tyylimuutos &#8211; nyt l\u00e4hti Veeti Tikkaselta takatukka, v\u00e4rikin vaihtui"},"content":{"rendered":"<p>Nykyp\u00e4iv\u00e4n\u00e4 tyylimuutokset eiv\u00e4t ole pelkki\u00e4 naisten juttuja, ehei. Aikaansa seuraava mies, varsinkin esiintyv\u00e4 artisti, voi h\u00e4nkin aivan hyvin pist\u00e4\u00e4 v\u00e4h\u00e4n uutta vaihdetta silm\u00e4\u00e4n stailinsa ja kuontalonsa kanssa. <\/p>\n<p>Ainakin hiuksille pit\u00e4\u00e4 v\u00e4liajoin tehd\u00e4 kunnon \u201dsyyshuolto\u201d.<\/p>\n<p>Niin teki nyt my\u00f6s hallitseva tangokunkku Veeti Tikkanen.<\/p>\n<p>Takatukka katosi h\u00e4ivytykseen ja v\u00e4rikin tummeni. Kyll\u00e4 nyt kelpaa lauleskella.<\/p>\n<p>Veetin kohdalla voidaan todeta ehk\u00e4p\u00e4 niin, ett\u00e4 tyyli joka h\u00e4nell\u00e4 aiemmin oli palasi. Kun mies on kiert\u00e4nyt ahkerasti keikkalavoja, ei sit\u00e4 v\u00e4ltt\u00e4m\u00e4tt\u00e4 ole jaksanut ja ehtinyt joka p\u00e4iv\u00e4 parturin tuolia kuluttaa.<\/p>\n<p>Lue my\u00f6s: <a href=\"https:\/\/www.como.fi\/uutiset\/hallitseva-tangokuningas-veeti-muutoksen-edessa-tata-olen-odottanut\/\" title=\"Hallitseva tangokuningas Veeti muutoksen edess\u00e4: \u201dT\u00e4t\u00e4 olen odottanut\u201d\" class=\"underline-custom !font-montserrat !font-bold !underline-offset-4 !decoration-4 !decoration-red-600 !text-md\" rel=\"nofollow noopener\" target=\"_blank\">Hallitseva tangokuningas Veeti muutoksen edess\u00e4: \u201dT\u00e4t\u00e4 olen odottanut\u201d<\/a><\/p>\n<p>Lue my\u00f6s: <a href=\"https:\/\/www.como.fi\/uutiset\/tallaisella-pirssilla-uusi-tangokunkku-ajelee\/\" title=\"T\u00e4llaisella pirssill\u00e4 uusi tangokunkku ajelee\" class=\"underline-custom !font-montserrat !font-bold !underline-offset-4 !decoration-4 !decoration-red-600 !text-md\" rel=\"nofollow noopener\" target=\"_blank\">T\u00e4llaisella pirssill\u00e4 uusi tangokunkku ajelee<\/a><\/p>\n<p>Lue my\u00f6s: <a href=\"https:\/\/www.como.fi\/uutiset\/jos-haluatte-nahda-itkevan-tangokuninkaan-pyytakaa-hanelta-tata-biisia-sen-esittamista-taytyy-aina-harkita\/\" title=\"Jos haluatte n\u00e4hd\u00e4 itkev\u00e4n tangokuninkaan, pyyt\u00e4k\u00e4\u00e4 h\u00e4nelt\u00e4 t\u00e4t\u00e4 biisi\u00e4: \u201dSen esitt\u00e4mist\u00e4 t\u00e4ytyy aina harkita\u2026\u201d\" class=\"underline-custom !font-montserrat !font-bold !underline-offset-4 !decoration-4 !decoration-red-600 !text-md\" rel=\"nofollow noopener\" target=\"_blank\">Jos haluatte n\u00e4hd\u00e4 itkev\u00e4n tangokuninkaan, pyyt\u00e4k\u00e4\u00e4 h\u00e4nelt\u00e4 t\u00e4t\u00e4 biisi\u00e4: \u201dSen esitt\u00e4mist\u00e4 t\u00e4ytyy aina harkita\u2026\u201d<\/a><\/p>\n<p>Milt\u00e4 Veetin uusi tucca n\u00e4ytt\u00e4\u00e4 \u2013 <a href=\"https:\/\/www.instagram.com\/p\/DQMrEJAjFJ1\/\" rel=\"nofollow noopener\" target=\"_blank\">no t\u00e4lt\u00e4:<\/a><\/p>\n<p>Lue my\u00f6s: <a href=\"https:\/\/www.como.fi\/tilaa-comon-uutiskirje\/\" title=\"Tilaa Comon uutiskirje ja tied\u00e4t mist\u00e4 kahvitauolla puhutaan! Nappaa kotimaan tv-vinkit ja puheenaiheet suoraan s\u00e4hk\u00f6postiin t\u00e4st\u00e4.\" class=\"underline-custom !font-montserrat !font-bold !underline-offset-4 !decoration-4 !decoration-red-600 !text-md\" rel=\"nofollow noopener\" target=\"_blank\">Tilaa Comon uutiskirje ja tied\u00e4t mist\u00e4 kahvitauolla puhutaan! Nappaa kotimaan tv-vinkit ja puheenaiheet suoraan s\u00e4hk\u00f6postiin t\u00e4st\u00e4.<\/a><\/p>\n<p>\t\t\t<script async src=\"\/\/www.instagram.com\/embed.js\"><\/script><\/p>\n","protected":false},"excerpt":{"rendered":"Nykyp\u00e4iv\u00e4n\u00e4 tyylimuutokset eiv\u00e4t ole pelkki\u00e4 naisten juttuja, ehei. Aikaansa seuraava mies, varsinkin esiintyv\u00e4 artisti, voi h\u00e4nkin aivan hyvin&hellip;\n","protected":false},"author":2,"featured_media":71393,"comment_status":"","ping_status":"","sticky":false,"template":"","format":"standard","meta":{"footnotes":""},"categories":[136],"tags":[407,137,33,31,30,408,32,4304,9038,109],"class_list":{"0":"post-71392","1":"post","2":"type-post","3":"status-publish","4":"format-standard","5":"has-post-thumbnail","7":"category-julkkikset","8":"tag-celebrities","9":"tag-entertainment","10":"tag-fi","11":"tag-finland","12":"tag-finnish","13":"tag-julkkikset","14":"tag-suomi","15":"tag-tangomarkkinat","16":"tag-veeti-tikkanen","17":"tag-viihde"},"share_on_mastodon":{"url":"https:\/\/pubeurope.com\/@fi\/115431203319568913","error":""},"_links":{"self":[{"href":"https:\/\/www.europesays.com\/fi\/wp-json\/wp\/v2\/posts\/71392","targetHints":{"allow":["GET"]}}],"collection":[{"href":"https:\/\/www.europesays.com\/fi\/wp-json\/wp\/v2\/posts"}],"about":[{"href":"https:\/\/www.europesays.com\/fi\/wp-json\/wp\/v2\/types\/post"}],"author":[{"embeddable":true,"href":"https:\/\/www.europesays.com\/fi\/wp-json\/wp\/v2\/users\/2"}],"replies":[{"embeddable":true,"href":"https:\/\/www.europesays.com\/fi\/wp-json\/wp\/v2\/comments?post=71392"}],"version-history":[{"count":0,"href":"https:\/\/www.europesays.com\/fi\/wp-json\/wp\/v2\/posts\/71392\/revisions"}],"wp:featuredmedia":[{"embeddable":true,"href":"https:\/\/www.europesays.com\/fi\/wp-json\/wp\/v2\/media\/71393"}],"wp:attachment":[{"href":"https:\/\/www.europesays.com\/fi\/wp-json\/wp\/v2\/media?parent=71392"}],"wp:term":[{"taxonomy":"category","embeddable":true,"href":"https:\/\/www.europesays.com\/fi\/wp-json\/wp\/v2\/categories?post=71392"},{"taxonomy":"post_tag","embeddable":true,"href":"https:\/\/www.europesays.com\/fi\/wp-json\/wp\/v2\/tags?post=71392"}],"curies":[{"name":"wp","href":"https:\/\/api.w.org\/{rel}","templated":true}]}}