{"id":71395,"date":"2025-10-24T21:15:11","date_gmt":"2025-10-24T21:15:11","guid":{"rendered":"https:\/\/www.europesays.com\/fi\/71395\/"},"modified":"2025-10-24T21:15:11","modified_gmt":"2025-10-24T21:15:11","slug":"muille-artisteille-biiseja-tehnyt-sara-suvela-julkaisi-ensimmaisen-oman-levynsa-video-ensinaytossa-soundissa","status":"publish","type":"post","link":"https:\/\/www.europesays.com\/fi\/71395\/","title":{"rendered":"Muille artisteille biisej\u00e4 tehnyt Sara Suvela julkaisi ensimm\u00e4isen oman levyns\u00e4, video ensin\u00e4yt\u00f6ss\u00e4 Soundissa"},"content":{"rendered":"<p>Muun muassa Katri Ylanderin,\u00a0Jore Marjarannan,\u00a0Nelj\u00e4nsuoran,\u00a0Sanin\u00a0ja\u00a0Putous-hahmojen albumeille musiikkia tehnyt\u00a0Sara Suvela on julkaissut t\u00e4n\u00e4\u00e4n ensimm\u00e4isen oman albuminsa. Levyn nimi on Lauluja kotiovelta, ja sen yhteydess\u00e4 esitell\u00e4\u00e4n my\u00f6s Toivun kaikesta -biisiin tehty musiikkivideo. Katso Matti Olavin kuvaama ja editoima video alempaa.<\/p>\n<p>Lauluja kotiovelta -albumin s\u00e4vellykset, sanoitukset ja tuotanto ovat p\u00e4\u00e4osin Sara Suvelan omaa k\u00e4sialaa. Mukana menossa on muun muassa Villihevosia-laulun sanoitukset tehnyt pitk\u00e4n linjan tekstitt\u00e4j\u00e4 Martti Heikkil\u00e4. Levy on tekij\u00e4n mukaan matka p\u00f6yt\u00e4laatikon s\u00e4vellyksist\u00e4 co-writtaamiseen, biisien myymiseen muille artisteille ja lopulta oman tuottaja\u00e4\u00e4nen l\u00f6yt\u00e4miseen \u2013 naisena miesvaltaisella alalla.\u00a0Albumi kokoaa yhteen Suvelan s\u00e4vellyksi\u00e4 kymmenen vuoden ajalta.<\/p>\n<p>\u201cT\u00e4m\u00e4 levy on kasvutarina. Olen opetellut tuottajuutta, \u00e4\u00e4nitt\u00e4mist\u00e4 ja itseni kuulemista uudella tavalla. Haluan rohkaista muitakin naisia ottamaan tilansa my\u00f6s tuotantop\u00f6yd\u00e4n \u00e4\u00e4rell\u00e4\u201d,\u00a0Suvela kertoo ja jatkaa:\u00a0<\/p>\n<p>\u201cToivun kaikesta on voimabiisi niille, jotka k\u00e4yv\u00e4t l\u00e4pi surua tai el\u00e4m\u00e4n haasteita. Se kertoo siit\u00e4, miten aika tekee teht\u00e4v\u00e4ns\u00e4 \u2013 ja lopulta me kaikki toivumme.\u201d<\/p>\n<p>Suvelan livetyylittely\u00e4 voi katsoa artistin <a href=\"https:\/\/www.youtube.com\/@LivemusiikkiaSaralla\" rel=\"nofollow noopener\" target=\"_blank\">Youtube-kanavalta<\/a>. Parin p\u00e4iv\u00e4n p\u00e4\u00e4st\u00e4 sinne ilmaantuu livestriimi Helsingin Roihupellon Taidekorttelissa esitett\u00e4v\u00e4st\u00e4 levynjulkaisukeikasta. Suora linkki 26. lokakuuta kello 18 alkavaan livel\u00e4hteykseen <a href=\"https:\/\/youtube.com\/live\/eAZQ9dYW950?feature=share\" rel=\"nofollow noopener\" target=\"_blank\">l\u00f6ytyy t\u00e4st\u00e4<\/a>.<\/p>\n<p><img loading=\"lazy\" decoding=\"async\" alt=\"YouTube video\" width=\"480\" height=\"360\" data-pin-nopin=\"true\" nopin=\"nopin\" class=\"perfmatters-lazy\" src=\"https:\/\/www.europesays.com\/fi\/wp-content\/uploads\/2025\/10\/1761340511_347_hqdefault.jpg\"\/><\/p>\n","protected":false},"excerpt":{"rendered":"Muun muassa Katri Ylanderin,\u00a0Jore Marjarannan,\u00a0Nelj\u00e4nsuoran,\u00a0Sanin\u00a0ja\u00a0Putous-hahmojen albumeille musiikkia tehnyt\u00a0Sara Suvela on julkaissut t\u00e4n\u00e4\u00e4n ensimm\u00e4isen oman albuminsa. Levyn nimi on&hellip;\n","protected":false},"author":2,"featured_media":71396,"comment_status":"","ping_status":"","sticky":false,"template":"","format":"standard","meta":{"footnotes":""},"categories":[132],"tags":[1378,137,33,31,30,195,47,32,109],"class_list":{"0":"post-71395","1":"post","2":"type-post","3":"status-publish","4":"format-standard","5":"has-post-thumbnail","7":"category-musiikki","8":"tag-ensinaytto","9":"tag-entertainment","10":"tag-fi","11":"tag-finland","12":"tag-finnish","13":"tag-music","14":"tag-musiikki","15":"tag-suomi","16":"tag-viihde"},"share_on_mastodon":{"url":"https:\/\/pubeurope.com\/@fi\/115431219193760993","error":""},"_links":{"self":[{"href":"https:\/\/www.europesays.com\/fi\/wp-json\/wp\/v2\/posts\/71395","targetHints":{"allow":["GET"]}}],"collection":[{"href":"https:\/\/www.europesays.com\/fi\/wp-json\/wp\/v2\/posts"}],"about":[{"href":"https:\/\/www.europesays.com\/fi\/wp-json\/wp\/v2\/types\/post"}],"author":[{"embeddable":true,"href":"https:\/\/www.europesays.com\/fi\/wp-json\/wp\/v2\/users\/2"}],"replies":[{"embeddable":true,"href":"https:\/\/www.europesays.com\/fi\/wp-json\/wp\/v2\/comments?post=71395"}],"version-history":[{"count":0,"href":"https:\/\/www.europesays.com\/fi\/wp-json\/wp\/v2\/posts\/71395\/revisions"}],"wp:featuredmedia":[{"embeddable":true,"href":"https:\/\/www.europesays.com\/fi\/wp-json\/wp\/v2\/media\/71396"}],"wp:attachment":[{"href":"https:\/\/www.europesays.com\/fi\/wp-json\/wp\/v2\/media?parent=71395"}],"wp:term":[{"taxonomy":"category","embeddable":true,"href":"https:\/\/www.europesays.com\/fi\/wp-json\/wp\/v2\/categories?post=71395"},{"taxonomy":"post_tag","embeddable":true,"href":"https:\/\/www.europesays.com\/fi\/wp-json\/wp\/v2\/tags?post=71395"}],"curies":[{"name":"wp","href":"https:\/\/api.w.org\/{rel}","templated":true}]}}