{"id":71524,"date":"2025-10-25T02:11:10","date_gmt":"2025-10-25T02:11:10","guid":{"rendered":"https:\/\/www.europesays.com\/fi\/71524\/"},"modified":"2025-10-25T02:11:10","modified_gmt":"2025-10-25T02:11:10","slug":"keskisarja-kertoi-miten-vahan-tekee-oikeasti-toita-tyokaverit-suivaantuivat","status":"publish","type":"post","link":"https:\/\/www.europesays.com\/fi\/71524\/","title":{"rendered":"Keskisarja kertoi, miten v\u00e4h\u00e4n tekee oikeasti t\u00f6it\u00e4 \u2013 Ty\u00f6kaverit suivaantuivat"},"content":{"rendered":"<p>Eduskunta|Keskustan Kettunen ehdottaa, ett\u00e4 Hietaniemen hautausmaalle laitettaisiin Ylen Pentuliven tyyliin livekamera, jotta n\u00e4ht\u00e4isiin ketk\u00e4 kansanedustajat siell\u00e4 p\u00e4ivisin haahuilevat.<\/p>\n<p>24.10. 17:44<\/p>\n<p>Lue tiivistelm\u00e4<\/p>\n<p>Tiivistelm\u00e4 on teko\u00e4lyn tekem\u00e4 ja ihmisen tarkistama.<\/p>\n<p class=\"article-body mb-nof-24 px-nof-16 sndp-summary-bullet-point-font\">Perussuomalaisten kansanedustaja Teemu Keskisarja aiheutti kohun v\u00e4h\u00e4ttelem\u00e4ll\u00e4 kansanedustajan ty\u00f6t\u00e4 videohaastattelussa.<\/p>\n<p class=\"article-body mb-nof-24 px-nof-16 sndp-summary-bullet-point-font\">Keskisarja v\u00e4itti eduskuntaty\u00f6n olevan leppoista ja sis\u00e4lt\u00e4v\u00e4n v\u00e4h\u00e4n hy\u00f6dyllist\u00e4 tekemist\u00e4.<\/p>\n<p class=\"article-body mb-nof-24 px-nof-16 sndp-summary-bullet-point-font\">Muut kansanedustajat kritisoivat Keskisarjan kommentteja ja korostavat ty\u00f6n t\u00e4rkeytt\u00e4 ja vaativuutta.<\/p>\n<p class=\"article-body mb-nof-24 px-nof-16\">Perussuomalaisten kansanedustaja <a class=\"article-personlink\" href=\"https:\/\/www.hs.fi\/haku\/?query=Teemu%20Keskisarjan\" rel=\"nofollow noopener\" target=\"_blank\">Teemu Keskisarjan <\/a>sanomisista nousi t\u00e4ll\u00e4 viikolla taas pieni <a class=\"article-genericlink\" href=\"https:\/\/www.iltalehti.fi\/politiikka\/a\/c9bec62b-ed78-4c3b-9835-f259ef3ec352?_gl=1*uio1r9*_ga*MTYwMDA2NjMxNS4xNzYxMjkyMzE1*_ga_3L539PMN3X*czE3NjEyOTIzMTUkbzEkZzAkdDE3NjEyOTIzMTgkajU3JGwwJGgw\" rel=\"nofollow noopener\" target=\"_blank\">kohu<\/a>, kun h\u00e4n v\u00e4h\u00e4tteli videohaastattelussa kansanedustajan ty\u00f6n merkityst\u00e4.<\/p>\n<p class=\"article-body mb-nof-24 px-nof-16\">\u201dT\u00e4\u00e4ll\u00e4 on aika v\u00e4h\u00e4n mit\u00e4\u00e4n hy\u00f6dyllist\u00e4 tekemist\u00e4\u201d, Keskisarja sanoi.<\/p>\n<p class=\"article-body mb-nof-24 px-nof-16\">Video tuli julki kansanedustaja <a class=\"article-personlink\" href=\"https:\/\/www.hs.fi\/haku\/?query=Vesa%20Kallion\" rel=\"nofollow noopener\" target=\"_blank\">Vesa Kallion <\/a>(kesk) Facebook-sivuilla, josta h\u00e4n sittemmin poisti sen. Videon oli kuvannut ty\u00f6el\u00e4m\u00e4\u00e4n tutustumassa ollut koululainen. Asiasta kertoi ensimm\u00e4isen\u00e4 <a class=\"article-genericlink\" href=\"https:\/\/www.iltalehti.fi\/politiikka\/a\/c9bec62b-ed78-4c3b-9835-f259ef3ec352?_gl=1*uio1r9*_ga*MTYwMDA2NjMxNS4xNzYxMjkyMzE1*_ga_3L539PMN3X*czE3NjEyOTIzMTUkbzEkZzAkdDE3NjEyOTIzMTgkajU3JGwwJGgw\" rel=\"nofollow noopener\" target=\"_blank\">Iltalehti<\/a>.<\/p>\n<p><img decoding=\"async\" src=\"https:\/\/www.europesays.com\/fi\/wp-content\/uploads\/2025\/10\/1761358270_587_468.jpg\" alt=\"Teemu Keskisarja (ps) eduskunnan t\u00e4ysistunnossa perjantaina.\" class=\"_Img_1rerz_1\" style=\"aspect-ratio:1.5023474178403755\" loading=\"eager\"\/><\/p>\n<p class=\"article-picture-caption\">Teemu Keskisarja (ps) eduskunnan t\u00e4ysistunnossa perjantaina. Kuva:\u00a0Vesa Moilanen \/ Lehtikuva<\/p>\n<p class=\"article-body mb-nof-24 px-nof-16\">J\u00e4lkik\u00e4teen Keskisarja <a class=\"article-genericlink\" href=\"https:\/\/www.uusisuomi.fi\/uutiset\/a\/fec9192b-1238-4a31-b9ec-d0614ba8219c\" rel=\"nofollow noopener\" target=\"_blank\">kertoi<\/a> Uuden Suomen haastattelussa, ett\u00e4 haastattelu oli \u201dleikkis\u00e4\u201d. H\u00e4n harmitteli, ett\u00e4 tosikot kansanedustajat eiv\u00e4t leikinlaskua ymm\u00e4rr\u00e4. \u201dJa tosikot toimittajat viel\u00e4 v\u00e4hemm\u00e4n\u201d, Keskisarja jatkoi.<\/p>\n<p class=\"article-body mb-nof-24 px-nof-16\">HS kysyi muutamilta kansanedustajilta, naurattiko heit\u00e4 Keskisarjan vitsailu.<\/p>\n<p class=\"article-body mb-nof-24 px-nof-16\">\u201cNo en varsinaisesti voi sanoa, ett\u00e4 nauratti\u201d, kokoomuksen kansanedustaja ja puolueen varapuheenjohtaja <a class=\"article-personlink\" href=\"https:\/\/www.hs.fi\/haku\/?query=Karoliina%20Partanen\" rel=\"nofollow noopener\" target=\"_blank\">Karoliina Partanen<\/a> sanoo. \u201cEnemm\u00e4n ihmetytti.\u201d<\/p>\n<p class=\"article-body mb-nof-24 px-nof-16\">Partanen sanoo toivovansa, ett\u00e4 kansanedustajan ty\u00f6st\u00e4 puhuttaisiin sill\u00e4 arvokkuudella, jolla valtiop\u00e4ivill\u00e4 todellisuudessa toimitaan.<\/p>\n<p class=\"article-body mb-nof-24 px-nof-16\">\u201dKyse on kuitenkin lains\u00e4\u00e4d\u00e4nt\u00f6ty\u00f6st\u00e4 ja valtion budjetin p\u00e4\u00e4tt\u00e4misest\u00e4 \u2013 ihmisille t\u00e4rkeist\u00e4 asioista. En itse haluaisi sill\u00e4 tavalla halventaa t\u00e4m\u00e4n ty\u00f6n arvoa, merkityst\u00e4, vaikuttavuutta ja sit\u00e4 ty\u00f6m\u00e4\u00e4r\u00e4\u00e4, jota todella monet kansanedustajat tekev\u00e4t\u201d, Partanen sanoo.<\/p>\n<p class=\"article-body mb-nof-24 px-nof-16\">\u201dLeikkis\u00e4ss\u00e4\u201d videossaan Keskisarja kertoi tulevansa eduskuntataloon yhdeks\u00e4lt\u00e4 ja l\u00e4htev\u00e4ns\u00e4 nelj\u00e4lt\u00e4.<\/p>\n<p class=\"article-body mb-nof-24 px-nof-16\">\u201dSiit\u00e4 ajasta m\u00e4 oon ehk\u00e4 pari tuntia kuntosalilla, yhden tunnin k\u00e4velyll\u00e4 hautausmaalla, ja senkin ajan, mit\u00e4 m\u00e4 istun valiokunnissa ja t\u00e4ysistunnossa, niin kirjoittelen jotakin historiajuttua, joka ei liity eduskuntaan\u201d, Keskisarjaa kertoi.<\/p>\n<p class=\"article-body mb-nof-24 px-nof-16\">Partasen mukaan Keskisarjan kuvaus ei vastaa todellisuutta. H\u00e4nen mukaansa kansanedustajalla on varsin paljon tekemist\u00e4 pelk\u00e4st\u00e4\u00e4n valiokuntaty\u00f6n hoitamisessa. Kokousmateriaalia voi esimerkiksi olla kymmeni\u00e4 sivuja.<\/p>\n<p class=\"article-body mb-nof-24 px-nof-16\">\u201dKukin kansanedustaja lukee ne tai on lukematta ja menee kokoukseen valmistautuneena tai valmistautumattomana. Jokainenhan tietenkin omalla intensiteetill\u00e4\u00e4n hoitaa n\u00e4it\u00e4 teht\u00e4vi\u00e4\u201d, Partanen sanoo.<\/p>\n<p class=\"article-body mb-nof-24 px-nof-16\">Ei naurattanut ollenkaan, sanoo vihreiden kansanedustaja <a class=\"article-personlink\" href=\"https:\/\/www.hs.fi\/haku\/?query=Fatim%20Diarra\" rel=\"nofollow noopener\" target=\"_blank\">Fatim Diarra<\/a> Keskisarjan kommenteista.<\/p>\n<p class=\"article-body mb-nof-24 px-nof-16\">\u201dIstun kahdessa valiokunnassa \u2013 ja toisessa niist\u00e4 itse asiassa yhdess\u00e4 Keskisarjan kanssa. Valiokunnassa pit\u00e4\u00e4 olla asioissa hereill\u00e4 ja lukea kaikki dokumentit. Ehk\u00e4 Keskisarja ei lue papereita ja antaa kaikkien muiden tehd\u00e4 ty\u00f6t puolestaan\u201d, Diarra sanoo.<\/p>\n<p class=\"article-body mb-nof-24 px-nof-16\">Keskustan varapuheenjohtaja ja toisen kauden kansanedustaja <a class=\"article-personlink\" href=\"https:\/\/www.hs.fi\/haku\/?query=Tuomas%20Kettunen\" rel=\"nofollow noopener\" target=\"_blank\">Tuomas Kettunen<\/a> kertoo, ett\u00e4 ei tunnista Keskisarjan kuvausta kansanedustajan ty\u00f6st\u00e4.<\/p>\n<p class=\"article-body mb-nof-24 px-nof-16\">\u201dEi t\u00e4\u00e4ll\u00e4 kyll\u00e4 p\u00e4ivisin hautuumailla enn\u00e4t\u00e4 k\u00e4velem\u00e4\u00e4n, vaan aika k\u00e4ytet\u00e4\u00e4n t\u00e4ysim\u00e4\u00e4r\u00e4isesti ty\u00f6n tekemiseen\u201d, Kettunen sanoo. H\u00e4n kertoo tulevansa yleens\u00e4 eduskuntaan ennen kello yhdeks\u00e4\u00e4 aamulla. Aamulla h\u00e4n vastailee s\u00e4hk\u00f6posteihin ja pit\u00e4\u00e4 yhteyksi\u00e4 sidosryhmiin.<\/p>\n<p class=\"article-body mb-nof-24 px-nof-16\">Puolenp\u00e4iv\u00e4n maissa alkaa tasa-arvovaliokunnan kokous.<\/p>\n<p class=\"article-body mb-nof-24 px-nof-16\">\u201cMinut tunnetaan siit\u00e4, ett\u00e4 olen aamuvuoron lis\u00e4ksi iltavuorossa\u201d, Kettunen sanoo. T\u00e4ll\u00e4 h\u00e4n tarkoittaa sit\u00e4, ett\u00e4 h\u00e4n istuu aika tiivisti t\u00e4ysistunnoissa ja k\u00e4ytt\u00e4\u00e4 paljon puheenvuoroja. Ty\u00f6p\u00e4iv\u00e4t p\u00e4\u00e4ttyv\u00e4t Kettusen mukaan vasta kello 20 tai 21 maissa.<\/p>\n<p class=\"article-body mb-nof-24 px-nof-16\">Kettunenkin sanoo, ett\u00e4 h\u00e4nt\u00e4 eiv\u00e4t Keskisarjan puheet naurattaneet. H\u00e4n kertoo er\u00e4\u00e4n yst\u00e4v\u00e4ns\u00e4 itse asiassa joskus n\u00e4hneenkin Keskisarjan k\u00e4velem\u00e4ss\u00e4 keskell\u00e4 p\u00e4iv\u00e4\u00e4 Hietaniemen hautausmaalla.<\/p>\n<p class=\"article-body mb-nof-24 px-nof-16\">\u201dYlell\u00e4 on sellainen Pentulive. Pit\u00e4isik\u00f6h\u00e4n laittaa hautuumaan kulmaan samanlainen livekamera, ett\u00e4 n\u00e4hd\u00e4\u00e4n, keit\u00e4 siell\u00e4 haahuilee ty\u00f6p\u00e4iv\u00e4n aikana\u201d, Kettunen sanoo.<\/p>\n","protected":false},"excerpt":{"rendered":"Eduskunta|Keskustan Kettunen ehdottaa, ett\u00e4 Hietaniemen hautausmaalle laitettaisiin Ylen Pentuliven tyyliin livekamera, jotta n\u00e4ht\u00e4isiin ketk\u00e4 kansanedustajat siell\u00e4 p\u00e4ivisin haahuilevat.&hellip;\n","protected":false},"author":2,"featured_media":71525,"comment_status":"","ping_status":"","sticky":false,"template":"","format":"standard","meta":{"footnotes":""},"categories":[5],"tags":[22,23,26,27,33,31,30,17,46,24,25,28,29,15,18,21,32,19,20,16],"class_list":{"0":"post-71524","1":"post","2":"type-post","3":"status-publish","4":"format-standard","5":"has-post-thumbnail","7":"category-otsikot","8":"tag-breaking-news","9":"tag-breakingnews","10":"tag-featured-news","11":"tag-featurednews","12":"tag-fi","13":"tag-finland","14":"tag-finnish","15":"tag-headlines","16":"tag-helsingin-sanomat","17":"tag-latest-news","18":"tag-latestnews","19":"tag-main-news","20":"tag-mainnews","21":"tag-news","22":"tag-otsikot","23":"tag-paauutiset","24":"tag-suomi","25":"tag-top-stories","26":"tag-topstories","27":"tag-uutiset"},"share_on_mastodon":{"url":"https:\/\/pubeurope.com\/@fi\/115432383024250938","error":""},"_links":{"self":[{"href":"https:\/\/www.europesays.com\/fi\/wp-json\/wp\/v2\/posts\/71524","targetHints":{"allow":["GET"]}}],"collection":[{"href":"https:\/\/www.europesays.com\/fi\/wp-json\/wp\/v2\/posts"}],"about":[{"href":"https:\/\/www.europesays.com\/fi\/wp-json\/wp\/v2\/types\/post"}],"author":[{"embeddable":true,"href":"https:\/\/www.europesays.com\/fi\/wp-json\/wp\/v2\/users\/2"}],"replies":[{"embeddable":true,"href":"https:\/\/www.europesays.com\/fi\/wp-json\/wp\/v2\/comments?post=71524"}],"version-history":[{"count":0,"href":"https:\/\/www.europesays.com\/fi\/wp-json\/wp\/v2\/posts\/71524\/revisions"}],"wp:featuredmedia":[{"embeddable":true,"href":"https:\/\/www.europesays.com\/fi\/wp-json\/wp\/v2\/media\/71525"}],"wp:attachment":[{"href":"https:\/\/www.europesays.com\/fi\/wp-json\/wp\/v2\/media?parent=71524"}],"wp:term":[{"taxonomy":"category","embeddable":true,"href":"https:\/\/www.europesays.com\/fi\/wp-json\/wp\/v2\/categories?post=71524"},{"taxonomy":"post_tag","embeddable":true,"href":"https:\/\/www.europesays.com\/fi\/wp-json\/wp\/v2\/tags?post=71524"}],"curies":[{"name":"wp","href":"https:\/\/api.w.org\/{rel}","templated":true}]}}