{"id":71536,"date":"2025-10-25T02:37:20","date_gmt":"2025-10-25T02:37:20","guid":{"rendered":"https:\/\/www.europesays.com\/fi\/71536\/"},"modified":"2025-10-25T02:37:20","modified_gmt":"2025-10-25T02:37:20","slug":"yle-varvasi-suosikkitoimittaja-anni-jamsan","status":"publish","type":"post","link":"https:\/\/www.europesays.com\/fi\/71536\/","title":{"rendered":"Yle v\u00e4rv\u00e4si suosikkitoimittaja Anni J\u00e4ms\u00e4n"},"content":{"rendered":"<p>Tv-urheilu|Anni J\u00e4ms\u00e4, 30, aloittaa uudessa pestiss\u00e4\u00e4n marraskuun alussa.<\/p>\n<p>24.10. 16:01<\/p>\n<p class=\"article-body mb-nof-24 px-nof-16\">Sanoman ja Warner Bros. Discoveryn televisiol\u00e4hetyksist\u00e4 tuttu urheilutoimittaja <a class=\"article-personlink\" href=\"https:\/\/www.hs.fi\/haku\/?query=Anni%20J%C3%A4ms%C3%A4\" rel=\"nofollow noopener\" target=\"_blank\">Anni J\u00e4ms\u00e4<\/a> siirtyy Yleisradion urheilutoimitukseen.<\/p>\n<p class=\"article-body mb-nof-24 px-nof-16\">\u201dOlen \u00e4\u00e4rimm\u00e4isen onnellinen ja iloinen\u201d, J\u00e4ms\u00e4 kertoo.<\/p>\n<p class=\"article-body mb-nof-24 px-nof-16\">\u201dOnhan tuo ihan unelmaty\u00f6 minulle, ja on unelma p\u00e4\u00e4st\u00e4 tekem\u00e4\u00e4n t\u00f6it\u00e4 Suomen monipuolisimmassa ja isoimmassa urheilutoimituksessa.\u201d<\/p>\n<p class=\"article-body mb-nof-24 px-nof-16\">J\u00e4ms\u00e4, 30, on ty\u00f6skennellyt Ylell\u00e4 my\u00f6s aiemmin. H\u00e4n palaa Ylelle marraskuun alussa.<\/p>\n<p class=\"article-body mb-nof-24 px-nof-16\">\u201dKyll\u00e4 t\u00e4m\u00e4 on minulle ihan tosi iso juttu. Odotan innolla.\u201d<\/p>\n<p><img decoding=\"async\" src=\"https:\/\/www.europesays.com\/fi\/wp-content\/uploads\/2025\/10\/1761304988_983_468.jpg\" alt=\"Anni J\u00e4ms\u00e4 haastatteli koripallon EM-kisoissa Susijengin valmennusryhm\u00e4\u00e4n kuulunutta Teemu Rannikkoa.\" class=\"_Img_1rerz_1\" style=\"aspect-ratio:1.369472182596291\" loading=\"eager\"\/><\/p>\n<p class=\"article-picture-caption\">Anni J\u00e4ms\u00e4 haastatteli koripallon EM-kisoissa Susijengin valmennusryhm\u00e4\u00e4n kuulunutta Teemu Rannikkoa. Kuva:\u00a0Jussi Eskola<\/p>\n<p class=\"article-body mb-nof-24 px-nof-16\">J\u00e4ms\u00e4 n\u00e4hd\u00e4\u00e4n Ruutu-palvelun Veikkausliiga-studiossa viel\u00e4 torstaina 30. lokakuuta. Aiemmin syksyll\u00e4 J\u00e4ms\u00e4 n\u00e4htiin televisiossa koripallon EM-kisoissa.<\/p>\n<p class=\"article-body mb-nof-24 px-nof-16\">Koripallourallaan naisten maajoukkueeseen asti nousseen ja ulkomailla pelanneen J\u00e4ms\u00e4n tuleva ammattinimike on urheilutoimittaja.<\/p>\n<p class=\"article-body mb-nof-24 px-nof-16\">\u201dMutta voi my\u00f6s puhua juontaja-toimittajasta. Urheiluruudun ankkurointi on ollut minulle iso haave, ja se tulee tuolla toteutumaan\u201d, J\u00e4ms\u00e4 iloitsee.<\/p>\n<p class=\"article-body mb-nof-24 px-nof-16\">\u201dSen lis\u00e4ksi tapahtumatuotannon puolella varmasti paljon monipuolisesti eri juttuja, joita tietyll\u00e4 tavalla olen t\u00e4ss\u00e4 freelancerina t\u00e4h\u00e4n menness\u00e4 tehnytkin.\u201d<\/p>\n<p class=\"article-body mb-nof-24 px-nof-16\">H\u00e4n kertoo pit\u00e4v\u00e4ns\u00e4 t\u00e4rke\u00e4n\u00e4, ett\u00e4 \u201dYlell\u00e4 on mahdollisuus tehd\u00e4 ja oppia mit\u00e4 tahansa\u201d.<\/p>\n<p class=\"article-body mb-nof-24 px-nof-16\">\u201dKokonaisuus, mit\u00e4 Ylen urheilu tarjoaa, niin sen olen my\u00f6s valmis tekem\u00e4\u00e4n. Mutta n\u00e4m\u00e4 ovat ne konkreettiset [asiat], mit\u00e4 pystyn t\u00e4ss\u00e4 vaiheessa itse sanomaan.\u201d<\/p>\n<p class=\"article-body nof-ui-body-medium mb-nof-24 px-nof-16\">Helsingin Sanomat ja Ruutu-palvelu kuuluvat Sanoma-konserniin.<\/p>\n<p class=\"article-body mb-nof-24 px-nof-16\">Lue lis\u00e4\u00e4: <a class=\"article-genericlink\" href=\"https:\/\/www.hs.fi\/urheilu\/art-2000010622413.html\" rel=\"nofollow noopener\" target=\"_blank\">Koripallotoimittaja Anni J\u00e4ms\u00e4\u00e4 ylistet\u00e4\u00e4n \u2013 n\u00e4in h\u00e4n sai maailman\u00adt\u00e4hden haastattelun olympialaisissa<\/a><\/p>\n<p><img decoding=\"async\" src=\"https:\/\/www.europesays.com\/fi\/wp-content\/uploads\/2025\/10\/1761304988_203_468.jpg\" alt=\"Anni J\u00e4ms\u00e4 edusti koripallourallaan muun muassa Tampereen Pyrint\u00f6\u00e4.\" class=\"_Img_1rerz_1\" style=\"aspect-ratio:1.5\" loading=\"eager\"\/><\/p>\n<p class=\"article-picture-caption\">Anni J\u00e4ms\u00e4 edusti koripallourallaan muun muassa Tampereen Pyrint\u00f6\u00e4. Kuva:\u00a0Ossi Ahola<\/p>\n","protected":false},"excerpt":{"rendered":"Tv-urheilu|Anni J\u00e4ms\u00e4, 30, aloittaa uudessa pestiss\u00e4\u00e4n marraskuun alussa. 24.10. 16:01 Sanoman ja Warner Bros. Discoveryn televisiol\u00e4hetyksist\u00e4 tuttu urheilutoimittaja&hellip;\n","protected":false},"author":2,"featured_media":71537,"comment_status":"","ping_status":"","sticky":false,"template":"","format":"standard","meta":{"footnotes":""},"categories":[5],"tags":[22,23,26,27,33,31,30,17,46,24,25,28,29,15,18,21,32,19,20,16],"class_list":{"0":"post-71536","1":"post","2":"type-post","3":"status-publish","4":"format-standard","5":"has-post-thumbnail","7":"category-otsikot","8":"tag-breaking-news","9":"tag-breakingnews","10":"tag-featured-news","11":"tag-featurednews","12":"tag-fi","13":"tag-finland","14":"tag-finnish","15":"tag-headlines","16":"tag-helsingin-sanomat","17":"tag-latest-news","18":"tag-latestnews","19":"tag-main-news","20":"tag-mainnews","21":"tag-news","22":"tag-otsikot","23":"tag-paauutiset","24":"tag-suomi","25":"tag-top-stories","26":"tag-topstories","27":"tag-uutiset"},"share_on_mastodon":{"url":"https:\/\/pubeurope.com\/@fi\/115432485337467601","error":""},"_links":{"self":[{"href":"https:\/\/www.europesays.com\/fi\/wp-json\/wp\/v2\/posts\/71536","targetHints":{"allow":["GET"]}}],"collection":[{"href":"https:\/\/www.europesays.com\/fi\/wp-json\/wp\/v2\/posts"}],"about":[{"href":"https:\/\/www.europesays.com\/fi\/wp-json\/wp\/v2\/types\/post"}],"author":[{"embeddable":true,"href":"https:\/\/www.europesays.com\/fi\/wp-json\/wp\/v2\/users\/2"}],"replies":[{"embeddable":true,"href":"https:\/\/www.europesays.com\/fi\/wp-json\/wp\/v2\/comments?post=71536"}],"version-history":[{"count":0,"href":"https:\/\/www.europesays.com\/fi\/wp-json\/wp\/v2\/posts\/71536\/revisions"}],"wp:featuredmedia":[{"embeddable":true,"href":"https:\/\/www.europesays.com\/fi\/wp-json\/wp\/v2\/media\/71537"}],"wp:attachment":[{"href":"https:\/\/www.europesays.com\/fi\/wp-json\/wp\/v2\/media?parent=71536"}],"wp:term":[{"taxonomy":"category","embeddable":true,"href":"https:\/\/www.europesays.com\/fi\/wp-json\/wp\/v2\/categories?post=71536"},{"taxonomy":"post_tag","embeddable":true,"href":"https:\/\/www.europesays.com\/fi\/wp-json\/wp\/v2\/tags?post=71536"}],"curies":[{"name":"wp","href":"https:\/\/api.w.org\/{rel}","templated":true}]}}