{"id":71549,"date":"2025-10-25T03:03:12","date_gmt":"2025-10-25T03:03:12","guid":{"rendered":"https:\/\/www.europesays.com\/fi\/71549\/"},"modified":"2025-10-25T03:03:12","modified_gmt":"2025-10-25T03:03:12","slug":"kaupunginjohtajan-esitys-lappeenrannan-areenan-paikaksi-armila-paikalliset","status":"publish","type":"post","link":"https:\/\/www.europesays.com\/fi\/71549\/","title":{"rendered":"Kaupunginjohtajan esitys: Lappeenrannan areenan paikaksi Armila | Paikalliset"},"content":{"rendered":"<p>Investoinnin suuruus nousee noin 45 miljoonaan euroon. Muualla kustannukset ovat suuremmat.<\/p>\n<p>Lappeenrannan kaupunginjohtaja <strong>Tuomo Sallinen<\/strong> esitt\u00e4\u00e4 monitoimiareenan sijoituspaikaksi Armilan sairaalan aluetta.<\/p>\n<p>T\u00e4m\u00e4 selvi\u00e4\u00e4 perjantaina julkaistulta kaupunginhallituksen esityslistalta.<\/p>\n<p>Kaupunginhallitus on koolla ensi viikon maanantaina. Valtuustoon asia etenee marraskuun alussa.<\/p>\n<p>Sallisen esitys ei tule suurena yll\u00e4tyksens\u00e4. H\u00e4n on aiemminkin puhunut Armilan puolesta. Kaupunginjohtajan arvion mukaan Armilan alueen taakse l\u00f6ytyy poliittinen enemmist\u00f6 kaupunginvaltuustossa. Lis\u00e4ksi Armilan sairaalan alueen saavutettavuus on hyv\u00e4\u00e4 tasoa.<\/p>\n","protected":false},"excerpt":{"rendered":"Investoinnin suuruus nousee noin 45 miljoonaan euroon. Muualla kustannukset ovat suuremmat. Lappeenrannan kaupunginjohtaja Tuomo Sallinen esitt\u00e4\u00e4 monitoimiareenan sijoituspaikaksi&hellip;\n","protected":false},"author":2,"featured_media":71550,"comment_status":"","ping_status":"","sticky":false,"template":"","format":"standard","meta":{"footnotes":""},"categories":[5],"tags":[681,22,23,15693,26,27,33,31,30,17,3667,4507,1446,24,25,41,28,29,15,18,21,32,679,19,20,16],"class_list":{"0":"post-71549","1":"post","2":"type-post","3":"status-publish","4":"format-standard","5":"has-post-thumbnail","7":"category-otsikot","8":"tag-alue-ja-paikallishallinto","9":"tag-breaking-news","10":"tag-breakingnews","11":"tag-es-uutiset","12":"tag-featured-news","13":"tag-featurednews","14":"tag-fi","15":"tag-finland","16":"tag-finnish","17":"tag-headlines","18":"tag-lappee","19":"tag-lappeenrannan-kaupunki","20":"tag-lappeenranta","21":"tag-latest-news","22":"tag-latestnews","23":"tag-liikunta-ja-urheilu","24":"tag-main-news","25":"tag-mainnews","26":"tag-news","27":"tag-otsikot","28":"tag-paauutiset","29":"tag-suomi","30":"tag-terveydenhuollon-toimintalaitokset","31":"tag-top-stories","32":"tag-topstories","33":"tag-uutiset"},"share_on_mastodon":{"url":"https:\/\/pubeurope.com\/@fi\/115432587448754227","error":""},"_links":{"self":[{"href":"https:\/\/www.europesays.com\/fi\/wp-json\/wp\/v2\/posts\/71549","targetHints":{"allow":["GET"]}}],"collection":[{"href":"https:\/\/www.europesays.com\/fi\/wp-json\/wp\/v2\/posts"}],"about":[{"href":"https:\/\/www.europesays.com\/fi\/wp-json\/wp\/v2\/types\/post"}],"author":[{"embeddable":true,"href":"https:\/\/www.europesays.com\/fi\/wp-json\/wp\/v2\/users\/2"}],"replies":[{"embeddable":true,"href":"https:\/\/www.europesays.com\/fi\/wp-json\/wp\/v2\/comments?post=71549"}],"version-history":[{"count":0,"href":"https:\/\/www.europesays.com\/fi\/wp-json\/wp\/v2\/posts\/71549\/revisions"}],"wp:featuredmedia":[{"embeddable":true,"href":"https:\/\/www.europesays.com\/fi\/wp-json\/wp\/v2\/media\/71550"}],"wp:attachment":[{"href":"https:\/\/www.europesays.com\/fi\/wp-json\/wp\/v2\/media?parent=71549"}],"wp:term":[{"taxonomy":"category","embeddable":true,"href":"https:\/\/www.europesays.com\/fi\/wp-json\/wp\/v2\/categories?post=71549"},{"taxonomy":"post_tag","embeddable":true,"href":"https:\/\/www.europesays.com\/fi\/wp-json\/wp\/v2\/tags?post=71549"}],"curies":[{"name":"wp","href":"https:\/\/api.w.org\/{rel}","templated":true}]}}