{"id":71596,"date":"2025-10-25T04:21:10","date_gmt":"2025-10-25T04:21:10","guid":{"rendered":"https:\/\/www.europesays.com\/fi\/71596\/"},"modified":"2025-10-25T04:21:10","modified_gmt":"2025-10-25T04:21:10","slug":"meteorologilta-kalsea-ennuste-lahipaivien-saasta","status":"publish","type":"post","link":"https:\/\/www.europesays.com\/fi\/71596\/","title":{"rendered":"Meteorologilta kalsea ennuste l\u00e4hip\u00e4ivien s\u00e4\u00e4st\u00e4"},"content":{"rendered":"<p>On harmaata ja satelee, ennustaa Foreca.<\/p>\n<p><img decoding=\"async\" class=\"image image-show image-preview\" src=\"https:\/\/www.europesays.com\/fi\/wp-content\/uploads\/2025\/10\/0000694f800c9f9fd83b7dfcac96f87365ae97e59432fee1d97b4ad6092db1da.jpg\" alt=\"\"\/><img decoding=\"async\" class=\"image image-show\" src=\"https:\/\/www.europesays.com\/fi\/wp-content\/uploads\/2025\/10\/1761366068_388_0000694f800c9f9fd83b7dfcac96f87365ae97e59432fee1d97b4ad6092db1da.jpg\" alt=\"\"\/><\/p>\n<p>Sateenvarjo lienee tarpeellinen ulkoiluvaruste kautta maan. Niina Isokoski<\/p>\n<p class=\"paragraph\">Forecan <a href=\"https:\/\/www.foreca.fi\/meteorologilta\/sd9yymvi\" rel=\"noopener nofollow\" target=\"_blank\">s\u00e4\u00e4blogissa<\/a> tarjoillaan poikkeuksellisen tyls\u00e4 s\u00e4\u00e4ennuste.<\/p>\n<p class=\"paragraph\">Luvassa on jatkuvalla sy\u00f6t\u00f6ll \u00e4 yht\u00e4 ja samaa p\u00e4iv\u00e4st\u00e4 toiseen.<\/p>\n<p class=\"paragraph\">Viikonloppuna on luvassa harmaata ja lauhaa s\u00e4\u00e4t\u00e4, blogissa kerrotaan. Sateita tulee tasaiseen tahtiin.<\/p>\n<p class=\"paragraph\">Sama jatkuu ensi viikolla.<\/p>\n<p class=\"paragraph\">Muutos tapahtuu mahdollisesti viikon loppupuolella. Siit\u00e4 ei ole kuitenkaan takeita, koska ennuste muuttuu Forecan mukaan ep\u00e4varmaksi.<\/p>\n<p>Sataa<\/p>\n<p class=\"paragraph\">Lauantaina sateet kulkevat liikkuvat maan etel\u00e4- ja keskiosan yli pohjoiseen. Sateet painottuvat L\u00e4nsi-Suomeen.<\/p>\n<p class=\"paragraph\">Id\u00e4ss\u00e4 sateet ovat hajanaisempia. Lapissa on aluksi selke\u00e4\u00e4, mutta p\u00e4iv\u00e4n edetess\u00e4 pilvistyy.<\/p>\n<p class=\"paragraph\">Lappiin saakka sateet etenev\u00e4t y\u00f6ksi. Aluksi ne tulevat lumena tai r\u00e4nt\u00e4n\u00e4, mutta muuttuvat my\u00f6hemmin vedeksi.<\/p>\n<p class=\"paragraph\">Muualla Suomessa sateet tulevat veten\u00e4.<\/p>\n<p class=\"paragraph\">Sunnuntaina sama toistuu: maan etel\u00e4- ja keskiosan yli liikkuu uusia sateita kohti pohjoista.<\/p>\n<p class=\"paragraph\">\u2013 Alkuviikolla s\u00e4\u00e4 on p\u00e4iv\u00e4st\u00e4 toiseen enimm\u00e4kseen pilvinen ja hajanaisia sateita tulee ajoittain eri puolilla maata, Foreca ennustaa.<\/p>\n<p>Tasaista<\/p>\n<p class=\"paragraph\">L\u00e4mp\u00f6tiloissakaan ei tapahdu suuria muutoksia.<\/p>\n<p class=\"paragraph\">Lappia lukuun ottamatta l\u00e4mp\u00f6tilat ovat suuressa osassa maata y\u00f6t\u00e4 p\u00e4iv\u00e4\u00e4 muutaman asteen plussalla. Etel\u00e4ss\u00e4 voi p\u00e4iv\u00e4ll\u00e4 olla reilut kymmenenkin astetta.<\/p>\n<p class=\"paragraph\">Lapissa ja Koillismaalla voi etenkin \u00f6isin olla muutama aste pakkasta.<\/p>\n<p class=\"paragraph\">L\u00e4mp\u00f6tilojen odotetaan pysyttelev\u00e4n ajankohtaan n\u00e4hden lauhoina ensi viikon loppupuolellakin, mutta ennusteen ep\u00e4varmuus kasvaa.<\/p>\n<p class=\"paragraph\">\u2013 Laaja ja hidasliikkeinen matalapaineen alue n\u00e4ytt\u00e4\u00e4 antavan viikon loppupuolella periksi, mutta lounaasta saapuu edelleen sadealueita tasaisella sy\u00f6t\u00f6ll\u00e4, Forecan blogissa kerrotaan.<\/p>\n<p><a href=\"https:\/\/www.iltalehti.fi\/parassaa?storeCampaign=ArticleBottomBanner\" rel=\"nofollow noopener\" target=\"_blank\"><img decoding=\"async\" src=\"https:\/\/www.europesays.com\/fi\/wp-content\/uploads\/2025\/08\/d0fd7860228df4fdd5fd0367e49d769aa09b08189080ddc5ccdd8c31ad63aca9.png\" alt=\"IL Paras S\u00e4\u00e4 - S\u00e4\u00e4tiedot ja s\u00e4\u00e4ennusteet\"\/><\/a><\/p>\n","protected":false},"excerpt":{"rendered":"On harmaata ja satelee, ennustaa Foreca. Sateenvarjo lienee tarpeellinen ulkoiluvaruste kautta maan. Niina Isokoski Forecan s\u00e4\u00e4blogissa tarjoillaan poikkeuksellisen&hellip;\n","protected":false},"author":2,"featured_media":71597,"comment_status":"","ping_status":"","sticky":false,"template":"","format":"standard","meta":{"footnotes":""},"categories":[5],"tags":[35,22,23,26,27,33,31,30,17,713,24,25,28,29,715,15,18,21,710,714,32,4107,19,20,16],"class_list":{"0":"post-71596","1":"post","2":"type-post","3":"status-publish","4":"format-standard","5":"has-post-thumbnail","7":"category-otsikot","8":"tag-24h","9":"tag-breaking-news","10":"tag-breakingnews","11":"tag-featured-news","12":"tag-featurednews","13":"tag-fi","14":"tag-finland","15":"tag-finnish","16":"tag-headlines","17":"tag-lampotila-saa","18":"tag-latest-news","19":"tag-latestnews","20":"tag-main-news","21":"tag-mainnews","22":"tag-meteorologia","23":"tag-news","24":"tag-otsikot","25":"tag-paauutiset","26":"tag-saa","27":"tag-saaennustus","28":"tag-suomi","29":"tag-tiedotukset-saa","30":"tag-top-stories","31":"tag-topstories","32":"tag-uutiset"},"share_on_mastodon":{"url":"https:\/\/pubeurope.com\/@fi\/115432894187675610","error":""},"_links":{"self":[{"href":"https:\/\/www.europesays.com\/fi\/wp-json\/wp\/v2\/posts\/71596","targetHints":{"allow":["GET"]}}],"collection":[{"href":"https:\/\/www.europesays.com\/fi\/wp-json\/wp\/v2\/posts"}],"about":[{"href":"https:\/\/www.europesays.com\/fi\/wp-json\/wp\/v2\/types\/post"}],"author":[{"embeddable":true,"href":"https:\/\/www.europesays.com\/fi\/wp-json\/wp\/v2\/users\/2"}],"replies":[{"embeddable":true,"href":"https:\/\/www.europesays.com\/fi\/wp-json\/wp\/v2\/comments?post=71596"}],"version-history":[{"count":0,"href":"https:\/\/www.europesays.com\/fi\/wp-json\/wp\/v2\/posts\/71596\/revisions"}],"wp:featuredmedia":[{"embeddable":true,"href":"https:\/\/www.europesays.com\/fi\/wp-json\/wp\/v2\/media\/71597"}],"wp:attachment":[{"href":"https:\/\/www.europesays.com\/fi\/wp-json\/wp\/v2\/media?parent=71596"}],"wp:term":[{"taxonomy":"category","embeddable":true,"href":"https:\/\/www.europesays.com\/fi\/wp-json\/wp\/v2\/categories?post=71596"},{"taxonomy":"post_tag","embeddable":true,"href":"https:\/\/www.europesays.com\/fi\/wp-json\/wp\/v2\/tags?post=71596"}],"curies":[{"name":"wp","href":"https:\/\/api.w.org\/{rel}","templated":true}]}}