{"id":71627,"date":"2025-10-25T05:25:10","date_gmt":"2025-10-25T05:25:10","guid":{"rendered":"https:\/\/www.europesays.com\/fi\/71627\/"},"modified":"2025-10-25T05:25:10","modified_gmt":"2025-10-25T05:25:10","slug":"matias-petaistolta-surullinen-uutinen-como-fi","status":"publish","type":"post","link":"https:\/\/www.europesays.com\/fi\/71627\/","title":{"rendered":"Matias Pet\u00e4ist\u00f6lt\u00e4 surullinen uutinen &#8211; Como.fi"},"content":{"rendered":"<p>Erikoisjoukot-t\u00e4hti <strong>Matias Pet\u00e4ist\u00f6<\/strong> on kokenut viime aikoina kovia. H\u00e4nen erostaan vaimostaan kerrottiin tammikuussa. Ero astui voimaan elokuussa. Nyt Pet\u00e4ist\u00f6n el\u00e4m\u00e4ss\u00e4 on taas surua. H\u00e4n kertoo somejulkaisussaan koiransa <strong>Rossin <\/strong>kuolleen. \u00a0<\/p>\n<p>\u2013 Rossilla oli raajassa laaja hermovaurio mink\u00e4 vuoks jouduin siit t\u00e4n\u00e4\u00e4 luopumaa, kertoo Pet\u00e4ist\u00f6.<\/p>\n<p>Koira tuntuu olleen Pet\u00e4ist\u00f6lle todella t\u00e4rke\u00e4. \u00a0<\/p>\n<p>\u2013 Rossi oli mun el\u00e4m\u00e4n koira. Rossi n\u00e4ytti esimerkill\u00e4\u00e4n mulle ja kaikille ketk\u00e4 siihen p\u00e4\u00e4s tutustuu, miten hommat pit\u00e4\u00e4 hoitaa ja el\u00e4m\u00e4\u00e4 el\u00e4\u00e4, koko sen ajan kun mulla on ollu vaikeimmat hetket el\u00e4m\u00e4ss\u00e4, kuvailee Pet\u00e4ist\u00f6 koiraansa.<\/p>\n<p>Pet\u00e4ist\u00f6 kertoo koiransa tavoista muutaman kirosanan kera. Koira oli muun muassa saanut h\u00e4net liikkeelle, vaikka ei aina olisi oikeasti jaksanut.<\/p>\n<p>\u2013 Se ei valittanu mist\u00e4\u00e4n, se ei pel\u00e4nny mit\u00e4\u00e4n, se s\u00f6i Aspenin ja Bravon ruoat jos halus, paljastaa Pet\u00e4ist\u00f6. <\/p>\n<p>Lue my\u00f6s: <a href=\"https:\/\/www.como.fi\/uutiset\/tiia-aalto-avautuu-erikoisjoukoista-naisia-on-vahatelty-kautta-aikojen\/\" title=\"Tiia Aalto avautuu Erikoisjoukoista: \u201dNaisia on v\u00e4h\u00e4telty kautta aikojen\u201d\" class=\"underline-custom !font-montserrat !font-bold !underline-offset-4 !decoration-4 !decoration-red-600 !text-md\" rel=\"nofollow noopener\" target=\"_blank\">Tiia Aalto avautuu Erikoisjoukoista: \u201dNaisia on v\u00e4h\u00e4telty kautta aikojen\u201d<\/a><\/p>\n<p>Julkaisun kommenttikentt\u00e4 on t\u00e4yttynyt osanotoista.<\/p>\n<p>Jos upotus ei n\u00e4y, avaa se auki <a href=\"https:\/\/www.instagram.com\/p\/DQKM9STDKeX\/?utm_source=ig_web_copy_link&amp;igsh=MzRlODBiNWFlZA==\" target=\"_blank\" rel=\"noreferrer noopener nofollow\">t\u00e4st\u00e4<\/a>.<\/p>\n<p>Lue my\u00f6s: <a href=\"https:\/\/www.como.fi\/tilaa-comon-uutiskirje\/\" title=\"Tilaa Comon uutiskirje ja tied\u00e4t mist\u00e4 kahvitauolla puhutaan! Nappaa kotimaan tv-vinkit ja puheenaiheet suoraan s\u00e4hk\u00f6postiin t\u00e4st\u00e4.\" class=\"underline-custom !font-montserrat !font-bold !underline-offset-4 !decoration-4 !decoration-red-600 !text-md\" rel=\"nofollow noopener\" target=\"_blank\">Tilaa Comon uutiskirje ja tied\u00e4t mist\u00e4 kahvitauolla puhutaan! Nappaa kotimaan tv-vinkit ja puheenaiheet suoraan s\u00e4hk\u00f6postiin t\u00e4st\u00e4.<\/a><\/p>\n<p>\t\t\t<script async src=\"\/\/www.instagram.com\/embed.js\"><\/script><\/p>\n","protected":false},"excerpt":{"rendered":"Erikoisjoukot-t\u00e4hti Matias Pet\u00e4ist\u00f6 on kokenut viime aikoina kovia. H\u00e4nen erostaan vaimostaan kerrottiin tammikuussa. Ero astui voimaan elokuussa. Nyt&hellip;\n","protected":false},"author":2,"featured_media":71628,"comment_status":"","ping_status":"","sticky":false,"template":"","format":"standard","meta":{"footnotes":""},"categories":[136],"tags":[407,137,33,31,30,408,15710,32,109],"class_list":{"0":"post-71627","1":"post","2":"type-post","3":"status-publish","4":"format-standard","5":"has-post-thumbnail","7":"category-julkkikset","8":"tag-celebrities","9":"tag-entertainment","10":"tag-fi","11":"tag-finland","12":"tag-finnish","13":"tag-julkkikset","14":"tag-matias-petu00e4istu00f6","15":"tag-suomi","16":"tag-viihde"},"share_on_mastodon":{"url":"https:\/\/pubeurope.com\/@fi\/115433145840152130","error":""},"_links":{"self":[{"href":"https:\/\/www.europesays.com\/fi\/wp-json\/wp\/v2\/posts\/71627","targetHints":{"allow":["GET"]}}],"collection":[{"href":"https:\/\/www.europesays.com\/fi\/wp-json\/wp\/v2\/posts"}],"about":[{"href":"https:\/\/www.europesays.com\/fi\/wp-json\/wp\/v2\/types\/post"}],"author":[{"embeddable":true,"href":"https:\/\/www.europesays.com\/fi\/wp-json\/wp\/v2\/users\/2"}],"replies":[{"embeddable":true,"href":"https:\/\/www.europesays.com\/fi\/wp-json\/wp\/v2\/comments?post=71627"}],"version-history":[{"count":0,"href":"https:\/\/www.europesays.com\/fi\/wp-json\/wp\/v2\/posts\/71627\/revisions"}],"wp:featuredmedia":[{"embeddable":true,"href":"https:\/\/www.europesays.com\/fi\/wp-json\/wp\/v2\/media\/71628"}],"wp:attachment":[{"href":"https:\/\/www.europesays.com\/fi\/wp-json\/wp\/v2\/media?parent=71627"}],"wp:term":[{"taxonomy":"category","embeddable":true,"href":"https:\/\/www.europesays.com\/fi\/wp-json\/wp\/v2\/categories?post=71627"},{"taxonomy":"post_tag","embeddable":true,"href":"https:\/\/www.europesays.com\/fi\/wp-json\/wp\/v2\/tags?post=71627"}],"curies":[{"name":"wp","href":"https:\/\/api.w.org\/{rel}","templated":true}]}}