{"id":71631,"date":"2025-10-25T05:28:08","date_gmt":"2025-10-25T05:28:08","guid":{"rendered":"https:\/\/www.europesays.com\/fi\/71631\/"},"modified":"2025-10-25T05:28:08","modified_gmt":"2025-10-25T05:28:08","slug":"masked-singer-suomi-pyydan-anteeksi","status":"publish","type":"post","link":"https:\/\/www.europesays.com\/fi\/71631\/","title":{"rendered":"Masked Singer Suomi: \u201dPyyd\u00e4n anteeksi\u201d"},"content":{"rendered":"<p>Masked Singer Suomessa paljastui taas yksi hahmo.<\/p>\n<p><img decoding=\"async\" class=\"image image-show image-preview\" src=\"https:\/\/www.europesays.com\/fi\/wp-content\/uploads\/2025\/10\/f74bcc42b99db88dc442937f42538cccbff0344c04bc08bd317b429d9298ecb1.jpg\" alt=\"\"\/><img decoding=\"async\" class=\"image image-show\" src=\"https:\/\/www.europesays.com\/fi\/wp-content\/uploads\/2025\/10\/1761370088_703_f74bcc42b99db88dc442937f42538cccbff0344c04bc08bd317b429d9298ecb1.jpg\" alt=\"\"\/><\/p>\n<p>Janne Kataja, Jenni Poikelus, Nelli Matula ja Benjamin Peltonen eiv\u00e4t olleet uskoa silmi\u00e4\u00e4n, kun Mansikki poisti maskinsa. MTV3<\/p>\n<p class=\"paragraph\">Masked Singer Suomessa paljastui j\u00e4lleen t\u00e4n\u00e4\u00e4n Maikkarilla yksi uusi hahmo. Kyseess\u00e4 oli Mansikki.<\/p>\n<p class=\"paragraph\"><strong>Janne Kataja<\/strong> veikkasi, ett\u00e4 h\u00e4n on <strong>Oku Luukkainen<\/strong>. <strong>Jenni Poikelus<\/strong> ja vieraileva etsiv\u00e4 <strong>Nelli Matula<\/strong> liputtivat <strong>Isaac Senen<\/strong> puolesta. <strong>Benjamin Peltonen<\/strong> puolestaan arvuutteli maskin alta l\u00f6ytyv\u00e4n <strong>Sergey Hilmanin<\/strong>.<\/p>\n<p class=\"paragraph\">He olivat kaikki v\u00e4\u00e4r\u00e4ss\u00e4.<\/p>\n<p>Lavalla n\u00e4htiin t\u00e4n\u00e4\u00e4n Merenneito, Papparainen, Hai, Kameleontti, Pierumies ja Mansikki. MTV3<\/p>\n<p class=\"paragraph\">Mansikiksi oli sonnustautunut tubettaja <a href=\"https:\/\/www.iltalehti.fi\/henkilot\/Miska Haakana\" class=\"article-link-person-page\" rel=\"nofollow noopener\" target=\"_blank\">Miska Haakana<\/a>. Benjamin oli \u00e4llik\u00e4ll\u00e4 ly\u00f6ty.<\/p>\n<p class=\"paragraph\">\u2013\u2009Ei pysty. I\u2019m done, h\u00e4n kuittasi englanniksi olevansa valmista kauraa.<\/p>\n<p class=\"paragraph\">\u2013\u2009Miska, min\u00e4 pyyd\u00e4n henkil\u00f6kohtaisesti anteeksi koko meid\u00e4n etsiv\u00e4toimistomme puolesta. Of course it\u2019s you! Benjamin jatkoi englannin kielt\u00e4 ilmoittaessaan, ett\u00e4 no tottakai maskin alta paljastui Miska.<\/p>\n<p class=\"paragraph\">\u2013\u2009T\u00e4m\u00e4 on noloa, Benjamin viel\u00e4 my\u00f6hemmin tuskasteli.<\/p>\n<p>\u2013\u2009Kyll\u00e4 min\u00e4 kovin rakastin t\u00e4t\u00e4 hahmoa, Miska Haakana viittasi tv:ss\u00e4 hahmoonsa Mansikkiin. Pete Anikari<\/p>\n<p class=\"paragraph\">My\u00f6s Miska itse oli h\u00e4mmentynyt siit\u00e4, ettei h\u00e4nt\u00e4 tunnistettu.<\/p>\n<p class=\"paragraph\">\u2013\u2009Olen ollut p\u00e4llistynyt siit\u00e4, ettei kertaakaan ole veikattu edes l\u00e4helle, h\u00e4n ihmetteli.<\/p>\n<p class=\"paragraph\">Miska oli ollut aivan varma, ett\u00e4 h\u00e4net tunnistetaan heti ensimm\u00e4isess\u00e4 jaksossa.<\/p>\n<p class=\"paragraph\">\u2013\u2009Minun nasaali \u00e4\u00e4neni sattuu kuitenkin korviin, Miska heitti tv:ss\u00e4.<\/p>\n<p class=\"paragraph\">\u2013\u2009Ajattelin, ett\u00e4 se tulee sielt\u00e4, mutta ei! Ihan p\u00e4in mantuja ja m\u00e4nty\u00e4! h\u00e4n h\u00e4mm\u00e4steli etsivien tiet\u00e4m\u00e4tt\u00f6myytt\u00e4.<\/p>\n<p class=\"paragraph\">My\u00f6s Masked Singer Suomea is\u00e4nn\u00f6iv\u00e4 <strong>Ile Uusivuori<\/strong> osallistui keskusteluun.<\/p>\n<p class=\"paragraph\">\u2013\u2009N\u00e4m\u00e4 ovat aivan \u00e4im\u00e4n k\u00e4ken\u00e4 t\u00e4\u00e4ll\u00e4, h\u00e4n viittasi etsiviin.<\/p>\n<p class=\"paragraph\">Masked Singer Suomi lauantaisin MTV3:lla kello 19.30 &amp; Katsomossa. <a href=\"https:\/\/www.iltalehti.fi\/telkku\/\" rel=\"nofollow noopener\" target=\"_blank\">Katso kaikki\u00a0TV-ohjelmat ja l\u00e4hetysajat Telkun TV-oppaasta<\/a>.<\/p>\n","protected":false},"excerpt":{"rendered":"Masked Singer Suomessa paljastui taas yksi hahmo. Janne Kataja, Jenni Poikelus, Nelli Matula ja Benjamin Peltonen eiv\u00e4t olleet&hellip;\n","protected":false},"author":2,"featured_media":71632,"comment_status":"","ping_status":"","sticky":false,"template":"","format":"standard","meta":{"footnotes":""},"categories":[133],"tags":[35,153,137,33,31,30,979,1999,32,206,140,139,156,109],"class_list":{"0":"post-71631","1":"post","2":"type-post","3":"status-publish","4":"format-standard","5":"has-post-thumbnail","7":"category-televisiot","8":"tag-24h","9":"tag-audiovisuaalinen-media","10":"tag-entertainment","11":"tag-fi","12":"tag-finland","13":"tag-finnish","14":"tag-sahkoinen-media","15":"tag-suomalaiset-tv-ohjelmat","16":"tag-suomi","17":"tag-televisiot","18":"tag-tv-ja-elokuvat","19":"tag-tv-ohjelmat","20":"tag-tv","21":"tag-viihde"},"share_on_mastodon":{"url":"https:\/\/pubeurope.com\/@fi\/115433157762350990","error":""},"_links":{"self":[{"href":"https:\/\/www.europesays.com\/fi\/wp-json\/wp\/v2\/posts\/71631","targetHints":{"allow":["GET"]}}],"collection":[{"href":"https:\/\/www.europesays.com\/fi\/wp-json\/wp\/v2\/posts"}],"about":[{"href":"https:\/\/www.europesays.com\/fi\/wp-json\/wp\/v2\/types\/post"}],"author":[{"embeddable":true,"href":"https:\/\/www.europesays.com\/fi\/wp-json\/wp\/v2\/users\/2"}],"replies":[{"embeddable":true,"href":"https:\/\/www.europesays.com\/fi\/wp-json\/wp\/v2\/comments?post=71631"}],"version-history":[{"count":0,"href":"https:\/\/www.europesays.com\/fi\/wp-json\/wp\/v2\/posts\/71631\/revisions"}],"wp:featuredmedia":[{"embeddable":true,"href":"https:\/\/www.europesays.com\/fi\/wp-json\/wp\/v2\/media\/71632"}],"wp:attachment":[{"href":"https:\/\/www.europesays.com\/fi\/wp-json\/wp\/v2\/media?parent=71631"}],"wp:term":[{"taxonomy":"category","embeddable":true,"href":"https:\/\/www.europesays.com\/fi\/wp-json\/wp\/v2\/categories?post=71631"},{"taxonomy":"post_tag","embeddable":true,"href":"https:\/\/www.europesays.com\/fi\/wp-json\/wp\/v2\/tags?post=71631"}],"curies":[{"name":"wp","href":"https:\/\/api.w.org\/{rel}","templated":true}]}}