{"id":71651,"date":"2025-10-25T06:02:14","date_gmt":"2025-10-25T06:02:14","guid":{"rendered":"https:\/\/www.europesays.com\/fi\/71651\/"},"modified":"2025-10-25T06:02:14","modified_gmt":"2025-10-25T06:02:14","slug":"jyvaskylalainen-ari-taivalsaari-avaa-uuden-makkarin-joensuuhun-keski-suomi","status":"publish","type":"post","link":"https:\/\/www.europesays.com\/fi\/71651\/","title":{"rendered":"Jyv\u00e4skyl\u00e4l\u00e4inen Ari Taivalsaari avaa uuden M\u00e4kk\u00e4rin Joensuuhun | Keski-Suomi"},"content":{"rendered":"<p>Jyv\u00e4skyl\u00e4l\u00e4inen yritt\u00e4j\u00e4 <strong>Ari Taivalsaari<\/strong> avaa Joensuuhun uuden McDonald&#8217;s-ravintolan. Uusi M\u00e4kk\u00e4ri sijoittuu Pilkon kaupunginosaan.<\/p>\n<p>Taivalsaari toimii jo nyt yritt\u00e4j\u00e4n\u00e4 13 M\u00e4kk\u00e4riss\u00e4, joista kolme sijaitsee Jyv\u00e4skyl\u00e4ss\u00e4. Joensuussa h\u00e4nell\u00e4 on valmiiksi toinen samaisen ketjun ravintola Kuurnankadulla.<\/p>\n","protected":false},"excerpt":{"rendered":"Jyv\u00e4skyl\u00e4l\u00e4inen yritt\u00e4j\u00e4 Ari Taivalsaari avaa Joensuuhun uuden McDonald&#8217;s-ravintolan. Uusi M\u00e4kk\u00e4ri sijoittuu Pilkon kaupunginosaan. Taivalsaari toimii jo nyt yritt\u00e4j\u00e4n\u00e4&hellip;\n","protected":false},"author":2,"featured_media":71652,"comment_status":"","ping_status":"","sticky":false,"template":"","format":"standard","meta":{"footnotes":""},"categories":[76],"tags":[79,77,2110,400,33,31,30,104,1133,3187,32,78,860],"class_list":{"0":"post-71651","1":"post","2":"type-post","3":"status-publish","4":"format-standard","5":"has-post-thumbnail","7":"category-talous","8":"tag-business","9":"tag-economy","10":"tag-elamantapa-ja-vapaa-aika","11":"tag-espoo","12":"tag-fi","13":"tag-finland","14":"tag-finnish","15":"tag-helsinki","16":"tag-joensuu","17":"tag-kulutustavarat-ja-palvelut-sektori","18":"tag-suomi","19":"tag-talous","20":"tag-tyoelama"},"share_on_mastodon":{"url":"https:\/\/pubeurope.com\/@fi\/115433291363197509","error":""},"_links":{"self":[{"href":"https:\/\/www.europesays.com\/fi\/wp-json\/wp\/v2\/posts\/71651","targetHints":{"allow":["GET"]}}],"collection":[{"href":"https:\/\/www.europesays.com\/fi\/wp-json\/wp\/v2\/posts"}],"about":[{"href":"https:\/\/www.europesays.com\/fi\/wp-json\/wp\/v2\/types\/post"}],"author":[{"embeddable":true,"href":"https:\/\/www.europesays.com\/fi\/wp-json\/wp\/v2\/users\/2"}],"replies":[{"embeddable":true,"href":"https:\/\/www.europesays.com\/fi\/wp-json\/wp\/v2\/comments?post=71651"}],"version-history":[{"count":0,"href":"https:\/\/www.europesays.com\/fi\/wp-json\/wp\/v2\/posts\/71651\/revisions"}],"wp:featuredmedia":[{"embeddable":true,"href":"https:\/\/www.europesays.com\/fi\/wp-json\/wp\/v2\/media\/71652"}],"wp:attachment":[{"href":"https:\/\/www.europesays.com\/fi\/wp-json\/wp\/v2\/media?parent=71651"}],"wp:term":[{"taxonomy":"category","embeddable":true,"href":"https:\/\/www.europesays.com\/fi\/wp-json\/wp\/v2\/categories?post=71651"},{"taxonomy":"post_tag","embeddable":true,"href":"https:\/\/www.europesays.com\/fi\/wp-json\/wp\/v2\/tags?post=71651"}],"curies":[{"name":"wp","href":"https:\/\/api.w.org\/{rel}","templated":true}]}}