{"id":71681,"date":"2025-10-25T06:48:07","date_gmt":"2025-10-25T06:48:07","guid":{"rendered":"https:\/\/www.europesays.com\/fi\/71681\/"},"modified":"2025-10-25T06:48:07","modified_gmt":"2025-10-25T06:48:07","slug":"johnny-depp-nahdaan-ikonisessa-roolissa-kauhuohjaajan-tulevassa-klassikkosadun-filmatisoinnissa","status":"publish","type":"post","link":"https:\/\/www.europesays.com\/fi\/71681\/","title":{"rendered":"Johnny Depp n\u00e4hd\u00e4\u00e4n ikonisessa roolissa kauhuohjaajan tulevassa klassikkosadun filmatisoinnissa"},"content":{"rendered":"<p><a href=\"https:\/\/variety.com\/2025\/film\/news\/johnny-depp-christmas-carol-movie-ti-west-1236559845\/?fbclid=IwY2xjawNneDZleHRuA2FlbQIxMABicmlkETBzM1F1TUd1ZW9HREZoVUpiAR5IgCugXtor1CwX_uN14DmEkJJFTRNRkIVbmXr1LppUnvRsJIeNLjRCZK4dnw_aem_1UB2KY1hZozue6B0RGvw9g\" rel=\"nofollow noopener\" target=\"_blank\">Variety<\/a> uutisoi, ett\u00e4 <strong>Johnny Depp <\/strong>n\u00e4hd\u00e4\u00e4n Saiturina tulevassa Saiturin joulu -filmatisoinnissa. Nime\u00e4 ei ole viel\u00e4 sopimuksessa alla, mutta neuvottelut roolista ovat sinetti\u00e4 vaille selv\u00e4t.<\/p>\n<p>Elokuvan ohjaa kauhuelokuvien tuore menestysnimi <strong>Ti West<\/strong>, joka muistetaan <strong>Mia Gothin <\/strong>t\u00e4hditt\u00e4m\u00e4st\u00e4 X-trilogiasta (X, Pearl ja Maxxxine). Elokuvassa merkitt\u00e4v\u00e4ss\u00e4 roolissa n\u00e4hd\u00e4\u00e4n my\u00f6s Oscar-ehdokas <strong>Andrea Riseborough<\/strong>.<\/p>\n<p>Ebenezer: A Christmas Carol -elokuva perustu <strong>Charles Dickensin<\/strong> klassikkosatuun. Sen on m\u00e4\u00e4r\u00e4 saada maailmanensi-iltansa marraskuun 13. p\u00e4iv\u00e4 2026.<\/p>\n<p><a href=\"https:\/\/www.episodi.fi\/uutiset\/tuottajaguru-paljasti-pirates-of-the-caribbean-6-elokuvassa-nahdaan-hollywoodin-kuumin-naistahti\/\" rel=\"nofollow noopener\" target=\"_blank\">Lue my\u00f6s: Tuottajaguru paljasti: Pirates of the Caribbean 6 -elokuvassa n\u00e4hd\u00e4\u00e4n Hollywoodin kuumin naist\u00e4hti<\/a><\/p>\n<p>Lue my\u00f6s: <a href=\"https:\/\/www.episodi.fi\/uutiskirje\/?uutiskirjemainos=tekstilinkkimainos\" title=\"Tilaa Episodin uutiskirje ja voit voittaa leffalippuja! Nappaa tv-vinkit suoraan s\u00e4hk\u00f6postiin t\u00e4st\u00e4.\" class=\"underline-custom !font-montserrat !font-bold !underline-offset-4 !decoration-4 !decoration-episodi-blue !text-md\" rel=\"nofollow noopener\" target=\"_blank\">Tilaa Episodin uutiskirje ja voit voittaa leffalippuja! Nappaa katseluvinkit suoraan s\u00e4hk\u00f6postiin t\u00e4st\u00e4.<\/a><\/p>\n<p>\t\t\tAiheeseen liittyvi\u00e4 elokuvia<\/p>\n","protected":false},"excerpt":{"rendered":"Variety uutisoi, ett\u00e4 Johnny Depp n\u00e4hd\u00e4\u00e4n Saiturina tulevassa Saiturin joulu -filmatisoinnissa. Nime\u00e4 ei ole viel\u00e4 sopimuksessa alla, mutta&hellip;\n","protected":false},"author":2,"featured_media":71682,"comment_status":"","ping_status":"","sticky":false,"template":"","format":"standard","meta":{"footnotes":""},"categories":[131],"tags":[155,137,33,173,31,30,6302,848,172,15716,32,15717,109],"class_list":{"0":"post-71681","1":"post","2":"type-post","3":"status-publish","4":"format-standard","5":"has-post-thumbnail","7":"category-elokuvat","8":"tag-elokuvat","9":"tag-entertainment","10":"tag-fi","11":"tag-film","12":"tag-finland","13":"tag-finnish","14":"tag-ignostot","15":"tag-johnny-depp","16":"tag-movies","17":"tag-saiturin-joulu","18":"tag-suomi","19":"tag-ti-west","20":"tag-viihde"},"share_on_mastodon":{"url":"https:\/\/pubeurope.com\/@fi\/115433472237898592","error":""},"_links":{"self":[{"href":"https:\/\/www.europesays.com\/fi\/wp-json\/wp\/v2\/posts\/71681","targetHints":{"allow":["GET"]}}],"collection":[{"href":"https:\/\/www.europesays.com\/fi\/wp-json\/wp\/v2\/posts"}],"about":[{"href":"https:\/\/www.europesays.com\/fi\/wp-json\/wp\/v2\/types\/post"}],"author":[{"embeddable":true,"href":"https:\/\/www.europesays.com\/fi\/wp-json\/wp\/v2\/users\/2"}],"replies":[{"embeddable":true,"href":"https:\/\/www.europesays.com\/fi\/wp-json\/wp\/v2\/comments?post=71681"}],"version-history":[{"count":0,"href":"https:\/\/www.europesays.com\/fi\/wp-json\/wp\/v2\/posts\/71681\/revisions"}],"wp:featuredmedia":[{"embeddable":true,"href":"https:\/\/www.europesays.com\/fi\/wp-json\/wp\/v2\/media\/71682"}],"wp:attachment":[{"href":"https:\/\/www.europesays.com\/fi\/wp-json\/wp\/v2\/media?parent=71681"}],"wp:term":[{"taxonomy":"category","embeddable":true,"href":"https:\/\/www.europesays.com\/fi\/wp-json\/wp\/v2\/categories?post=71681"},{"taxonomy":"post_tag","embeddable":true,"href":"https:\/\/www.europesays.com\/fi\/wp-json\/wp\/v2\/tags?post=71681"}],"curies":[{"name":"wp","href":"https:\/\/api.w.org\/{rel}","templated":true}]}}