{"id":71694,"date":"2025-10-25T07:09:08","date_gmt":"2025-10-25T07:09:08","guid":{"rendered":"https:\/\/www.europesays.com\/fi\/71694\/"},"modified":"2025-10-25T07:09:08","modified_gmt":"2025-10-25T07:09:08","slug":"vuosi-sitten-anna-hanski-sai-uutisen-joka-muutti-kaiken-kukaan-meista-ei-ole-entisensa","status":"publish","type":"post","link":"https:\/\/www.europesays.com\/fi\/71694\/","title":{"rendered":"Vuosi sitten Anna Hanski sai uutisen, joka muutti kaiken \u2013 \u201dKukaan meist\u00e4 ei ole entisens\u00e4\u201d"},"content":{"rendered":"<p>Anna Hanskin vuosi on ollut t\u00e4ynn\u00e4 voimakkaita ja \u00e4\u00e4rimm\u00e4isi\u00e4 tunteita.<\/p>\n<p class=\"paragraph\">Noin vuosi sitten <a href=\"https:\/\/www.iltalehti.fi\/henkilot\/Anna Hanski\" class=\"article-link-person-page\" rel=\"nofollow noopener\" target=\"_blank\">Anna Hanski<\/a> kuuli uutisen, joka on jokaisen vanhemman pahin painajainen.<\/p>\n<p class=\"paragraph\">H\u00e4nen tytt\u00e4rell\u00e4\u00e4n <strong>Nenna Leskisell\u00e4<\/strong> diagnosoitiin aggressiivinen ja levinnyt rintasy\u00f6p\u00e4. Kaiken j\u00e4rkytyksen keskell\u00e4 Nenna oli viimeisill\u00e4\u00e4n raskaana.<\/p>\n<p class=\"paragraph\">Nopeasti diagnoosin j\u00e4lkeen tytt\u00e4ren synnytys k\u00e4ynnistettiin.<\/p>\n<p class=\"paragraph\">\u2013 H\u00e4n sai diagnoosin vasta p\u00e4iv\u00e4\u00e4 aiemmin, ja sitten h\u00e4net vietiin synnytyssairaalaan. Koetimme vain keskitty\u00e4 siihen, ett\u00e4 nyt sielt\u00e4 on vauva tulossa, Anna muistelee vuoden takaisia tapahtumia.<\/p>\n<p class=\"paragraph\">Vaikka pieni tytt\u00f6vauva syntyi maailmaan terveen\u00e4, Annan p\u00e4\u00e4llimm\u00e4isi\u00e4 tunteita olivat pelko ja kauhu. Ep\u00e4varmuus ja tiet\u00e4m\u00e4tt\u00f6myys sairaudesta piinasivat my\u00f6s mielt\u00e4.<\/p>\n<p class=\"paragraph\">\u2013 Kun oma lapsi sairastuu, se menee kyll\u00e4 sellaiseen omaan lokeroonsa. Siin\u00e4 on jollain tavalla niin vereslihalla koko ajan. Siin\u00e4 on niin huolissaan ja tuskainen hirve\u00e4n monesta asiasta, ett\u00e4 sit\u00e4 ei voi verrata mihink\u00e4\u00e4n, h\u00e4n kuvailee tilannetta.<\/p>\n<p class=\"paragraph\">\u2013 Ottaisin ihan koska vain itselleni sen, ettei oma lapsi k\u00e4rsisi ja antaisin kaiken, ettei h\u00e4n voisi huonosti tai kokisi kipuja.<\/p>\n<p><img decoding=\"async\" class=\"image image-show image-preview\" src=\"https:\/\/www.europesays.com\/fi\/wp-content\/uploads\/2025\/10\/106fe856e1089d939d593fa304b29671c03f12b52f255a549273b16ced0df297.jpg\" alt=\"\"\/><img decoding=\"async\" class=\"image image-show\" src=\"https:\/\/www.europesays.com\/fi\/wp-content\/uploads\/2025\/10\/1761376148_634_106fe856e1089d939d593fa304b29671c03f12b52f255a549273b16ced0df297.jpg\" alt=\"\"\/><\/p>\n<p>Alkuj\u00e4rkytyksen j\u00e4lkeen koko perhe on oppinut el\u00e4m\u00e4\u00e4n sairauden kanssa. Pete Anikari<\/p>\n<p>Tavallinen tiistai<\/p>\n<p class=\"paragraph\">Alun \u0161okkivaihe vaihtui kuitenkin tilanteen hyv\u00e4ksynt\u00e4\u00e4n. Pikkuhiljaa koko perhe alkoi adaptoitumaan uuteen normiin, jota elettiin hetki kerrallaan.<\/p>\n<p class=\"paragraph\">\u2013 Ihan alkuvaiheessa menin todella pienill\u00e4 askelilla eteenp\u00e4in. Ajattelin, ett\u00e4 okei, nyt her\u00e4\u00e4n t\u00e4h\u00e4n tiistaihin ja t\u00e4n\u00e4\u00e4n kukaan ei kuole. T\u00e4n\u00e4\u00e4n on ihan tavallinen tiistai ja t\u00e4n\u00e4\u00e4n tehd\u00e4\u00e4n ihan tavallisia tiistain asioita, h\u00e4n muistelee.<\/p>\n<p class=\"paragraph\">Tiistaista on tullut Annalle erityisen merkityksellinen p\u00e4iv\u00e4 \u2013 se on p\u00e4iv\u00e4, jolloin Nenna sai diagnoosinsa.<\/p>\n<p class=\"paragraph\">Kev\u00e4\u00e4ll\u00e4 tuli my\u00f6s tieto siit\u00e4, ett\u00e4 Nennan sy\u00f6p\u00e4 on parantumaton. Tytt\u00e4ren saamat sy\u00f6p\u00e4hoidot ovat kuitenkin auttaneet ja l\u00e4\u00e4kehoito on pit\u00e4nyt et\u00e4pes\u00e4kkeet kurissa.<\/p>\n<p class=\"paragraph\">\u2013 On ihan valtavan iso asia, ett\u00e4 tilanne on nyt rauhallinen. En olisi ajatellut vuosi sitten, ett\u00e4 ikin\u00e4 olen n\u00e4in iloinen t\u00e4llaisesta uutisesta.<\/p>\n<p class=\"paragraph\">Tunnelma on nyt t\u00e4ysin erilainen kuin vuosi sitten.<\/p>\n<p class=\"paragraph\">\u2013 Vuosi sitten tuntui, ett\u00e4 t\u00e4t\u00e4 p\u00e4iv\u00e4\u00e4 ei tule. Tuntui, ett\u00e4 kukaan meist\u00e4 ei selvi\u00e4 t\u00e4st\u00e4, Anna kuvailee.<\/p>\n<p>Tilanne on rauhallisempi ja toiveikkaampi kuin vuosi sitten. Pete Anikari<\/p>\n<p>Voimaa l\u00e4heisist\u00e4<\/p>\n<p class=\"paragraph\">Synkkien hetkien keskell\u00e4 Anna on l\u00f6yt\u00e4nyt lohtua yst\u00e4vist\u00e4\u00e4n ja perheest\u00e4\u00e4n. H\u00e4n arvostaa l\u00e4heisi\u00e4\u00e4n, jotka eiv\u00e4t v\u00e4istele vaikeita tilanteita, vaan pys\u00e4htyv\u00e4t niiden \u00e4\u00e4relle.<\/p>\n<p class=\"paragraph\">\u2013 Jos minulle tulee aivan j\u00e4rkytt\u00e4v\u00e4 itkukohtaus ja itken ja suren kaikkea tulevaa hetken, voin olla my\u00f6s seuraavassa hetkess\u00e4 valmis nauramaan jollekin komiikalle, mit\u00e4 n\u00e4en. Se on varmaan my\u00f6s voimavarani \u2013 kyky menn\u00e4 eteenp\u00e4in tunteissa.<\/p>\n<p class=\"paragraph\">My\u00f6s se, ett\u00e4 tytt\u00e4ren kanssa on pystynyt puhumaan asiasta avoimesti, on helpottanut \u00e4idin taakkaa.<\/p>\n<p class=\"paragraph\">\u2013 On sellaisia hetki\u00e4, kun Nenna itse sanoo minulle, ett\u00e4 h\u00e4nell\u00e4 on hyv\u00e4 p\u00e4iv\u00e4 tai h\u00e4n on l\u00f6yt\u00e4nyt lohdun jostain. Sill\u00e4 hetkell\u00e4 koen voivani hyvin, Anna kertoo.<\/p>\n<p class=\"paragraph\">Annan mukaan tilanne on ollut \u00e4\u00e4rimm\u00e4isen raskas koko perheelle, mutta erityisesti Nennalle, joka on k\u00e4ynyt l\u00e4pi vaativia hoitoja sek\u00e4 kasvattanut pieni\u00e4 lapsia.<\/p>\n<p class=\"paragraph\">\u2013 Sit\u00e4 ei oikeastaan kukaan pysty ymm\u00e4rt\u00e4m\u00e4\u00e4n, joka ei sit\u00e4 itse k\u00e4y l\u00e4pi. Onneksi on niit\u00e4, jotka muodostavat vertaistuen verkostoja.<\/p>\n<p class=\"paragraph\">Koko perhe on kasvanut ja muuttunut vuoden aikana huomattavasti.<\/p>\n<p class=\"paragraph\">\u2013 Sanon, ett\u00e4 t\u00e4m\u00e4n vuoden j\u00e4lkeen kukaan meist\u00e4 ei ole entisens\u00e4, Anna kiteytt\u00e4\u00e4.<\/p>\n<p>Huumori on ollut perheelle t\u00e4rke\u00e4 selviytymiskeino vaikeina aikoina. Pete Anikari<\/p>\n<p>Arki nyt<\/p>\n<p class=\"paragraph\">El\u00e4m\u00e4n rajallisuus on kirkastanut Annalle sen, mik\u00e4 on todella t\u00e4rke\u00e4\u00e4 arjessa. Se auttaa erottamaan, mihin kannattaa kiinnitt\u00e4\u00e4 huomiota ja mik\u00e4 on v\u00e4h\u00e4p\u00e4t\u00f6ist\u00e4. Samalla h\u00e4n korostaa tasapainoa.<\/p>\n<p class=\"paragraph\">\u2013 En halua muuttua my\u00f6sk\u00e4\u00e4n liian sellaiseksi, ett\u00e4 \u201dkuule, el\u00e4m\u00e4ss\u00e4 on t\u00e4rke\u00e4mpi\u00e4 asioita\u201d, koska arki on arkea kaikille. Jos saappaat on v\u00e4\u00e4r\u00e4ss\u00e4 jalassa, se vaan ottaa p\u00e4\u00e4h\u00e4n sin\u00e4 tiistaina, h\u00e4n luonnehtii.<\/p>\n<p class=\"paragraph\">Annasta tuli ensimm\u00e4isen kerran mummi seitsem\u00e4n vuotta sitten, kun Nennan ensimm\u00e4inen lapsi syntyi. \u00c4iti ja tyt\u00e4r asuvat l\u00e4hekk\u00e4in, ja Anna nauttii siit\u00e4, ett\u00e4 saa olla lastenlasten kanssa tiiviisti tekemisiss\u00e4.<\/p>\n<p class=\"paragraph\">\u2013 Olin eilen juuri lapsenlapsen koulussa aamulla, kun sinne sai tulla tutustumaan. T\u00e4m\u00e4 rooli on minulle hyvin rakas.<\/p>\n<p>Iso\u00e4itiys on Annalle t\u00e4rke\u00e4 rooli. Pete Anikari<\/p>\n<p class=\"paragraph\">Tulevaisuuteen Anna liitt\u00e4\u00e4 sek\u00e4 pelkoa ett\u00e4 toivoa. H\u00e4n korostaa, ettei t\u00e4llaisten asioiden keskell\u00e4 tule ikin\u00e4 menett\u00e4\u00e4 toivoa.<\/p>\n<p class=\"paragraph\">\u2013 Hyv\u00e4ksyminen on aika avainsana. Vastaan taisteleminen tai todellisuuden kielt\u00e4minen vie vain voimia. Mutta toivoa pit\u00e4\u00e4 aina olla. Ja toivo el\u00e4\u00e4 meill\u00e4 koko ajan mukana t\u00e4ss\u00e4 asiassa.<\/p>\n<p class=\"paragraph\">Annan arki on nyt t\u00e4ynn\u00e4 toimintaa. 17-vuotiaana musiikkiuransa aloittanut laulaja jatkaa yh\u00e4 laulukeikkojen tekemist\u00e4. Lis\u00e4ksi h\u00e4n on mukana <a href=\"https:\/\/www.iltalehti.fi\/henkilot\/Juice Leskinen\" class=\"article-link-person-page\" rel=\"nofollow noopener\" target=\"_blank\">Juice Leskisest\u00e4<\/a> kertovassa Musta aurinko nousee -musiikkikiertueella sek\u00e4 Roosa nauha -s\u00e4\u00e4ti\u00f6n joulukampanjassa. Iltap\u00e4ivisin h\u00e4n juontaa radiol\u00e4hetyksi\u00e4 Radio Nostalgialla<\/p>\n<p class=\"paragraph\">\u2013 Se on sellaista sumplimista tuo freelancer-el\u00e4m\u00e4, h\u00e4n toteaa.<\/p>\n<p class=\"paragraph\">Roosa nauha -kampanjan tiimoilta Annalta tulee uusi kappale, jonka on s\u00e4velt\u00e4nyt ja sanoittanut <a href=\"https:\/\/www.iltalehti.fi\/henkilot\/Mikko Kuustonen\" class=\"article-link-person-page\" rel=\"nofollow noopener\" target=\"_blank\">Mikko Kuustonen<\/a> ja tuottanut Nennan is\u00e4 <a href=\"https:\/\/www.iltalehti.fi\/henkilot\/Leri Leskinen\" class=\"article-link-person-page\" rel=\"nofollow noopener\" target=\"_blank\">Leri Leskinen<\/a>. Kappaleen ensiesitys n\u00e4hd\u00e4\u00e4n Tanssii t\u00e4htien kanssa -ohjelmassa sunnuntaina 26. lokakuuta.<\/p>\n<p>Annan uuden kappaleen ensiesitys n\u00e4hd\u00e4\u00e4n sunnuntain TTK-l\u00e4hetyksess\u00e4. Pete Anikari<\/p>\n<p class=\"paragraph\">Meikki ja hiukset: Ia Luhtanen. Tyyli: Pinja Hanski. Vaatetiedot: punainen neule ja punaiset korvakorut, Urbaani Legenda Home &amp; Lifestyle. Farkut, Aspesi, My o My. Kultaiset korut, Merkitys Second hand. Hame, Balmuir. Paita, Cilla\u2019s.<\/p>\n","protected":false},"excerpt":{"rendered":"Anna Hanskin vuosi on ollut t\u00e4ynn\u00e4 voimakkaita ja \u00e4\u00e4rimm\u00e4isi\u00e4 tunteita. Noin vuosi sitten Anna Hanski kuuli uutisen, joka&hellip;\n","protected":false},"author":2,"featured_media":71695,"comment_status":"","ping_status":"","sticky":false,"template":"","format":"standard","meta":{"footnotes":""},"categories":[136],"tags":[35,138,407,137,33,31,30,101,408,99,47,98,32,109],"class_list":{"0":"post-71694","1":"post","2":"type-post","3":"status-publish","4":"format-standard","5":"has-post-thumbnail","7":"category-julkkikset","8":"tag-24h","9":"tag-audio","10":"tag-celebrities","11":"tag-entertainment","12":"tag-fi","13":"tag-finland","14":"tag-finnish","15":"tag-ihmissuhteet","16":"tag-julkkikset","17":"tag-lapset","18":"tag-musiikki","19":"tag-perhe","20":"tag-suomi","21":"tag-viihde"},"share_on_mastodon":{"url":"https:\/\/pubeurope.com\/@fi\/115433554900568919","error":""},"_links":{"self":[{"href":"https:\/\/www.europesays.com\/fi\/wp-json\/wp\/v2\/posts\/71694","targetHints":{"allow":["GET"]}}],"collection":[{"href":"https:\/\/www.europesays.com\/fi\/wp-json\/wp\/v2\/posts"}],"about":[{"href":"https:\/\/www.europesays.com\/fi\/wp-json\/wp\/v2\/types\/post"}],"author":[{"embeddable":true,"href":"https:\/\/www.europesays.com\/fi\/wp-json\/wp\/v2\/users\/2"}],"replies":[{"embeddable":true,"href":"https:\/\/www.europesays.com\/fi\/wp-json\/wp\/v2\/comments?post=71694"}],"version-history":[{"count":0,"href":"https:\/\/www.europesays.com\/fi\/wp-json\/wp\/v2\/posts\/71694\/revisions"}],"wp:featuredmedia":[{"embeddable":true,"href":"https:\/\/www.europesays.com\/fi\/wp-json\/wp\/v2\/media\/71695"}],"wp:attachment":[{"href":"https:\/\/www.europesays.com\/fi\/wp-json\/wp\/v2\/media?parent=71694"}],"wp:term":[{"taxonomy":"category","embeddable":true,"href":"https:\/\/www.europesays.com\/fi\/wp-json\/wp\/v2\/categories?post=71694"},{"taxonomy":"post_tag","embeddable":true,"href":"https:\/\/www.europesays.com\/fi\/wp-json\/wp\/v2\/tags?post=71694"}],"curies":[{"name":"wp","href":"https:\/\/api.w.org\/{rel}","templated":true}]}}