{"id":71719,"date":"2025-10-25T07:43:10","date_gmt":"2025-10-25T07:43:10","guid":{"rendered":"https:\/\/www.europesays.com\/fi\/71719\/"},"modified":"2025-10-25T07:43:10","modified_gmt":"2025-10-25T07:43:10","slug":"jasmin-vahakangas-sai-haadon-kodistaan-nain-han-kommentoi","status":"publish","type":"post","link":"https:\/\/www.europesays.com\/fi\/71719\/","title":{"rendered":"Jasmin V\u00e4h\u00e4kangas sai h\u00e4\u00e4d\u00f6n kodistaan: N\u00e4in h\u00e4n kommentoi"},"content":{"rendered":"<p>Jasmin V\u00e4h\u00e4kangas kommentoi h\u00e4\u00e4t\u00f6\u00e4\u00e4n, josta uutisoitiin perjantaina.<\/p>\n<p><img decoding=\"async\" class=\"image image-show image-preview\" src=\"https:\/\/www.europesays.com\/fi\/wp-content\/uploads\/2025\/10\/f96ac031bf44ae387de945a3d7f8e9121f989fabe90f4fac43fb678661757d8a.jpg\" alt=\"\"\/><img decoding=\"async\" class=\"image image-show\" src=\"https:\/\/www.europesays.com\/fi\/wp-content\/uploads\/2025\/10\/1761330908_94_f96ac031bf44ae387de945a3d7f8e9121f989fabe90f4fac43fb678661757d8a.jpg\" alt=\"\"\/><\/p>\n<p>Kuvassa Jasmin V\u00e4h\u00e4kangas, entinen Jasmin M\u00e4ntyl\u00e4. Markku Ruottinen<\/p>\n<p class=\"paragraph\">Entinen malli <a href=\"https:\/\/www.iltalehti.fi\/henkilot\/Jasmin V\u00e4h\u00e4kangas\" class=\"article-link-person-page\" rel=\"nofollow noopener\" target=\"_blank\">Jasmin V\u00e4h\u00e4kangas<\/a> (ent. M\u00e4ntyl\u00e4), 43, h\u00e4\u00e4dettiin kodistaan viime vuonna. V\u00e4h\u00e4kangas j\u00e4tti vesilaskut maksamatta ja sai lopulta h\u00e4\u00e4d\u00f6n vuokra-asunnostaan.<\/p>\n<p class=\"paragraph\">Asia koskee V\u00e4h\u00e4kankaan ja h\u00e4nen <strong>Marko<\/strong>-puolisonsa asuntoa, jossa he asuivat vuodesta 2023 vuoteen 2024.<\/p>\n<p class=\"paragraph\">Asia ilmeni <a href=\"https:\/\/www.iltalehti.fi\/viihdeuutiset\/c12436ff-632b-4ddb-b94a-7d0621c4d5c0\" rel=\"nofollow noopener\" target=\"_blank\">aiemmin Iltalehdelle<\/a> Oulun k\u00e4r\u00e4j\u00e4oikeuden tuoreesta tuomiosta.<\/p>\n<p class=\"paragraph\">Nyt V\u00e4h\u00e4kangas kommentoi asiaa <a href=\"https:\/\/www.instagram.com\/stories\/jasminvahakangasofficial\/3750983903738644000\/\" rel=\"noopener nofollow\" target=\"_blank\">Instagram-tilins\u00e4 tarinat-osiossa<\/a>. Julkaisut tarinat-osiossa ovat katsottavissa 24 tunnin ajan. V\u00e4h\u00e4kangas sanoo julkaisussa, ettei yhteisty\u00f6 h\u00e4nen aiemman taloyhti\u00f6ns\u00e4 kanssa sujunut hyvin.<\/p>\n<p class=\"paragraph\">\u2013 \u201dMeid\u00e4n yhteisty\u00f6ss\u00e4\u201d niiden sekop\u00e4iden kanssa oli niin moni asia pieless\u00e4, ett\u00e4 ei edes vaivauduttu hoitamaan t\u00e4t\u00e4 tapausta selv\u00e4ksi mit\u00e4\u00e4n reitti\u00e4 pitkin, V\u00e4h\u00e4kangas kommentoi.<\/p>\n<p class=\"paragraph\">V\u00e4h\u00e4kangas korostaa julkaisussaan, ett\u00e4 kyse on h\u00e4nelle vanhasta asiasta.<\/p>\n<p class=\"paragraph\">\u2013 Kuten olette saattaneet huomata, kaikki on nyky\u00e4\u00e4n hyvin, enk\u00e4 ole antanut n\u00e4iden entiseen el\u00e4m\u00e4\u00e4n liittyvien ongelmien hetkauttaa mua suuntaan tai toiseen. Enk\u00e4 omalle tyylilleni uskollisena annakaan. Siin\u00e4 kaikki t\u00e4st\u00e4 menneisyyden haamusta.<\/p>\n<p>J\u00e4tti asunnon siivottomaan kuntoon<\/p>\n<p class=\"paragraph\">Asunto j\u00e4i vuokranantajan mukaan V\u00e4h\u00e4kankaiden j\u00e4ljilt\u00e4 siivottomaan kuntoon. Lokakuussa 2024 er\u00e4\u00e4ntynyt lasku loppusiivouksesta on k\u00e4r\u00e4j\u00e4tuomion perusteella yh\u00e4 maksamatta.<\/p>\n<p class=\"paragraph\">Huoneenvuokrasaatavia puitiin k\u00e4r\u00e4j\u00e4oikeudessa V\u00e4h\u00e4kankaan riitautettua asian. H\u00e4n katsoi, ettei ole korvausvelvollinen. V\u00e4h\u00e4kangas oli irtisanonut oman vuokrasopimuksensa helmikuussa 2024. Sopimus p\u00e4\u00e4ttyi h\u00e4nen osaltaan maaliskuun lopussa.<\/p>\n<p class=\"paragraph\">V\u00e4h\u00e4kangas ei kuitenkaan todellisuudessa muuttanut huoneistosta, vaan j\u00e4i sinne asumaan puolisonsa kanssa.<\/p>\n<p class=\"paragraph\"><a href=\"https:\/\/www.iltalehti.fi\/viihdeuutiset\/c12436ff-632b-4ddb-b94a-7d0621c4d5c0\" rel=\"nofollow noopener\" target=\"_blank\">Oulun k\u00e4r\u00e4j\u00e4oikeus asettui asiassa vuokranantajan kannalle<\/a>. Se velvoitti V\u00e4h\u00e4kankaat korvaamaan kantajalle yhteisvastuullisesti reilut 1\u00a0100 euroa. Summa koostuu muun muassa velan p\u00e4\u00e4omasta, koroista sek\u00e4 perint\u00e4kuluista.<\/p>\n<p class=\"paragraph\">Asian riitauttanut Jasmin V\u00e4h\u00e4kangas velvoitettiin lis\u00e4ksi korvaamaan oikeudenk\u00e4yntikuluja noin 1\u00a0850 euroa.<\/p>\n<p class=\"paragraph\">Iltalehden tietojen mukaan V\u00e4h\u00e4kangas on todettu varattomaksi. H\u00e4nell\u00e4 on ulosotossa reilut 4\u00a0000 euroa saatavia kahdelta viime vuodelta.<\/p>\n<p><script async src=\"\/\/www.instagram.com\/embed.js\"><\/script><\/p>\n","protected":false},"excerpt":{"rendered":"Jasmin V\u00e4h\u00e4kangas kommentoi h\u00e4\u00e4t\u00f6\u00e4\u00e4n, josta uutisoitiin perjantaina. Kuvassa Jasmin V\u00e4h\u00e4kangas, entinen Jasmin M\u00e4ntyl\u00e4. Markku Ruottinen Entinen malli Jasmin&hellip;\n","protected":false},"author":2,"featured_media":71300,"comment_status":"","ping_status":"","sticky":false,"template":"","format":"standard","meta":{"footnotes":""},"categories":[130],"tags":[35,36,542,137,33,31,30,545,3081,543,32,109],"class_list":{"0":"post-71719","1":"post","2":"type-post","3":"status-publish","4":"format-standard","5":"has-post-thumbnail","7":"category-viihde","8":"tag-24h","9":"tag-asuintalot-ja-asunnot","10":"tag-asuminen","11":"tag-entertainment","12":"tag-fi","13":"tag-finland","14":"tag-finnish","15":"tag-huoneistot","16":"tag-kiinteistot","17":"tag-koti-ja-asuminen","18":"tag-suomi","19":"tag-viihde"},"share_on_mastodon":{"url":"https:\/\/pubeurope.com\/@fi\/115433688512770591","error":""},"_links":{"self":[{"href":"https:\/\/www.europesays.com\/fi\/wp-json\/wp\/v2\/posts\/71719","targetHints":{"allow":["GET"]}}],"collection":[{"href":"https:\/\/www.europesays.com\/fi\/wp-json\/wp\/v2\/posts"}],"about":[{"href":"https:\/\/www.europesays.com\/fi\/wp-json\/wp\/v2\/types\/post"}],"author":[{"embeddable":true,"href":"https:\/\/www.europesays.com\/fi\/wp-json\/wp\/v2\/users\/2"}],"replies":[{"embeddable":true,"href":"https:\/\/www.europesays.com\/fi\/wp-json\/wp\/v2\/comments?post=71719"}],"version-history":[{"count":0,"href":"https:\/\/www.europesays.com\/fi\/wp-json\/wp\/v2\/posts\/71719\/revisions"}],"wp:featuredmedia":[{"embeddable":true,"href":"https:\/\/www.europesays.com\/fi\/wp-json\/wp\/v2\/media\/71300"}],"wp:attachment":[{"href":"https:\/\/www.europesays.com\/fi\/wp-json\/wp\/v2\/media?parent=71719"}],"wp:term":[{"taxonomy":"category","embeddable":true,"href":"https:\/\/www.europesays.com\/fi\/wp-json\/wp\/v2\/categories?post=71719"},{"taxonomy":"post_tag","embeddable":true,"href":"https:\/\/www.europesays.com\/fi\/wp-json\/wp\/v2\/tags?post=71719"}],"curies":[{"name":"wp","href":"https:\/\/api.w.org\/{rel}","templated":true}]}}