{"id":71782,"date":"2025-10-25T09:19:08","date_gmt":"2025-10-25T09:19:08","guid":{"rendered":"https:\/\/www.europesays.com\/fi\/71782\/"},"modified":"2025-10-25T09:19:08","modified_gmt":"2025-10-25T09:19:08","slug":"jo-kymmenes-viestintapaallikko-lopetti-tyonsa-meghanilla","status":"publish","type":"post","link":"https:\/\/www.europesays.com\/fi\/71782\/","title":{"rendered":"Jo kymmenes viestint\u00e4p\u00e4\u00e4llikk\u00f6 lopetti ty\u00f6ns\u00e4 Meghanilla"},"content":{"rendered":"<p>Jo kymmenes viestint\u00e4p\u00e4\u00e4llikk\u00f6 j\u00e4tt\u00e4\u00e4 ty\u00f6ns\u00e4 Harryn ja Meghanin viestint\u00e4tiimiss\u00e4 viiden vuoden sis\u00e4ll\u00e4.<\/p>\n<p><img decoding=\"async\" class=\"image image-show image-preview\" src=\"https:\/\/www.europesays.com\/fi\/wp-content\/uploads\/2025\/10\/a66328c091e6300005912c8a01802482b637973b57cea0679c75e7c3fa4d91a1.jpg\" alt=\"\"\/><img decoding=\"async\" class=\"image image-show\" src=\"https:\/\/www.europesays.com\/fi\/wp-content\/uploads\/2025\/10\/1761383948_760_a66328c091e6300005912c8a01802482b637973b57cea0679c75e7c3fa4d91a1.jpg\" alt=\"\"\/><\/p>\n<p>Meghanin ja Harryn viestint\u00e4tiimi on kokenut viidess\u00e4 vuodessa nopeita muutoksia henkil\u00f6st\u00f6ss\u00e4. AOP<\/p>\n<p class=\"paragraph\"><strong>Emily Robinson<\/strong> on j\u00e4tt\u00e4nyt teht\u00e4v\u00e4ns\u00e4 herttuatar <a href=\"https:\/\/www.iltalehti.fi\/henkilot\/Meghan, Sussexin herttuatar\" class=\"article-link-person-page\" rel=\"nofollow noopener\" target=\"_blank\">Meghanin<\/a> viestint\u00e4p\u00e4\u00e4llikk\u00f6n\u00e4 oltuaan virassa vain kolme kuukautta, kertoo <a href=\"https:\/\/www.dailymail.co.uk\/news\/article-15222177\/Meghan-loses-TENTH-spin-chief-five-years-ex-Netflix-worker-resigns-just-three-months-Shes-not-quitter-things-pretty-horrible-friend-tells-ALISON-BOSHOFF.html\" target=\"_blank\" rel=\"noopener nofollow\">Daily Mail<\/a>.<\/p>\n<p class=\"paragraph\">Robinson liittyi <a href=\"https:\/\/www.iltalehti.fi\/henkilot\/Harryn\" class=\"article-link-person-page\" rel=\"nofollow noopener\" target=\"_blank\">Harryn<\/a> ja Meghanin tiimiin viestint\u00e4johtajana kes\u00e4kuussa. H\u00e4n on toiminut aiemmin muun muassa Netflixin viestint\u00e4johtajana.<\/p>\n<p class=\"paragraph\">Lehden mukaan Robinson on v\u00e4hint\u00e4\u00e4n kymmenes viestint\u00e4p\u00e4\u00e4llikk\u00f6, joka j\u00e4tt\u00e4\u00e4 teht\u00e4v\u00e4ns\u00e4 Meghanin ja Harryn tiedotuksessa viiden vuoden sis\u00e4ll\u00e4.<\/p>\n<p class=\"paragraph\">\u2013 Se oli h\u00e4nen p\u00e4\u00e4t\u00f6ksens\u00e4. H\u00e4n l\u00e4hti muutama viikko sitten. H\u00e4n ei ole luovuttaja, joten asioiden on t\u00e4ytynyt olla todella kamalia, ett\u00e4 h\u00e4n p\u00e4\u00e4tti l\u00e4hte\u00e4, Robinsonin yst\u00e4v\u00e4 kommentoi lehdelle.<\/p>\n<p class=\"paragraph\">Herttuaparin viestint\u00e4tiimiss\u00e4 jatkavat edelleen Euroopan viestint\u00e4johtaja <strong>Liam Maguire<\/strong> sek\u00e4 p\u00e4\u00e4viestint\u00e4p\u00e4\u00e4llikk\u00f6 <a href=\"https:\/\/www.iltalehti.fi\/henkilot\/Meredith Maines\" class=\"article-link-person-page\" rel=\"nofollow noopener\" target=\"_blank\">Meredith Maines<\/a>.<\/p>\n<p class=\"paragraph\">\u2013 Robinson valvoi projektiluontoista ty\u00f6t\u00e4 eritt\u00e4in menestyksekk\u00e4\u00e4n With Love, Meghan -kauden aikana ja tarjosi lis\u00e4tukea tuotantoyhti\u00f6lle, lehdelle kommentoitiin tiedotustiimist\u00e4.<\/p>\n<p class=\"paragraph\">\u2013 H\u00e4n teki erinomaista ty\u00f6t\u00e4 ja saattoi n\u00e4m\u00e4 projektit menestyksekk\u00e4\u00e4sti p\u00e4\u00e4t\u00f6kseen.<\/p>\n<p>Robinson on kerrottu tehneen erinomaista ty\u00f6t\u00e4 tiimiss\u00e4. AOP<\/p>\n<p class=\"paragraph\"><a href=\"https:\/\/www.vanityfair.com\/style\/story\/prince-harry-meghan-markle-cover-story-2025\" target=\"_blank\" rel=\"noopener nofollow\">Vanity Fair<\/a> -lehti kertoi tammikuussa haastatelleensa kymmeni\u00e4 Meghanin kanssa ty\u00f6skennelleit\u00e4 henkil\u00f6it\u00e4, jotka esittiv\u00e4t karuja v\u00e4itteit\u00e4 herttuattaren k\u00e4yt\u00f6ksest\u00e4.<\/p>\n<p class=\"paragraph\">Haastateltavien mukaan Meghanin ty\u00f6skentelytapa on ollut hyvin vaihteleva ja tilanteesta riippuvainen. H\u00e4n voi olla aluksi l\u00e4mmin ja yst\u00e4v\u00e4llinen, mutta paineen tai pettymyksen hetkell\u00e4 k\u00e4ytt\u00e4yty\u00e4 kylm\u00e4sti ja arvostelevasti ty\u00f6ntekij\u00f6it\u00e4 kohtaan.<\/p>\n<p class=\"paragraph\">\u2013 Se oli todella kamalaa ja tuskallista. Sinut saatettiin heitt\u00e4\u00e4 susille hetken\u00e4 min\u00e4 hyv\u00e4ns\u00e4, er\u00e4s l\u00e4hde kertoi.<\/p>\n<p class=\"paragraph\">Herttuattaresta on aiemminkin liikkunut <a href=\"https:\/\/www.iltalehti.fi\/kuninkaalliset\/c80bdaa9-8b48-44fc-b929-d2d317b0df3b\" rel=\"nofollow noopener\" target=\"_blank\">kiusaamisv\u00e4itteit\u00e4<\/a>. Er\u00e4s Meghanin mediaprojekteissa ty\u00f6skennellyt henkil\u00f6 my\u00f6nsi, ettei olisi etuk\u00e4teen uskonut kuulemiaan v\u00e4itteit\u00e4, mutta yhteisty\u00f6n j\u00e4lkeen mielipide muuttui.<\/p>\n<p class=\"paragraph\">\u2013 Sit\u00e4 tapahtui koko ajan, yksi henkil\u00f6 kuvaili Vanity Fairille.<\/p>\n<p class=\"paragraph\">\u2013 Sinulle voidaan huutaa, vaikka kukaan ei korottaisi \u00e4\u00e4nt\u00e4\u00e4n.<\/p>\n<p class=\"paragraph\">Useat Meghanin kanssa ty\u00f6skennelleet ty\u00f6ntekij\u00e4t ovat kertoneet kokeneensa ty\u00f6skentelyn raskaaksi. Osa heist\u00e4 j\u00e4i virkavapaalle, osa erosi kokonaan, ja moni kertoo tarvinneensa taukoja ja terapiaa selvit\u00e4kseen.<\/p>\n","protected":false},"excerpt":{"rendered":"Jo kymmenes viestint\u00e4p\u00e4\u00e4llikk\u00f6 j\u00e4tt\u00e4\u00e4 ty\u00f6ns\u00e4 Harryn ja Meghanin viestint\u00e4tiimiss\u00e4 viiden vuoden sis\u00e4ll\u00e4. Meghanin ja Harryn viestint\u00e4tiimi on kokenut&hellip;\n","protected":false},"author":2,"featured_media":71783,"comment_status":"","ping_status":"","sticky":false,"template":"","format":"standard","meta":{"footnotes":""},"categories":[136],"tags":[35,407,137,33,31,30,2118,408,1616,979,32,140,2117,109],"class_list":{"0":"post-71782","1":"post","2":"type-post","3":"status-publish","4":"format-standard","5":"has-post-thumbnail","7":"category-julkkikset","8":"tag-24h","9":"tag-celebrities","10":"tag-entertainment","11":"tag-fi","12":"tag-finland","13":"tag-finnish","14":"tag-internetvideopalvelut","15":"tag-julkkikset","16":"tag-media-viestinta","17":"tag-sahkoinen-media","18":"tag-suomi","19":"tag-tv-ja-elokuvat","20":"tag-videon-suoratoisto","21":"tag-viihde"},"share_on_mastodon":{"url":"https:\/\/pubeurope.com\/@fi\/115434066034726806","error":""},"_links":{"self":[{"href":"https:\/\/www.europesays.com\/fi\/wp-json\/wp\/v2\/posts\/71782","targetHints":{"allow":["GET"]}}],"collection":[{"href":"https:\/\/www.europesays.com\/fi\/wp-json\/wp\/v2\/posts"}],"about":[{"href":"https:\/\/www.europesays.com\/fi\/wp-json\/wp\/v2\/types\/post"}],"author":[{"embeddable":true,"href":"https:\/\/www.europesays.com\/fi\/wp-json\/wp\/v2\/users\/2"}],"replies":[{"embeddable":true,"href":"https:\/\/www.europesays.com\/fi\/wp-json\/wp\/v2\/comments?post=71782"}],"version-history":[{"count":0,"href":"https:\/\/www.europesays.com\/fi\/wp-json\/wp\/v2\/posts\/71782\/revisions"}],"wp:featuredmedia":[{"embeddable":true,"href":"https:\/\/www.europesays.com\/fi\/wp-json\/wp\/v2\/media\/71783"}],"wp:attachment":[{"href":"https:\/\/www.europesays.com\/fi\/wp-json\/wp\/v2\/media?parent=71782"}],"wp:term":[{"taxonomy":"category","embeddable":true,"href":"https:\/\/www.europesays.com\/fi\/wp-json\/wp\/v2\/categories?post=71782"},{"taxonomy":"post_tag","embeddable":true,"href":"https:\/\/www.europesays.com\/fi\/wp-json\/wp\/v2\/tags?post=71782"}],"curies":[{"name":"wp","href":"https:\/\/api.w.org\/{rel}","templated":true}]}}