{"id":71821,"date":"2025-10-25T10:12:08","date_gmt":"2025-10-25T10:12:08","guid":{"rendered":"https:\/\/www.europesays.com\/fi\/71821\/"},"modified":"2025-10-25T10:12:08","modified_gmt":"2025-10-25T10:12:08","slug":"jouni-kuvasi-susilauman-mtv-uutiset","status":"publish","type":"post","link":"https:\/\/www.europesays.com\/fi\/71821\/","title":{"rendered":"Jouni kuvasi susilauman | MTV Uutiset"},"content":{"rendered":"<p><strong class=\"typography-bold\">Luontokuvaaja Jouni Ruotsalainen sai tallennettua harvinaisen hetken, kun kuuden suden lauman liikkui pellolla varhain aamulla Varsinais-Suomessa.<\/strong><\/p>\n<p>Ruotsalainen kertoo MTV Uutisille, ett\u00e4 videot on kuvattu h\u00e4nen syyslomansa viimeisen\u00e4 p\u00e4iv\u00e4n\u00e4 lokakuussa. H\u00e4n ty\u00f6skentelee rakennusalan opettajana, ja kuvaaminen tuo arkeen hyv\u00e4\u00e4 vastapainoa.<\/p>\n<p>\u2013\u00a0Aamulla ennen auringon nousua kuvattu, h\u00e4n sanoo.<\/p>\n<p>Videolla sudet k\u00e4yskentelev\u00e4t pellolla ja sattuipa yksi lauman j\u00e4senist\u00e4 pys\u00e4htym\u00e4\u00e4n tarpeilleenkin kuvaamisen aikana. Katso lumoava video artikkelin alusta!<\/p>\n<p>Lue my\u00f6s: <a class=\"underline\" data-testid=\"external-link\" href=\"https:\/\/www.mtvuutiset.fi\/artikkeli\/tiedatko-miten-toimia-jos-sinun-ja-suurpedon-polut-kohtaavat\/9088398\" rel=\"noopener noreferrer nofollow\" data-sentry-component=\"ExternalLink\" data-sentry-source-file=\"ExternalLink.tsx\" target=\"_blank\">Toimi n\u00e4in, jos kohtaat suurpedon<\/a>Kuuden suden lauma &#8221;ihan luomuna&#8221;<\/p>\n<p>Turkulainen Ruotsalainen on harrastanut luontokuvausta noin viiden vuoden ajan ja kertoo ajaneensa autolla harrastuksen parissa kymmeni\u00e4 tuhansia kilometrej\u00e4. Suurin osa ajoreissuista ei tuota v\u00e4ltt\u00e4m\u00e4tt\u00e4 yht\u00e4k\u00e4\u00e4n valokuvaa.<\/p>\n<p>Sutta h\u00e4n on tavoitellut pitk\u00e4\u00e4n.<\/p>\n<p>\u2013 Susi on ollut monta vuotta haaveena ja nyt t\u00e4n\u00e4 vuonna olen p\u00e4\u00e4ssyt kuvaamaan yli kymmenen kertaa, h\u00e4n kertoo.<\/p>\n<p>T\u00e4ll\u00e4 kertaa h\u00e4n onnistui tallentamaan ensimm\u00e4ist\u00e4 kertaa kuuden suden lauman.\u00a0<\/p>\n<p>\u2013 Yleens\u00e4 ne on ollut yksitt\u00e4isi\u00e4 susia, mit\u00e4 olen p\u00e4\u00e4ssyt kuvaamaan, mutta nyt sattui olemaan tuommoinen kuuden suden lauma ensimm\u00e4isen kerran.<\/p>\n<p>Lue my\u00f6s: <a class=\"underline\" data-testid=\"external-link\" href=\"https:\/\/www.mtvuutiset.fi\/artikkeli\/hallitus-esittaa-susien-metsastyskiintioksi-ainakin-65-tta-sutta\/9237646\" rel=\"noopener noreferrer nofollow\" data-sentry-component=\"ExternalLink\" data-sentry-source-file=\"ExternalLink.tsx\" target=\"_blank\">Hallitus esitt\u00e4\u00e4 susien mets\u00e4styskiinti\u00f6ksi ainakin 65:tt\u00e4 sutta<\/a>Harvinainen kohtaaminen<\/p>\n<p>\u2013 T\u00e4m\u00e4 on aika harvinaista, sill\u00e4 yleens\u00e4 t\u00e4mm\u00f6isi\u00e4 p\u00e4\u00e4see kuvaamaan pelk\u00e4st\u00e4\u00e4n maksullisista kojuista, mutta t\u00e4m\u00e4 on nyt ihan luomua niin sanotusti.<\/p>\n<p>Kohtaaminen tapahtui noin 150\u2013200 metrin et\u00e4isyydelt\u00e4, ja Ruotsalainen ehti kuvata el\u00e4imi\u00e4 noin nelj\u00e4n minuutin ajan ennen kuin ne huomasivat h\u00e4net.<\/p>\n<p>El\u00e4inten kuvaaminen vaatii pitk\u00e4\u00e4 pinnaa.<\/p>\n<p>\u2013 Vaatii paljon kuvaustunteja ja hiukan paikkatuntemusta ja pitk\u00e4\u00e4 pinnaa niin sanotusti. Ei saa luovuttaa tavallaan. Suurin juttu on, ett\u00e4 olet oikeassa paikassa oikeaan aikaan.<\/p>\n<p>Lue my\u00f6s: <a class=\"underline\" data-testid=\"external-link\" href=\"https:\/\/www.mtvuutiset.fi\/artikkeli\/sukupuuttoon-kuollut-hirviosusi-heratettiin-henkiin-usa-ssa-videoita-julkaissut-yritys-vaittaa\/9133836\" rel=\"noopener noreferrer nofollow\" data-sentry-component=\"ExternalLink\" data-sentry-source-file=\"ExternalLink.tsx\" target=\"_blank\">Sukupuuttoon kuollut hirvi\u00f6susi her\u00e4tettiin henkiin USA:ssa, videoita julkaissut yritys v\u00e4itt\u00e4\u00e4<\/a><\/p>\n<p>\u2013 Kun terve susilauma kohtaa ihmisen, niin sitten ne poistuivat mets\u00e4\u00e4n.<\/p>\n<p>H\u00e4n arvelee, ett\u00e4 laumassa oli susivanhemmat ja nelj\u00e4 kev\u00e4\u00e4ll\u00e4 syntynytt\u00e4 poikasta.<\/p>\n<p>\u2013 Luulen, ett\u00e4 siin\u00e4 on susi\u00e4iti ja -is\u00e4 ja sitten nelj\u00e4 poikasta. Neh\u00e4n rupeaa olemaan aikuisten kokoisia, Ruotsalainen sanoo.<\/p>\n<p>&#8221;Sudet eiv\u00e4t kuulu ihmisten eik\u00e4 koulujen pihoille&#8221;<\/p>\n<p>Vaikka Ruotsalainen suhtautuu susiin arvostaen, h\u00e4n ymm\u00e4rt\u00e4\u00e4 my\u00f6s ihmisten huolia.<\/p>\n<p>\u2013 Olen sit\u00e4 mielt\u00e4 ett\u00e4 sudet eiv\u00e4t kuulu ihmisten eik\u00e4 koulujen pihoille. Kyll\u00e4h\u00e4n ne tarvitsee sielt\u00e4 h\u00e4vitt\u00e4\u00e4. Muuten susien tarvitsisi antaa el\u00e4\u00e4, h\u00e4n pohtii.<\/p>\n<p>Ruotsalainen n\u00e4kee, ett\u00e4 susikeskustelu on sen verran polarisoitunut, ett\u00e4 h\u00e4n ei esimerkiksi halua kertoa kuvaamiensa susien tarkkaa sijaintia.<\/p>\n<p>Ruotsalaisen kertoo tekev\u00e4ns\u00e4 kaikista havainnoistaan ilmoituksen paikalliselle petoyhdysmiehelle, jotta viranomaiset voivat seurata laumojen liikkeit\u00e4 ja arvioida susikantaa.<\/p>\n<p>Lue my\u00f6s: <a class=\"underline\" data-testid=\"external-link\" href=\"https:\/\/www.mtvuutiset.fi\/artikkeli\/susi-hyokkasi-ihmisen-kimppuun-viimeksi-1800-luvulla-nahtiinko-nyt-seuraava-tutkija-arvioi\/9228938\" rel=\"noopener noreferrer nofollow\" data-sentry-component=\"ExternalLink\" data-sentry-source-file=\"ExternalLink.tsx\" target=\"_blank\">Susi hy\u00f6kk\u00e4si ihmisen kimppuun viimeksi 1800-luvulla \u2013 n\u00e4htiink\u00f6 nyt seuraava? Tutkija arvioi<\/a><\/p>\n","protected":false},"excerpt":{"rendered":"Luontokuvaaja Jouni Ruotsalainen sai tallennettua harvinaisen hetken, kun kuuden suden lauman liikkui pellolla varhain aamulla Varsinais-Suomessa. Ruotsalainen kertoo&hellip;\n","protected":false},"author":2,"featured_media":71822,"comment_status":"","ping_status":"","sticky":false,"template":"","format":"standard","meta":{"footnotes":""},"categories":[135],"tags":[389,387,388,390,137,33,31,30,32,394,393,391,392,109],"class_list":{"0":"post-71821","1":"post","2":"type-post","3":"status-publish","4":"format-standard","5":"has-post-thumbnail","7":"category-taiteet-ja-suunnittelu","8":"tag-arts","9":"tag-arts-and-design","10":"tag-artsanddesign","11":"tag-design","12":"tag-entertainment","13":"tag-fi","14":"tag-finland","15":"tag-finnish","16":"tag-suomi","17":"tag-suunnittelu","18":"tag-taiteet","19":"tag-taiteet-ja-suunnittelu","20":"tag-taiteetsuunnittelu","21":"tag-viihde"},"share_on_mastodon":{"url":"https:\/\/pubeurope.com\/@fi\/115434274342209074","error":""},"_links":{"self":[{"href":"https:\/\/www.europesays.com\/fi\/wp-json\/wp\/v2\/posts\/71821","targetHints":{"allow":["GET"]}}],"collection":[{"href":"https:\/\/www.europesays.com\/fi\/wp-json\/wp\/v2\/posts"}],"about":[{"href":"https:\/\/www.europesays.com\/fi\/wp-json\/wp\/v2\/types\/post"}],"author":[{"embeddable":true,"href":"https:\/\/www.europesays.com\/fi\/wp-json\/wp\/v2\/users\/2"}],"replies":[{"embeddable":true,"href":"https:\/\/www.europesays.com\/fi\/wp-json\/wp\/v2\/comments?post=71821"}],"version-history":[{"count":0,"href":"https:\/\/www.europesays.com\/fi\/wp-json\/wp\/v2\/posts\/71821\/revisions"}],"wp:featuredmedia":[{"embeddable":true,"href":"https:\/\/www.europesays.com\/fi\/wp-json\/wp\/v2\/media\/71822"}],"wp:attachment":[{"href":"https:\/\/www.europesays.com\/fi\/wp-json\/wp\/v2\/media?parent=71821"}],"wp:term":[{"taxonomy":"category","embeddable":true,"href":"https:\/\/www.europesays.com\/fi\/wp-json\/wp\/v2\/categories?post=71821"},{"taxonomy":"post_tag","embeddable":true,"href":"https:\/\/www.europesays.com\/fi\/wp-json\/wp\/v2\/tags?post=71821"}],"curies":[{"name":"wp","href":"https:\/\/api.w.org\/{rel}","templated":true}]}}