{"id":71860,"date":"2025-10-25T11:03:09","date_gmt":"2025-10-25T11:03:09","guid":{"rendered":"https:\/\/www.europesays.com\/fi\/71860\/"},"modified":"2025-10-25T11:03:09","modified_gmt":"2025-10-25T11:03:09","slug":"ex-ruutukasvo-ira-hammermann-kertoo-elamanmuutoksestaan","status":"publish","type":"post","link":"https:\/\/www.europesays.com\/fi\/71860\/","title":{"rendered":"Ex-ruutukasvo Ira Hammermann kertoo el\u00e4m\u00e4nmuutoksestaan"},"content":{"rendered":"<p>            ATTE KAJOVA\n        <\/p>\n<p class=\"subtitle \">Ex-ruutukasvo Ira Hammermann, 58, l\u00e4hti puolustamaan Ukrainaa ja ty\u00f6tt\u00f6mi\u00e4.<\/p>\n<p class=\"article-content article-content-width !bg-background\">Suurelle yleis\u00f6lle<br \/>\naikanaan Maikkarin ruutukasvona l\u00e4pi 1990-luvun tuttu  kasvatti ruutupestin<br \/>\nj\u00e4lkeen nyt jo aikuiset lapsensa ja samalla koki uupumuksen.\u00a0<\/p>\n<p class=\"article-content article-content-width !bg-background\">Uutta virtaa<br \/>\nl\u00f6ytyi j\u00e4lleen oman ty\u00f6uran jatkamisesta ja Ira palasikin ruutukasvoksi viisikymppisen\u00e4<br \/>\nYlen ruotsinkielisess\u00e4 Toivomus-haastatteluohjelmassa, jota tehtiin aikanaan 40<br \/>\njaksoa vuodesta 2018 alkaen. Viime vuodet Iran el\u00e4m\u00e4ss\u00e4 ovat j\u00e4lleen<br \/>\npuhaltaneet uudet tuulet, vaikka juontot\u00f6it\u00e4kin on edelleen harvakseltaan.<\/p>\n<p>        <a itemprop=\"url\" href=\"https:\/\/www.seiska.fi\/kotimaa\/saimi-hoyerilta-rakkauspaljastus\/1964500\" rel=\"nofollow noopener\" target=\"_blank\"><\/p>\n<p>\nSaimi Hoyer\n<\/p>\n<p class=\"section-date\">\n        <strong class=\"article-section\" data-section=\"kotimaa\"><br \/>\n            kotimaa<br \/>\n        <\/strong><br \/>\n        18.10. 12:00\n    <\/p>\n<p>Saimi Hoyerilta rakkauspaljastus\n    <\/p>\n<p itemprop=\"description\" class=\"subtitle \">\n    Malli ja puhuja uskaltaa katsoa taas ymp\u00e4rilleen. Vain yhdest\u00e4 asiasta h\u00e4n ei p\u00e4\u00e4se yli.\n<\/p>\n<p>        <\/a><\/p>\n<p>                <img decoding=\"async\" src=\"https:\/\/www.europesays.com\/fi\/wp-content\/uploads\/2025\/10\/1968727.webp\" width=\"576\" height=\"720\" alt=\"Ira ja Johan ovat kahden aikuisen lapsen vanhempia.\" loading=\"lazy\" \/>            <\/p>\n<p>\n            Ira ja Johan ovat kahden aikuisen lapsen vanhempia.<br \/>\n            ATTE KAJOVA\n        <\/p>\n<p class=\"article-content article-content-width !bg-background\">\u2013 Olen<br \/>\nollut yritt\u00e4j\u00e4n\u00e4 puolitoista vuotta ja ty\u00f6st\u00e4n parhaillaan marraskuussa<br \/>\nty\u00f6tt\u00f6mille ty\u00f6nhakijoille tarkoitettua Et ole yksin -tapahtumaa Helsingin<br \/>\nMessukeskukseen, Ira kertoi verkostoitumis- ja vertaistukiprojektistaan.<\/p>\n<p class=\"article-content article-content-width !bg-background\">Uusi<br \/>\naluevaltaus ei ole ainoa laatuaan, sill\u00e4 Ira on ollut vaikuttamassa niin<br \/>\nik\u00e4diversiteettiasioihin kuin Ukrainan tukemiseen. Ira otti vastuun Espooseen<br \/>\navatusta Ukraina-avustuspisteest\u00e4 ja ideoi puolen vuoden rusettikampanjan MLL:n<br \/>\nja Keskon kanssa, joka ker\u00e4si MLL:n Ukraina-ty\u00f6h\u00f6n 264\u00a0000 euroa.<\/p>\n<p>        <a itemprop=\"url\" href=\"https:\/\/www.seiska.fi\/kotimaa\/johanna-oras-nain-selatimme-perhekriisin\/1965415\" rel=\"nofollow noopener\" target=\"_blank\"><\/p>\n<p>\nJohanna Oras:\n<\/p>\n<p class=\"section-date\">\n        <strong class=\"article-section\" data-section=\"kotimaa\"><br \/>\n            kotimaa<br \/>\n        <\/strong><br \/>\n        18.10. 16:00\n    <\/p>\n<p>Johanna Oras: N\u00e4in sel\u00e4timme perhekriisin\n    <\/p>\n<p itemprop=\"description\" class=\"subtitle \">\n    Oraksen taiteilijaperheell\u00e4 on iloinen rakkausuutinen.\n<\/p>\n<p>        <\/a><\/p>\n<p>Lapsuus<br \/>\nloppui varhain<\/p>\n<p class=\"article-content article-content-width !bg-background\">Ira<br \/>\npist\u00e4ytyi julkisuudessa juuri julkaistun, Jaana Villasen kirjoittaman Nainen<br \/>\ntaitekohdassa -kirjan julkaisutilaisuudessa. Ira lukeutuu kirjan parinkymmeneen<br \/>\nhaastateltuun naiseen. Iran oman el\u00e4m\u00e4n suurin k\u00e4\u00e4nnekohta oli jo lapsena.<\/p>\n<p class=\"article-content article-content-width !bg-background\">\u2013 Menetin<br \/>\nis\u00e4ni vain yhdeks\u00e4nvuotiaana ja se kulkee mukana varmasti aina, Ira mietti<br \/>\nel\u00e4m\u00e4ns\u00e4 kokemuksia.<\/p>\n<p>                <img decoding=\"async\" src=\"https:\/\/www.europesays.com\/fi\/wp-content\/uploads\/2025\/10\/1968732.webp\" width=\"576\" height=\"322\" alt=\"Ira ja Johan Linnan juhlissa 2022.\" loading=\"lazy\" \/>            <\/p>\n<p>\n            Ira ja Johan Linnan juhlissa 2022.<br \/>\n            Seiskan arkisto\n        <\/p>\n<p class=\"article-content article-content-width !bg-background\">Aikanaan<br \/>\nIran \u00e4iti j\u00e4i leskeksi vain kolmekymppisen\u00e4 ja Ira otti vastuuta sisarestaan jo<br \/>\ntuolloin ehk\u00e4 liiankin kanssa.<\/p>\n<p>30<br \/>\nvuotta aviossa<\/p>\n<p class=\"article-content article-content-width !bg-background\">Kirjassa Ira<br \/>\nlistaa oman uransa suurimmiksi haasteiksi aika ajoin kokemansa negatiivisuuden<br \/>\nmuiden ihmisten taholta, joka on n\u00e4kynyt motiivien kyseenalaistamisena ja<br \/>\nsaavutusten v\u00e4h\u00e4ttelyn\u00e4.<\/p>\n<p class=\"article-content article-content-width !bg-background\">Nyt Ira panostaa keskittymisens\u00e4 energisoiviin<br \/>\nihmisiin. My\u00f6s oma kumppani, autoalan vaikuttaja  tukee niin my\u00f6t\u00e4<br \/>\nkuin vastoink\u00e4ymisiss\u00e4.<\/p>\n<p class=\"article-content article-content-width !bg-background\">\u2013 Olemme<br \/>\nolleet nyt 30 vuotta avioliitossa. K\u00e4vimme juhlistamassa merkkip\u00e4iv\u00e4\u00e4<br \/>\nTukholmassa. Ei se vaihtamalla parane! Ira nauroi.<\/p>\n<p>                <img decoding=\"async\" src=\"https:\/\/www.europesays.com\/fi\/wp-content\/uploads\/2025\/10\/1968747.webp\" width=\"576\" height=\"322\" alt=\"Johanna Oras painotti, ettei ole kuunnellut sivusta huutelijoita saati suostunut muiden asettamiin muotteihin.\" loading=\"lazy\" \/>            <\/p>\n<p>\n            Johanna Oras painotti, ettei ole kuunnellut sivusta huutelijoita saati suostunut muiden asettamiin muotteihin.<br \/>\n            ATTE KAJOVA\n        <\/p>\n<p>                <img decoding=\"async\" src=\"https:\/\/www.europesays.com\/fi\/wp-content\/uploads\/2025\/10\/1968738.webp\" width=\"576\" height=\"322\" alt=\"Kansanedustaja Susanne P\u00e4iv\u00e4rinnan uusioperheess\u00e4 asuu en\u00e4\u00e4 yksi lapsi kotona. -Olen oikeasti tosi herkk\u00e4 ja itken pienist\u00e4 asioista, Susanne vakuutti.\" loading=\"lazy\" \/>            <\/p>\n<p>\n            Kansanedustaja Susanne P\u00e4iv\u00e4rinnan uusioperheess\u00e4 asuu en\u00e4\u00e4 yksi lapsi kotona. -Olen oikeasti tosi herkk\u00e4 ja itken pienist\u00e4 asioista, Susanne vakuutti.<br \/>\n            ATTE KAJOVA\n        <\/p>\n<p>                <img decoding=\"async\" src=\"https:\/\/www.europesays.com\/fi\/wp-content\/uploads\/2025\/10\/1968736.webp\" width=\"576\" height=\"322\" alt=\"Jaana Villanen haastatteli kirjaansa my\u00f6s Saimi Hoyeria, joka ei suostu j\u00e4\u00e4d\u00e4 vellomaan vastoink\u00e4ymisiin.\" loading=\"lazy\" \/>            <\/p>\n<p>\n            Jaana Villanen haastatteli kirjaansa my\u00f6s Saimi Hoyeria, joka ei suostu j\u00e4\u00e4d\u00e4 vellomaan vastoink\u00e4ymisiin.<br \/>\n            ATTE KAJOVA\n        <\/p>\n<p>        <a itemprop=\"url\" href=\"https:\/\/www.seiska.fi\/kotimaa\/missikeisarinna-sunneva-kantolalle-jarjestettiin-railakkaat-yllatyspolttarit-kuvat\/369195\" rel=\"nofollow noopener\" target=\"_blank\"><\/p>\n<p>\nSEISKA KLUBI\n<\/p>\n<p class=\"section-date\">\n        <strong class=\"article-section\" data-section=\"kotimaa\"><br \/>\n            kotimaa<br \/>\n        <\/strong><br \/>\n        24.7.2020 05:34\n    <\/p>\n<p>Missikeisarinna Sunneva Kantolalle j\u00e4rjestettiin railakkaat yll\u00e4tyspolttarit \u2013 kuvat!\n    <\/p>\n<p>        <\/a><\/p>\n","protected":false},"excerpt":{"rendered":"ATTE KAJOVA Ex-ruutukasvo Ira Hammermann, 58, l\u00e4hti puolustamaan Ukrainaa ja ty\u00f6tt\u00f6mi\u00e4. Suurelle yleis\u00f6lle aikanaan Maikkarin ruutukasvona l\u00e4pi 1990-luvun&hellip;\n","protected":false},"author":2,"featured_media":71861,"comment_status":"","ping_status":"","sticky":false,"template":"","format":"standard","meta":{"footnotes":""},"categories":[136],"tags":[407,137,33,31,30,15747,15746,12505,408,2636,212,2376,14856,32,15748,109,1149],"class_list":{"0":"post-71860","1":"post","2":"type-post","3":"status-publish","4":"format-standard","5":"has-post-thumbnail","7":"category-julkkikset","8":"tag-celebrities","9":"tag-entertainment","10":"tag-fi","11":"tag-finland","12":"tag-finnish","13":"tag-ira-hammermann","14":"tag-jaana-villanen","15":"tag-johanna-oras","16":"tag-julkkikset","17":"tag-kirja","18":"tag-lifestyle","19":"tag-mtv","20":"tag-saimi-hoyer","21":"tag-suomi","22":"tag-susanne-paivarinta","23":"tag-viihde","24":"tag-yle"},"share_on_mastodon":{"url":"https:\/\/pubeurope.com\/@fi\/115434475229138922","error":""},"_links":{"self":[{"href":"https:\/\/www.europesays.com\/fi\/wp-json\/wp\/v2\/posts\/71860","targetHints":{"allow":["GET"]}}],"collection":[{"href":"https:\/\/www.europesays.com\/fi\/wp-json\/wp\/v2\/posts"}],"about":[{"href":"https:\/\/www.europesays.com\/fi\/wp-json\/wp\/v2\/types\/post"}],"author":[{"embeddable":true,"href":"https:\/\/www.europesays.com\/fi\/wp-json\/wp\/v2\/users\/2"}],"replies":[{"embeddable":true,"href":"https:\/\/www.europesays.com\/fi\/wp-json\/wp\/v2\/comments?post=71860"}],"version-history":[{"count":0,"href":"https:\/\/www.europesays.com\/fi\/wp-json\/wp\/v2\/posts\/71860\/revisions"}],"wp:featuredmedia":[{"embeddable":true,"href":"https:\/\/www.europesays.com\/fi\/wp-json\/wp\/v2\/media\/71861"}],"wp:attachment":[{"href":"https:\/\/www.europesays.com\/fi\/wp-json\/wp\/v2\/media?parent=71860"}],"wp:term":[{"taxonomy":"category","embeddable":true,"href":"https:\/\/www.europesays.com\/fi\/wp-json\/wp\/v2\/categories?post=71860"},{"taxonomy":"post_tag","embeddable":true,"href":"https:\/\/www.europesays.com\/fi\/wp-json\/wp\/v2\/tags?post=71860"}],"curies":[{"name":"wp","href":"https:\/\/api.w.org\/{rel}","templated":true}]}}