{"id":71934,"date":"2025-10-25T13:02:07","date_gmt":"2025-10-25T13:02:07","guid":{"rendered":"https:\/\/www.europesays.com\/fi\/71934\/"},"modified":"2025-10-25T13:02:07","modified_gmt":"2025-10-25T13:02:07","slug":"erika-pykalainen-laski-uransa-parhaan-maailmancupin-sijoituksen","status":"publish","type":"post","link":"https:\/\/www.europesays.com\/fi\/71934\/","title":{"rendered":"Erika Pyk\u00e4l\u00e4inen laski uransa parhaan maailmancupin sijoituksen"},"content":{"rendered":"<p>Alppihiihto|Pyk\u00e4l\u00e4inen nousi toisella kierroksella roimasti.<\/p>\n<p class=\"article-body mb-nof-24 px-nof-16\">Suomen <a class=\"article-personlink\" href=\"https:\/\/www.hs.fi\/haku\/?query=Erika%20Pyk%C3%A4l%C3%A4inen\" rel=\"nofollow noopener\" target=\"_blank\">Erika Pyk\u00e4l\u00e4inen<\/a> on ylt\u00e4nyt 22:nneksi alppihiihdon naisten maailmancupin avanneessa suurpujottelussa. H\u00e4n oli ensimm\u00e4isen kierroksen j\u00e4lkeen 29:nten\u00e4 It\u00e4vallan S\u00f6ldeniss\u00e4 k\u00e4ydyss\u00e4 kilpailussa ja paransi roimasti toisella kierroksella.<\/p>\n<p class=\"article-body mb-nof-24 px-nof-16\">Sijoitus on 24-vuotiaalle Pyk\u00e4l\u00e4iselle uran paras maailmancupissa. Kaksi vuotta sitten h\u00e4n oli 30:s suurpujottelussa Kanadan Tremblantissa.<\/p>\n<p class=\"article-body mb-nof-24 px-nof-16\">It\u00e4vallan <a class=\"article-personlink\" href=\"https:\/\/www.hs.fi\/haku\/?query=Julia%20Scheib\" rel=\"nofollow noopener\" target=\"_blank\">Julia Scheib<\/a> voitti, Yhdysvaltain <a class=\"article-personlink\" href=\"https:\/\/www.hs.fi\/haku\/?query=Paula%20Moltzan\" rel=\"nofollow noopener\" target=\"_blank\">Paula Moltzan<\/a> oli toinen ja Sveitsin <a class=\"article-personlink\" href=\"https:\/\/www.hs.fi\/haku\/?query=Lara%20Gut-Behrami\" rel=\"nofollow noopener\" target=\"_blank\">Lara Gut-Behrami<\/a> kolmas.<\/p>\n","protected":false},"excerpt":{"rendered":"Alppihiihto|Pyk\u00e4l\u00e4inen nousi toisella kierroksella roimasti. Suomen Erika Pyk\u00e4l\u00e4inen on ylt\u00e4nyt 22:nneksi alppihiihdon naisten maailmancupin avanneessa suurpujottelussa. H\u00e4n oli&hellip;\n","protected":false},"author":2,"featured_media":71935,"comment_status":"","ping_status":"","sticky":false,"template":"","format":"standard","meta":{"footnotes":""},"categories":[5],"tags":[22,23,26,27,33,31,30,17,46,24,25,28,29,15,18,21,32,19,20,16],"class_list":{"0":"post-71934","1":"post","2":"type-post","3":"status-publish","4":"format-standard","5":"has-post-thumbnail","7":"category-otsikot","8":"tag-breaking-news","9":"tag-breakingnews","10":"tag-featured-news","11":"tag-featurednews","12":"tag-fi","13":"tag-finland","14":"tag-finnish","15":"tag-headlines","16":"tag-helsingin-sanomat","17":"tag-latest-news","18":"tag-latestnews","19":"tag-main-news","20":"tag-mainnews","21":"tag-news","22":"tag-otsikot","23":"tag-paauutiset","24":"tag-suomi","25":"tag-top-stories","26":"tag-topstories","27":"tag-uutiset"},"share_on_mastodon":{"url":"https:\/\/pubeurope.com\/@fi\/115434942792487249","error":""},"_links":{"self":[{"href":"https:\/\/www.europesays.com\/fi\/wp-json\/wp\/v2\/posts\/71934","targetHints":{"allow":["GET"]}}],"collection":[{"href":"https:\/\/www.europesays.com\/fi\/wp-json\/wp\/v2\/posts"}],"about":[{"href":"https:\/\/www.europesays.com\/fi\/wp-json\/wp\/v2\/types\/post"}],"author":[{"embeddable":true,"href":"https:\/\/www.europesays.com\/fi\/wp-json\/wp\/v2\/users\/2"}],"replies":[{"embeddable":true,"href":"https:\/\/www.europesays.com\/fi\/wp-json\/wp\/v2\/comments?post=71934"}],"version-history":[{"count":0,"href":"https:\/\/www.europesays.com\/fi\/wp-json\/wp\/v2\/posts\/71934\/revisions"}],"wp:featuredmedia":[{"embeddable":true,"href":"https:\/\/www.europesays.com\/fi\/wp-json\/wp\/v2\/media\/71935"}],"wp:attachment":[{"href":"https:\/\/www.europesays.com\/fi\/wp-json\/wp\/v2\/media?parent=71934"}],"wp:term":[{"taxonomy":"category","embeddable":true,"href":"https:\/\/www.europesays.com\/fi\/wp-json\/wp\/v2\/categories?post=71934"},{"taxonomy":"post_tag","embeddable":true,"href":"https:\/\/www.europesays.com\/fi\/wp-json\/wp\/v2\/tags?post=71934"}],"curies":[{"name":"wp","href":"https:\/\/api.w.org\/{rel}","templated":true}]}}