{"id":71936,"date":"2025-10-25T13:14:09","date_gmt":"2025-10-25T13:14:09","guid":{"rendered":"https:\/\/www.europesays.com\/fi\/71936\/"},"modified":"2025-10-25T13:14:09","modified_gmt":"2025-10-25T13:14:09","slug":"juuri-hanen-kanssaan-haluan-jakaa-taman","status":"publish","type":"post","link":"https:\/\/www.europesays.com\/fi\/71936\/","title":{"rendered":"\u201dJuuri h\u00e4nen kanssaan haluan jakaa t\u00e4m\u00e4n\u201d"},"content":{"rendered":"<p>N\u00e4yttelij\u00e4 Alina Tomnikovin silm\u00e4t avautuivat kansainv\u00e4lisen sarjan kuvauksissa Irlannissa. H\u00e4n toivoo nyt arkeensa muutosta. <\/p>\n<p class=\"paragraph\">N\u00e4yttelij\u00e4 <a href=\"https:\/\/www.iltalehti.fi\/henkilot\/Alina Tomnikov\" class=\"article-link-person-page\" rel=\"nofollow noopener\" target=\"_blank\">Alina Tomnikovin<\/a> pikavisiitti Suomeen syyskuussa oli valtavan tunteikas. Kyyneli\u00e4 ehti vier\u00e4ht\u00e4\u00e4 poskelle ja jopa eteisen lattiallekin sek\u00e4 onnesta ett\u00e4 haikeudesta.<\/p>\n<p class=\"paragraph\">Alina, 37, on viett\u00e4nyt viimeiset kuukaudet ulkomailla Amazonin kansainv\u00e4lisen suurtuotannon kuvauksissa. H\u00e4n <a href=\"https:\/\/www.iltalehti.fi\/tv-ja-leffat\/3d82948b-7d95-4fa3-80c3-4f27c37d2eee\" rel=\"nofollow noopener\" target=\"_blank\">n\u00e4yttelee tuplaroolin<\/a> historiaan pohjautuvassa Bloodaxe-draamasarjassa.<\/p>\n<p class=\"paragraph\">Koko perhe muutti Irlantiin kuvausten ajaksi. Helsingin-koti on ollut vuokralla ja nyt se on laitettu myyntiin. Toistaiseksi Alina ei tied\u00e4, palaako h\u00e4n kotiinsa en\u00e4\u00e4, kun kuvaukset ovat my\u00f6hemmin syksyll\u00e4 ohi.<\/p>\n<p class=\"paragraph\">Ep\u00e4varmuudesta huolimatta n\u00e4yttelij\u00e4 on todella onnellinen. Alina tunnistaa onnellisuuteensa kaksi erityist\u00e4 syyt\u00e4.<\/p>\n<p class=\"paragraph\">\u2013 Se, ett\u00e4 minulla on t\u00e4ll\u00e4 hetkell\u00e4 t\u00f6it\u00e4 ja ihana perhe, h\u00e4n kertoo Iltalehdelle.<\/p>\n<p class=\"paragraph\">\u2013 Ja se, ett\u00e4 n\u00e4iden asioiden yhdist\u00e4minen toimii. Olen ymm\u00e4rt\u00e4nyt ja p\u00e4\u00e4tt\u00e4nyt, ett\u00e4 minun ei tarvitse valita, olenko taiteilija vai vanhempi.<\/p>\n<p class=\"paragraph\">Pari vuotta sitten Alina sai esikoisensa puolisonsa <a href=\"https:\/\/www.iltalehti.fi\/henkilot\/Lauri Laukkanen\" class=\"article-link-person-page\" rel=\"nofollow noopener\" target=\"_blank\">Lauri Laukkasen<\/a> kanssa.<\/p>\n<p><img decoding=\"async\" class=\"image image-show image-preview\" src=\"https:\/\/www.europesays.com\/fi\/wp-content\/uploads\/2025\/10\/7b97ab0467e52fdf56f2cee8feb4d62b59c0b6f0fe71939017aa33e6220e43d9.jpg\" alt=\"\"\/><img decoding=\"async\" class=\"image image-show\" src=\"https:\/\/www.europesays.com\/fi\/wp-content\/uploads\/2025\/10\/1761398049_508_7b97ab0467e52fdf56f2cee8feb4d62b59c0b6f0fe71939017aa33e6220e43d9.jpg\" alt=\"\"\/><\/p>\n<p>Alina Tomnikov on helpottunut, sill\u00e4 useat h\u00e4nen pelkonsa ja ajatuksensa \u00e4itiyteen liittyen ovat osoittautuneet turhiksi ylianalysoinneiksi.  Pete Anikari<\/p>\n<p class=\"paragraph\">Ennen \u00e4idiksi tulemista juuri uran ja \u00e4itiyden yhdist\u00e4minen pelotti. Alina muistelee yleisi\u00e4 puheita \u201dvauvakuplaan sulkeutumisesta\u201d ja siit\u00e4, milloin olisi oikea aika saada lapsi. Nyt h\u00e4n on k\u00e4sitt\u00e4nyt, ett\u00e4 oikeaa hetke\u00e4 ei olekaan.<\/p>\n<p class=\"paragraph\">\u2013 Olen nyt taiteilija, jolla on lapsi. Enk\u00e4 vaihtaisi p\u00e4iv\u00e4\u00e4k\u00e4\u00e4n. Yht\u00e4kki\u00e4 en olekaan el\u00e4m\u00e4ni napa, vaan teen p\u00e4\u00e4t\u00f6ksi\u00e4 toisen tarpeet edell\u00e4. Se on todella hienoa.<\/p>\n<p class=\"paragraph\">Alina kuvaa isoksi muutokseksi t\u00e4m\u00e4n kaiken ymm\u00e4rt\u00e4mist\u00e4 ja tasapainon l\u00f6ytymist\u00e4 perheen ja uran yhdist\u00e4miseen. H\u00e4n kokee taiteilijuuden usein melko itsekk\u00e4\u00e4ksi hommaksi, lapsiarki puolestaan on p\u00e4invastaista.<\/p>\n<p class=\"paragraph\">\u2013 Ep\u00e4itsekk\u00e4int\u00e4, mit\u00e4 olen koskaan kokenut.<\/p>\n<p>Kest\u00e4v\u00e4 suhde<\/p>\n<p class=\"paragraph\">Kuvausreissujen ja perhearjen yhdist\u00e4misess\u00e4 auttaa valtavasti, ett\u00e4 Alinan puoliso pystyy matkustamaan mukana. My\u00f6s Alinan \u00e4iti on ollut kuukauden Irlannissa auttamassa.<\/p>\n<p class=\"paragraph\">\u2013 Se on suuri lahja. Perheen ja kodin tuntu muodostuu niist\u00e4 ihmisist\u00e4, joiden kanssa on, oli sitten miss\u00e4 tahansa.<\/p>\n<p class=\"paragraph\">Alina kokee, ett\u00e4 h\u00e4nen ja puolisonsa suhde on muuttunut hyvin v\u00e4h\u00e4n lapsen syntym\u00e4n my\u00f6t\u00e4. Suhde pohjautuu paljolti yst\u00e4vyyteen, eik\u00e4 ainoastaan romanttiseen intiimiyteen. Juuri t\u00e4st\u00e4 syyst\u00e4 suhde kest\u00e4\u00e4.<\/p>\n<p class=\"paragraph\">\u2013 En olisi halunnut lasta, ellei se olisi ollut juuri puolisoni kanssa. En kokenut koskaan vauvakuumetta, vaan toive liittyi siihen toiseen ihmiseen, ett\u00e4 juuri h\u00e4nen kanssaan haluan jakaa t\u00e4m\u00e4n.<\/p>\n<p>Henkil\u00f6kohtaisesta el\u00e4m\u00e4ntilanteestaan Alina Tomnikov on onnellinen. Samalla h\u00e4n katselee tarkastelee kuitenkin kauhulla, surulla ja raivolla kulttuurialan tilannetta sek\u00e4 maailmalla riehuvia sotia.  Pete Anikari<\/p>\n<p class=\"paragraph\">Vaikka perheen Helsingin-koti on myynniss\u00e4, eiv\u00e4t he ole j\u00e4tt\u00e4m\u00e4ss\u00e4 Suomea taakseen. Suomesta Alina ei pysty luopumaan, eik\u00e4 halua. Irlannissakin on v\u00e4lill\u00e4 vaivannut voimakas koti-ik\u00e4v\u00e4, vaikka Alina kokeekin kotiutuneensa my\u00f6s sinne.<\/p>\n<p class=\"paragraph\">Kuukaudet irlantilaisessa pikkukyl\u00e4ss\u00e4 ovat kuitenkin avanneet silm\u00e4t. Alina on ymm\u00e4rt\u00e4nyt, ett\u00e4 h\u00e4n ei kaipaa Helsingin keskustan h\u00e4ly\u00e4, vaan rauhaa, hiljaisen makuuhuoneen, pihan ja vakiokahvilan k\u00e4velymatkan p\u00e4\u00e4st\u00e4.<\/p>\n<p class=\"paragraph\">Alina haluaisi kulkea taaperon kanssa ja tutkailla maailmaa yhdess\u00e4 puristamatta jatkuvasti h\u00e4nen k\u00e4tt\u00e4\u00e4n ja jaellen kieltoja.<\/p>\n<p class=\"paragraph\">\u2013 Etsimme pk-seudulta jotain, jossa yhdistyisi rauhallisempi ymp\u00e4rist\u00f6 ja jokin kyl\u00e4keskus k\u00e4velymatkan p\u00e4\u00e4ss\u00e4.<\/p>\n<p>Ven\u00e4j\u00e4-unelma kuopattu<\/p>\n<p class=\"paragraph\">Uusi koti Suomesta on haastatteluhetkell\u00e4 etsinn\u00e4ss\u00e4. Vuosien varrella Alina Tomnikovia on voinut n\u00e4hd\u00e4 useissa kansainv\u00e4lisiss\u00e4 tuotannoissa ja Bloodaxe-sarjan kuvauksissakin vier\u00e4ht\u00e4\u00e4 viel\u00e4 aikaa.  Alina kertoo, ett\u00e4 kansainv\u00e4liset tuotannot eiv\u00e4t mill\u00e4\u00e4n tapaa ole h\u00e4nen ainoa polkunsa.<\/p>\n<p class=\"paragraph\">\u2013 Olen ehk\u00e4 v\u00e4h\u00e4n haastava sen suhteen. Intohimoni ja unelmani ovat ihan 50\/50 t\u00e4\u00e4ll\u00e4 ja ulkomailla.<\/p>\n<p>Alina Tomnikov kertoo nauttivansa eri kielist\u00e4 ja siit\u00e4, ett\u00e4 voi parantaa jotain osaamaansa kielt\u00e4 tietyn roolin varjolla. Muun muassa t\u00e4m\u00e4 vet\u00e4\u00e4 mukanaan kansainv\u00e4lisiin tuotantoihin.  Pete Anikari<\/p>\n<p class=\"paragraph\">Uraansa h\u00e4n kuvaa er\u00e4\u00e4nlaiseksi tilkkut\u00e4kiksi, sill\u00e4 yhdistelm\u00e4 ei ole yksinkertainen. Ulkomaiset tuotannot vaativat usein sitoutumista, mutta ty\u00f6tarjoukset saattavat tulla lyhyell\u00e4kin varoitusajalla. Silloin voi olla, ett\u00e4 n\u00e4yttelij\u00e4 on jo sitoutunut kotimaiseen tuotantoon.<\/p>\n<p class=\"paragraph\">\u2013 Unelmani olisi, ett\u00e4 pystyisin tekem\u00e4n molempia ja uskon, ett\u00e4 se onnistuu. Jos katson el\u00e4m\u00e4\u00e4ni taaksep\u00e4in, olisin tehnyt erilaisia valintoja, jos minulla olisi t\u00e4ht\u00e4imess\u00e4 vain kansainv\u00e4linen ura.<\/p>\n<p class=\"paragraph\">Aiemmin Alina teki uraa my\u00f6s is\u00e4ns\u00e4 kotimaassa Ven\u00e4j\u00e4ll\u00e4. Nyt urahaaveet it\u00e4\u00e4n ovat t\u00e4ysin j\u00e4iss\u00e4.<\/p>\n<p class=\"paragraph\">\u2013 En ole kylm\u00e4 omille juurilleni, mutta suhde Ven\u00e4j\u00e4ll\u00e4 ty\u00f6skentelemiseen on poikki t\u00e4ll\u00e4 hetkell\u00e4.<\/p>\n<p class=\"paragraph\">Ent\u00e4 voisiko Alina viel\u00e4 jonain p\u00e4iv\u00e4n\u00e4 n\u00e4hd\u00e4 itsens\u00e4 tavoittelemassa edelleen uraa my\u00f6s Ven\u00e4j\u00e4ll\u00e4?<\/p>\n<p class=\"paragraph\">\u2013 Politiikan pit\u00e4isi muuttua todella voimakkaasti, Alina toteaa.<\/p>\n<p>Poikkeuksellinen rooli<\/p>\n<p class=\"paragraph\">T\u00e4n\u00e4 syksyn\u00e4 Alina Tomnikov n\u00e4hd\u00e4\u00e4n my\u00f6s kotimaisilla valkokankailla <strong>Josefiina Rautiaisen<\/strong> k\u00e4sikirjoittamassa ja ohjaamassa Huutamisen taito -elokuvassa.<\/p>\n<p class=\"paragraph\">Psykologisessa ja tiivistunnelmaisessa draamassa Alina n\u00e4hd\u00e4\u00e4n Heloisan roolissa. Heloisa k\u00e4y terapiassa muun muassa v\u00e4kivaltaisten pakkoajatustensa vuoksi.<\/p>\n<p class=\"paragraph\">Vastarakastunut Heloisa kertoo terapeutilleen, kuinka haluaisi esimerkiksi valella treffikumppaninsa kasvot sytytysnesteell\u00e4 ja painaa t\u00e4m\u00e4n naaman palavaan hiillokseen. Pian k\u00e4y ilmi, ett\u00e4 uusi rakas onkin psykoterapeutti Anun (<a href=\"https:\/\/www.iltalehti.fi\/henkilot\/Jonna J\u00e4rnefelt\" class=\"article-link-person-page\" rel=\"nofollow noopener\" target=\"_blank\">Jonna J\u00e4rnefelt<\/a>) poika Antti (<a href=\"https:\/\/www.iltalehti.fi\/henkilot\/Samuel Kujala\" class=\"article-link-person-page\" rel=\"nofollow noopener\" target=\"_blank\">Samuel Kujala<\/a>).<\/p>\n<p>Alina Tomnikov kiehuu kulttuurialan leikkausten vuoksi: \u201dOlemme taiteilijoita ja haluamme tehd\u00e4 sit\u00e4 sielusta. Emme voi tehd\u00e4 t\u00e4t\u00e4 sielusta, jos ei ole resursseja\u201d Pete Anikari<\/p>\n<p class=\"paragraph\">Alina Tomnikov ja Josefiina Rautiainen tutustuivat, kun Alina oli viel\u00e4 Teatterikorkeakoulussa. Ennen Huutamisen taito -elokuvan k\u00e4sikirjoitusta he keskustelivat paljon muun muassa terapiasuhteen erityisest\u00e4 luonteesta.<\/p>\n<p class=\"paragraph\">\u2013 Itse paljon terapiassa k\u00e4yneen\u00e4 valmistauduin kuvauksiin jo, kun ylip\u00e4\u00e4t\u00e4\u00e4n juttelimme siit\u00e4, miten ihana ja hassu se terapiasuhde on. Fokus on t\u00e4ysin toisessa, eik\u00e4 se ole yst\u00e4vyytt\u00e4, mutta mit\u00e4 jos kiinnyt tai saako kiinty\u00e4, Alina luettelee.<\/p>\n<p class=\"paragraph\">Alina valmistautui rooliinsa my\u00f6s keskustelemalla v\u00e4kivaltaa kokeneiden ihmisten kanssa, sill\u00e4 v\u00e4kivallasta h\u00e4nell\u00e4 itsell\u00e4\u00e4n ei ole omakohtaista kokemusta.<\/p>\n<p class=\"paragraph\">\u2013 Yritin ymm\u00e4rt\u00e4\u00e4, milt\u00e4 v\u00e4kivalta tuntuu kehossa ja millaiset j\u00e4ljet se j\u00e4tt\u00e4\u00e4. Pohdin my\u00f6s paljon sit\u00e4 logiikkaa, ett\u00e4 hahmollani on ollut v\u00e4kivaltainen lapsuus, mutta aikuisena se oireilee rakastuessa v\u00e4kivaltaisina pakkoajatuksina. Halusin ymm\u00e4rt\u00e4\u00e4, miten se, ett\u00e4 minua on satutettu johtaa siihen, ett\u00e4 haluan mielikuvissani satuttaa toista.<\/p>\n<p>Alina Tomnikov t\u00e4hditt\u00e4\u00e4 Huutamisen taito -elokuvaa. Miikka Pakarinen \/ Cinemanifest<\/p>\n<p class=\"paragraph\">Ohjaaja n\u00e4ki Alinan teoksen p\u00e4\u00e4roolissa jo k\u00e4sikirjoitusta laatiessaan. Muun muassa t\u00e4m\u00e4 teki Huutamisen taito -elokuvasta Alinalle hyvin henkil\u00f6kohtaisen. Hahmossa tosin on hyvin paljon eroja n\u00e4yttelij\u00e4\u00e4n itseens\u00e4.<\/p>\n<p class=\"paragraph\">\u2013 Se tuntui henkil\u00f6kohtaisesti t\u00e4rke\u00e4lt\u00e4 ja suurelta luottamukselta, ett\u00e4 joku kirjoittaa jo sin\u00e4 mieless\u00e4si. Se oli ihanaa, Alina summaa.<\/p>\n<p class=\"paragraph\">Huutamisen taito ensi-illassa 31. lokakuuta.<\/p>\n","protected":false},"excerpt":{"rendered":"N\u00e4yttelij\u00e4 Alina Tomnikovin silm\u00e4t avautuivat kansainv\u00e4lisen sarjan kuvauksissa Irlannissa. H\u00e4n toivoo nyt arkeensa muutosta. N\u00e4yttelij\u00e4 Alina Tomnikovin pikavisiitti&hellip;\n","protected":false},"author":2,"featured_media":71937,"comment_status":"","ping_status":"","sticky":false,"template":"","format":"standard","meta":{"footnotes":""},"categories":[136],"tags":[35,153,407,137,33,31,30,408,99,718,98,32,140,109],"class_list":{"0":"post-71936","1":"post","2":"type-post","3":"status-publish","4":"format-standard","5":"has-post-thumbnail","7":"category-julkkikset","8":"tag-24h","9":"tag-audiovisuaalinen-media","10":"tag-celebrities","11":"tag-entertainment","12":"tag-fi","13":"tag-finland","14":"tag-finnish","15":"tag-julkkikset","16":"tag-lapset","17":"tag-nayttamotaide","18":"tag-perhe","19":"tag-suomi","20":"tag-tv-ja-elokuvat","21":"tag-viihde"},"share_on_mastodon":{"url":"https:\/\/pubeurope.com\/@fi\/115434990175045027","error":""},"_links":{"self":[{"href":"https:\/\/www.europesays.com\/fi\/wp-json\/wp\/v2\/posts\/71936","targetHints":{"allow":["GET"]}}],"collection":[{"href":"https:\/\/www.europesays.com\/fi\/wp-json\/wp\/v2\/posts"}],"about":[{"href":"https:\/\/www.europesays.com\/fi\/wp-json\/wp\/v2\/types\/post"}],"author":[{"embeddable":true,"href":"https:\/\/www.europesays.com\/fi\/wp-json\/wp\/v2\/users\/2"}],"replies":[{"embeddable":true,"href":"https:\/\/www.europesays.com\/fi\/wp-json\/wp\/v2\/comments?post=71936"}],"version-history":[{"count":0,"href":"https:\/\/www.europesays.com\/fi\/wp-json\/wp\/v2\/posts\/71936\/revisions"}],"wp:featuredmedia":[{"embeddable":true,"href":"https:\/\/www.europesays.com\/fi\/wp-json\/wp\/v2\/media\/71937"}],"wp:attachment":[{"href":"https:\/\/www.europesays.com\/fi\/wp-json\/wp\/v2\/media?parent=71936"}],"wp:term":[{"taxonomy":"category","embeddable":true,"href":"https:\/\/www.europesays.com\/fi\/wp-json\/wp\/v2\/categories?post=71936"},{"taxonomy":"post_tag","embeddable":true,"href":"https:\/\/www.europesays.com\/fi\/wp-json\/wp\/v2\/tags?post=71936"}],"curies":[{"name":"wp","href":"https:\/\/api.w.org\/{rel}","templated":true}]}}