{"id":71958,"date":"2025-10-25T13:48:09","date_gmt":"2025-10-25T13:48:09","guid":{"rendered":"https:\/\/www.europesays.com\/fi\/71958\/"},"modified":"2025-10-25T13:48:09","modified_gmt":"2025-10-25T13:48:09","slug":"tiia-kavahtui-siita-mita-tyttarensa-uimahousuista-loytyi","status":"publish","type":"post","link":"https:\/\/www.europesays.com\/fi\/71958\/","title":{"rendered":"Tiia kavahtui siit\u00e4 mit\u00e4 tytt\u00e4rens\u00e4 uimahousuista l\u00f6ytyi"},"content":{"rendered":"<p>Tiia-niminen suomalaisnainen on kertonut somessa tarinan, jolla on monta ulottuvuutta.<\/p>\n<p>Joitakin se sokeeraa, joitakin h\u00e4mm\u00e4stytt\u00e4\u00e4, joitakin kuvottaa ja joitakin pelottaa. Tositarina liittyy tytt\u00e4ren uimareissuun, joten tapauksesta lienee aikaa ainakin pari kuukautta.<\/p>\n<p>N\u00e4in Tiia kertoi somessa:<\/p>\n<p>-Tytt\u00e4reni oli eilen uimassa, ja kotiin tullessa passitin suihkuun. Suihkusta kuului hetken p\u00e4\u00e4st\u00e4: \u201dMun uikkarin sis\u00e4lt\u00e4 tippui kala!\u201d <\/p>\n<p>Tiia ei olkaansa asialle kohauttanut, vaan ajatteli, ett\u00e4 joku roska siell\u00e4 on p\u00f6ksyiss\u00e4 ollut.<\/p>\n<p>-Kyll\u00e4 se on kala, tyt\u00e4r intti.<\/p>\n<p>Kun intt\u00e4mist\u00e4 oli jatkunut aikansa, niin Tiia p\u00e4\u00e4tti menn\u00e4 katsomaan.<\/p>\n<p>-Ja hitto, olihan se kala! Tiia parahtaa. <\/p>\n<p>-Ties miten kauan ollut uikkarin sis\u00e4ll\u00e4. Kuollut se ainakin oli.<\/p>\n<p>Mit\u00e4 t\u00e4st\u00e4 opimme? Emme ehk\u00e4 mit\u00e4\u00e4n, tai ehk\u00e4, ett\u00e4 maailma on tarua ihmeellisempi paikka.<\/p>\n<p>Tiian kertomus kuratoitui my\u00f6s netin hauskuuksia kuratoivaan Feissarimokat.comiin.<\/p>\n<p>Lue my\u00f6s: <a href=\"https:\/\/www.como.fi\/uutiset\/13v-kaverukset-tulivat-luokkaan-naissa-hiustyyleissa-valittomasti-ulos\/\" title=\"13v kaverukset tulivat luokkaan n\u00e4iss\u00e4 hiustyyleiss\u00e4 \u2013 v\u00e4litt\u00f6m\u00e4sti ulos ja eristykseen!\" class=\"underline-custom !font-montserrat !font-bold !underline-offset-4 !decoration-4 !decoration-red-600 !text-md\" rel=\"nofollow noopener\" target=\"_blank\">13v kaverukset tulivat luokkaan n\u00e4iss\u00e4 hiustyyleiss\u00e4 \u2013 v\u00e4litt\u00f6m\u00e4sti ulos ja eristykseen!<\/a><\/p>\n<p>Lue my\u00f6s: <a href=\"https:\/\/www.como.fi\/tilaa-comon-uutiskirje\/\" title=\"Tilaa Comon uutiskirje ja tied\u00e4t mist\u00e4 kahvitauolla puhutaan! Nappaa kotimaan tv-vinkit ja puheenaiheet suoraan s\u00e4hk\u00f6postiin t\u00e4st\u00e4.\" class=\"underline-custom !font-montserrat !font-bold !underline-offset-4 !decoration-4 !decoration-red-600 !text-md\" rel=\"nofollow noopener\" target=\"_blank\">Tilaa Comon uutiskirje ja tied\u00e4t mist\u00e4 kahvitauolla puhutaan! Nappaa kotimaan tv-vinkit ja puheenaiheet suoraan s\u00e4hk\u00f6postiin t\u00e4st\u00e4.<\/a><\/p>\n","protected":false},"excerpt":{"rendered":"Tiia-niminen suomalaisnainen on kertonut somessa tarinan, jolla on monta ulottuvuutta. Joitakin se sokeeraa, joitakin h\u00e4mm\u00e4stytt\u00e4\u00e4, joitakin kuvottaa ja&hellip;\n","protected":false},"author":2,"featured_media":71959,"comment_status":"","ping_status":"","sticky":false,"template":"","format":"standard","meta":{"footnotes":""},"categories":[130],"tags":[137,33,31,30,4298,32,109],"class_list":{"0":"post-71958","1":"post","2":"type-post","3":"status-publish","4":"format-standard","5":"has-post-thumbnail","7":"category-viihde","8":"tag-entertainment","9":"tag-fi","10":"tag-finland","11":"tag-finnish","12":"tag-huumori","13":"tag-suomi","14":"tag-viihde"},"share_on_mastodon":{"url":"https:\/\/pubeurope.com\/@fi\/115435123702670360","error":""},"_links":{"self":[{"href":"https:\/\/www.europesays.com\/fi\/wp-json\/wp\/v2\/posts\/71958","targetHints":{"allow":["GET"]}}],"collection":[{"href":"https:\/\/www.europesays.com\/fi\/wp-json\/wp\/v2\/posts"}],"about":[{"href":"https:\/\/www.europesays.com\/fi\/wp-json\/wp\/v2\/types\/post"}],"author":[{"embeddable":true,"href":"https:\/\/www.europesays.com\/fi\/wp-json\/wp\/v2\/users\/2"}],"replies":[{"embeddable":true,"href":"https:\/\/www.europesays.com\/fi\/wp-json\/wp\/v2\/comments?post=71958"}],"version-history":[{"count":0,"href":"https:\/\/www.europesays.com\/fi\/wp-json\/wp\/v2\/posts\/71958\/revisions"}],"wp:featuredmedia":[{"embeddable":true,"href":"https:\/\/www.europesays.com\/fi\/wp-json\/wp\/v2\/media\/71959"}],"wp:attachment":[{"href":"https:\/\/www.europesays.com\/fi\/wp-json\/wp\/v2\/media?parent=71958"}],"wp:term":[{"taxonomy":"category","embeddable":true,"href":"https:\/\/www.europesays.com\/fi\/wp-json\/wp\/v2\/categories?post=71958"},{"taxonomy":"post_tag","embeddable":true,"href":"https:\/\/www.europesays.com\/fi\/wp-json\/wp\/v2\/tags?post=71958"}],"curies":[{"name":"wp","href":"https:\/\/api.w.org\/{rel}","templated":true}]}}