{"id":71974,"date":"2025-10-25T14:14:07","date_gmt":"2025-10-25T14:14:07","guid":{"rendered":"https:\/\/www.europesays.com\/fi\/71974\/"},"modified":"2025-10-25T14:14:07","modified_gmt":"2025-10-25T14:14:07","slug":"sabina-sarkka-ei-voisi-seurustella-tallaisen-miehen-kanssa-sara-sieppi-aimistyy-taysin","status":"publish","type":"post","link":"https:\/\/www.europesays.com\/fi\/71974\/","title":{"rendered":"Sabina S\u00e4rkk\u00e4 ei voisi seurustella t\u00e4llaisen miehen kanssa &#8211; Sara Sieppi \u00e4imistyy t\u00e4ysin"},"content":{"rendered":"<p>Sabina S\u00e4rk\u00e4n ja Sara Siepin luotsaamassa<a href=\"https:\/\/podimo.com\/fi\/shows\/sieppi-ja-sarkka\" rel=\"nofollow noopener\" target=\"_blank\"> podcastissa <\/a>on kuultu paljastus, joka saattaa nostattaa hieman kulmakarvoja.<\/p>\n<p>Paljastus tulee S\u00e4rk\u00e4n suusta.<\/p>\n<p>H\u00e4n ei voisi deittailla itse\u00e4\u00e4n lyhemp\u00e4\u00e4 miest\u00e4. S\u00e4rkk\u00e4 itse on 1,78 metri\u00e4 pitk\u00e4. Suomalaisen miehen keskipituus on 179,6 sentti\u00e4.<\/p>\n<p>-Jos h\u00e4n on mua lyhyempi niin sorry, no chance, ei mahdollisuuksia, S\u00e4rkk\u00e4 p\u00e4r\u00e4ytt\u00e4\u00e4 tylysti.<\/p>\n<p>Sara kysyy viel\u00e4 toistamiseen, ett\u00e4 siis S\u00e4rkk\u00e4k\u00f6 ei voi tosiaan deittailla lyhyemp\u00e4\u00e4 miest\u00e4.<\/p>\n<p>-En voi, kuuluu vastaus.<\/p>\n<p>Sieppi tiedustaa, mist\u00e4 asia kumpuaa. S\u00e4rk\u00e4ll\u00e4 on t\u00f6m\u00e4kk\u00e4 vastaus.<\/p>\n<p>-No en m\u00e4 vaan halua. Ett\u00e4 mies on mua lyhyempi!<\/p>\n<p>Sieppi on kuin kunnon journalisti. H\u00e4n naurahtaa \u00e4\u00e4neen ja tenttaa:<\/p>\n<p>-No mutta miksi et! Mit\u00e4 se haittaa.<\/p>\n<p>Sabinan silm\u00e4t liikkuvat yl\u00e4asentoon, h\u00e4n miettii hetken:<\/p>\n<p>-No ei tunnu kivalta, h\u00e4n sanoo.<\/p>\n<p>H\u00e4nt\u00e4 lyhyt mies ei vieh\u00e4t\u00e4 yht\u00e4\u00e4n.<\/p>\n<p>-Pakko olla pidempi.<\/p>\n<p>Sara jaksaa ep\u00e4uskoisena toistella, ett\u00e4 \u201doikeastiko\u201d.<\/p>\n<p>Sieppi yritt\u00e4\u00e4 viel\u00e4.<\/p>\n<p>-Mutta ent\u00e4 jos se tyyppi on ihan s-tanan mukava ja hauska\u2026 niin s\u00e4 oot silleen ett\u00e4 j-lauta s\u00e4 oot 5 sentti\u00e4 liian lyhyt, ei pysty\u2026<\/p>\n<p>-JOO! Sabina p\u00e4r\u00e4ytt\u00e4\u00e4.<\/p>\n<p>Sieppi ei suostu uskomaan.<\/p>\n<p>-Ei, ei\u2026 emm\u00e4 usko tota!<\/p>\n<p>Sabinalla on vain yksi vastaus:<\/p>\n<p>-Tiukka ei!<\/p>\n<p>Lue my\u00f6s: <a href=\"https:\/\/www.como.fi\/uutiset\/sabina-sarkan-kauhukokemus-joku-random-mies-tuli-sylkee\/\" title=\"Sabina S\u00e4rk\u00e4n kauhukokemus: \u201dJoku random mies tuli sylkee\u201d\" class=\"underline-custom !font-montserrat !font-bold !underline-offset-4 !decoration-4 !decoration-red-600 !text-md\" rel=\"nofollow noopener\" target=\"_blank\">Sabina S\u00e4rk\u00e4n kauhukokemus: \u201dJoku random mies tuli sylkee\u201d<\/a><\/p>\n<p>Lue my\u00f6s: <a href=\"https:\/\/www.como.fi\/uutiset\/sabina-sarkan-kuumat-kuvat-sisiliasta-lyovat-pallin-allikalla\/\" title=\"Sabina S\u00e4rk\u00e4n kuumat kuvat Sisiliasta ly\u00f6v\u00e4t p\u00e4llin \u00e4llik\u00e4ll\u00e4\" class=\"underline-custom !font-montserrat !font-bold !underline-offset-4 !decoration-4 !decoration-red-600 !text-md\" rel=\"nofollow noopener\" target=\"_blank\">Sabina S\u00e4rk\u00e4n kuumat kuvat Sisiliasta ly\u00f6v\u00e4t p\u00e4llin \u00e4llik\u00e4ll\u00e4<\/a><\/p>\n<p>Lue my\u00f6s: <a href=\"https:\/\/www.como.fi\/tilaa-comon-uutiskirje\/\" title=\"Tilaa Comon uutiskirje ja tied\u00e4t mist\u00e4 kahvitauolla puhutaan! Nappaa kotimaan tv-vinkit ja puheenaiheet suoraan s\u00e4hk\u00f6postiin t\u00e4st\u00e4.\" class=\"underline-custom !font-montserrat !font-bold !underline-offset-4 !decoration-4 !decoration-red-600 !text-md\" rel=\"nofollow noopener\" target=\"_blank\">Tilaa Comon uutiskirje ja tied\u00e4t mist\u00e4 kahvitauolla puhutaan! Nappaa kotimaan tv-vinkit ja puheenaiheet suoraan s\u00e4hk\u00f6postiin t\u00e4st\u00e4.<\/a><\/p>\n","protected":false},"excerpt":{"rendered":"Sabina S\u00e4rk\u00e4n ja Sara Siepin luotsaamassa podcastissa on kuultu paljastus, joka saattaa nostattaa hieman kulmakarvoja. Paljastus tulee S\u00e4rk\u00e4n&hellip;\n","protected":false},"author":2,"featured_media":71975,"comment_status":"","ping_status":"","sticky":false,"template":"","format":"standard","meta":{"footnotes":""},"categories":[130],"tags":[137,33,31,30,4900,3423,32,109],"class_list":{"0":"post-71974","1":"post","2":"type-post","3":"status-publish","4":"format-standard","5":"has-post-thumbnail","7":"category-viihde","8":"tag-entertainment","9":"tag-fi","10":"tag-finland","11":"tag-finnish","12":"tag-sabina-su00e4rkku00e4","13":"tag-sara-sieppi","14":"tag-suomi","15":"tag-viihde"},"share_on_mastodon":{"url":"https:\/\/pubeurope.com\/@fi\/115435225923616110","error":""},"_links":{"self":[{"href":"https:\/\/www.europesays.com\/fi\/wp-json\/wp\/v2\/posts\/71974","targetHints":{"allow":["GET"]}}],"collection":[{"href":"https:\/\/www.europesays.com\/fi\/wp-json\/wp\/v2\/posts"}],"about":[{"href":"https:\/\/www.europesays.com\/fi\/wp-json\/wp\/v2\/types\/post"}],"author":[{"embeddable":true,"href":"https:\/\/www.europesays.com\/fi\/wp-json\/wp\/v2\/users\/2"}],"replies":[{"embeddable":true,"href":"https:\/\/www.europesays.com\/fi\/wp-json\/wp\/v2\/comments?post=71974"}],"version-history":[{"count":0,"href":"https:\/\/www.europesays.com\/fi\/wp-json\/wp\/v2\/posts\/71974\/revisions"}],"wp:featuredmedia":[{"embeddable":true,"href":"https:\/\/www.europesays.com\/fi\/wp-json\/wp\/v2\/media\/71975"}],"wp:attachment":[{"href":"https:\/\/www.europesays.com\/fi\/wp-json\/wp\/v2\/media?parent=71974"}],"wp:term":[{"taxonomy":"category","embeddable":true,"href":"https:\/\/www.europesays.com\/fi\/wp-json\/wp\/v2\/categories?post=71974"},{"taxonomy":"post_tag","embeddable":true,"href":"https:\/\/www.europesays.com\/fi\/wp-json\/wp\/v2\/tags?post=71974"}],"curies":[{"name":"wp","href":"https:\/\/api.w.org\/{rel}","templated":true}]}}