{"id":72119,"date":"2025-10-25T18:00:11","date_gmt":"2025-10-25T18:00:11","guid":{"rendered":"https:\/\/www.europesays.com\/fi\/72119\/"},"modified":"2025-10-25T18:00:11","modified_gmt":"2025-10-25T18:00:11","slug":"ikoniset-bond-tytot-tunnistaisitko-seiska","status":"publish","type":"post","link":"https:\/\/www.europesays.com\/fi\/72119\/","title":{"rendered":"Ikoniset Bond-tyt\u00f6t \u2013 tunnistaisitko? | Seiska"},"content":{"rendered":"<p>\n            JAMES BOND GIRLS 1983 at FILM PREMIERE OF OCTOPUSSY LONDON BRITAIN<br \/>\n            Shutterstock\/All Over Press\n        <\/p>\n<p class=\"subtitle \">Ensimm\u00e4inen James Bond -elokuva ilmestyi vuonna 1962.<\/p>\n<p class=\"article-content article-content-width !bg-background\">James Bond -sarjan ensimm\u00e4inen elokuva, Salainen agentti 007 ja tohtori No, ilmestyi vuonna 1962.<\/p>\n<p class=\"font-weight-bold m-font-weight-bold article-content article-content-width !bg-background\">Katso arkistovideo \u2013 Pariisin muotiviikon s\u00e4v\u00e4ytt\u00e4vimm\u00e4t asut:<\/p>\n<p>Bond-tyt\u00f6t kokoontuivat<\/p>\n<p class=\"article-content article-content-width !bg-background\">Vuosien varrella legendaarista salaisen agentin roolia ovat esitt\u00e4neet , , ,   sek\u00e4 . Edell\u00e4 mainittujen lis\u00e4ksi  n\u00e4htiin Bond-parodian p\u00e4\u00e4osassa.<\/p>\n<p>        <a itemprop=\"url\" href=\"https:\/\/www.seiska.fi\/katso\/nayttelija-tim-rothin-kipea-perhesalaisuus-isoisani-oli-raiskaaja\/1955218\" rel=\"nofollow noopener\" target=\"_blank\"><\/p>\n<p>\nTim Roth\n<\/p>\n<p class=\"section-date\">\n        <strong class=\"article-section\" data-section=\"katso\"><br \/>\n            katso<br \/>\n        <\/strong><br \/>\n        8.10. 14:15\n    <\/p>\n<p>N\u00e4yttelij\u00e4 Tim Rothin kipe\u00e4 perhesalaisuus: &#8221;Isois\u00e4ni oli raiskaaja&#8221;\n    <\/p>\n<p itemprop=\"description\" class=\"subtitle \">\n    Tim Roth joutui lapsena hyv\u00e4ksik\u00e4yt\u00f6n uhriksi.\n<\/p>\n<p>        <\/a><\/p>\n<p class=\"article-content article-content-width !bg-background\">Mutta mit\u00e4 olisikaan James Bond -elokuvat ilman ikonisia Bond-tytt\u00f6j\u00e4?<\/p>\n<p class=\"article-content article-content-width !bg-background\">Osa Bond-tyt\u00f6ist\u00e4 kokoontui 22. lokakuuta The London Cabaret Clubiin juhlistamaan uutta 007-aiheista London Never Dies -show\u2019ta.<\/p>\n<p class=\"article-content article-content-width !bg-background\">Mukana olivat\u00a0 (From Russia with Love ja Thunderball),\u00a0 (For\u202fYour\u202fEyes\u202fOnly ja Octopussy),  (Octopussy),  (Octopussy) sek\u00e4\u00a0 (The Spy Who Loved Me).<\/p>\n<p>                <img decoding=\"async\" src=\"https:\/\/www.europesays.com\/fi\/wp-content\/uploads\/2025\/10\/1971266.webp\" width=\"576\" height=\"720\" alt=\"Bond-tyt\u00f6t vasemmalta oikealle: Martine Beswick, Vanya Seager, Safira Afzal, Alison Worth ja Caroline Munro.\" loading=\"lazy\" \/>            <\/p>\n<p>\n            Bond-tyt\u00f6t vasemmalta oikealle: Martine Beswick, Vanya Seager, Safira Afzal, Alison Worth ja Caroline Munro.<br \/>\n            ALBA \/ AOP\n        <\/p>\n<p>Uusi Bond ja Bond-tytt\u00f6 spekulaation kohteina<\/p>\n<p class=\"article-content article-content-width !bg-background\">Uuden Bond-elokuvan arvioidaan saavan ensi-iltansa aikaisintaan\u00a0 vuoden 2026 lopulla. Toimintaelokuvan kuvauspaikkoja etsit\u00e4\u00e4n Lontoon sijaan muun muassa Liverpoolista, koska p\u00e4\u00e4kaupungissa on tulossa v\u00e4liaikainen kuvauskielto.<\/p>\n<p class=\"article-content article-content-width !bg-background\">Samaan aikaan Bond-maailmassa kuohuu uusien elokuvan roolivalintojen ymp\u00e4rill\u00e4. White Lotus -sarjasta tuttu  on noussut vahvaksi ehdokkaaksi seuraavaksi Bond-tyt\u00f6ksi.<\/p>\n<p>        <a itemprop=\"url\" href=\"https:\/\/www.seiska.fi\/ulkomaat\/nyt-on-minia-talta-bond-tytto-famke-janssen-60-nayttaa-nykyaan\/1942642\" rel=\"nofollow noopener\" target=\"_blank\"><\/p>\n<p>\n60-vuotias Bond-tytt\u00f6\n<\/p>\n<p class=\"section-date\">\n        <strong class=\"article-section\" data-section=\"ulkomaat\"><br \/>\n            ulkomaat<br \/>\n        <\/strong><br \/>\n        28.9. 20:00\n    <\/p>\n<p>Nyt on mini\u00e4! T\u00e4lt\u00e4 Bond-tytt\u00f6 Famke Janssen, 60, n\u00e4ytt\u00e4\u00e4 nyky\u00e4\u00e4n\n    <\/p>\n<p itemprop=\"description\" class=\"subtitle \">\n    M\u00e4nn\u00e4vuosien Bond-tytt\u00f6 her\u00e4tti huomiota Manhattanilla.\n<\/p>\n<p>        <\/a><\/p>\n<p class=\"article-content article-content-width !bg-background\">Uuden James Bondin valinta on her\u00e4tt\u00e4nyt laajaa spekulaatiota. Vedonly\u00f6ntitoimistojen k\u00e4rjess\u00e4 ovat Kick-Ass elokuvasta tuttu , Slow Horses -sarjan , White Lotus -sarjasta tuttu  sek\u00e4 Ter\u00e4smies-t\u00e4hti .\u00a0<\/p>\n<p class=\"article-content article-content-width !bg-background\">Elokuvan ohjaaja  kertoi olevansa elinik\u00e4inen Bond-fani ja h\u00e4n lupasi kunnioittaa sarjan perinteit\u00e4, mutta my\u00f6s vied\u00e4 sen uudelle aikakaudelle.\u00a0\u00a0<\/p>\n<p>                <img decoding=\"async\" src=\"https:\/\/www.europesays.com\/fi\/wp-content\/uploads\/2025\/10\/1971476.webp\" width=\"576\" height=\"274\" alt=\"Bond-tyt\u00f6t Octopussy-elokuvan ensi-illassa vuonna 1983.\" loading=\"lazy\" \/>            <\/p>\n<p>\n            Bond-tyt\u00f6t Octopussy-elokuvan ensi-illassa vuonna 1983.<br \/>\n            Shutterstock\/All Over Press\n        <\/p>\n","protected":false},"excerpt":{"rendered":"JAMES BOND GIRLS 1983 at FILM PREMIERE OF OCTOPUSSY LONDON BRITAIN Shutterstock\/All Over Press Ensimm\u00e4inen James Bond -elokuva&hellip;\n","protected":false},"author":2,"featured_media":72120,"comment_status":"","ping_status":"","sticky":false,"template":"","format":"standard","meta":{"footnotes":""},"categories":[136],"tags":[6834,15791,407,3015,2970,137,33,31,30,5906,15792,1971,408,622,32,4184,5131,109],"class_list":{"0":"post-72119","1":"post","2":"type-post","3":"status-publish","4":"format-standard","5":"has-post-thumbnail","7":"category-julkkikset","8":"tag-aaron-taylor-johnson","9":"tag-bond-tytot","10":"tag-celebrities","11":"tag-denis-villeneuve","12":"tag-elokuvatuotanto","13":"tag-entertainment","14":"tag-fi","15":"tag-finland","16":"tag-finnish","17":"tag-henry-cavill","18":"tag-jack-lowden","19":"tag-james-bond","20":"tag-julkkikset","21":"tag-nayttelijat","22":"tag-suomi","23":"tag-sydney-sweeney","24":"tag-theo-james","25":"tag-viihde"},"share_on_mastodon":{"url":"https:\/\/pubeurope.com\/@fi\/115436114718560259","error":""},"_links":{"self":[{"href":"https:\/\/www.europesays.com\/fi\/wp-json\/wp\/v2\/posts\/72119","targetHints":{"allow":["GET"]}}],"collection":[{"href":"https:\/\/www.europesays.com\/fi\/wp-json\/wp\/v2\/posts"}],"about":[{"href":"https:\/\/www.europesays.com\/fi\/wp-json\/wp\/v2\/types\/post"}],"author":[{"embeddable":true,"href":"https:\/\/www.europesays.com\/fi\/wp-json\/wp\/v2\/users\/2"}],"replies":[{"embeddable":true,"href":"https:\/\/www.europesays.com\/fi\/wp-json\/wp\/v2\/comments?post=72119"}],"version-history":[{"count":0,"href":"https:\/\/www.europesays.com\/fi\/wp-json\/wp\/v2\/posts\/72119\/revisions"}],"wp:featuredmedia":[{"embeddable":true,"href":"https:\/\/www.europesays.com\/fi\/wp-json\/wp\/v2\/media\/72120"}],"wp:attachment":[{"href":"https:\/\/www.europesays.com\/fi\/wp-json\/wp\/v2\/media?parent=72119"}],"wp:term":[{"taxonomy":"category","embeddable":true,"href":"https:\/\/www.europesays.com\/fi\/wp-json\/wp\/v2\/categories?post=72119"},{"taxonomy":"post_tag","embeddable":true,"href":"https:\/\/www.europesays.com\/fi\/wp-json\/wp\/v2\/tags?post=72119"}],"curies":[{"name":"wp","href":"https:\/\/api.w.org\/{rel}","templated":true}]}}