{"id":72150,"date":"2025-10-25T18:55:07","date_gmt":"2025-10-25T18:55:07","guid":{"rendered":"https:\/\/www.europesays.com\/fi\/72150\/"},"modified":"2025-10-25T18:55:07","modified_gmt":"2025-10-25T18:55:07","slug":"etsivat-jarkyttyivat-masked-paljastuksesta-pyydan-anteeksi","status":"publish","type":"post","link":"https:\/\/www.europesays.com\/fi\/72150\/","title":{"rendered":"Etsiv\u00e4t j\u00e4rkyttyiv\u00e4t Masked-paljastuksesta: &#8221;Pyyd\u00e4n anteeksi&#8221;"},"content":{"rendered":"<p><strong class=\"typography-bold\">Masked Singer Suomi -kauden kahdeksannessa jaksossa paljastus h\u00e4kellytti etsiv\u00e4t.\u00a0<\/strong><\/p>\n<p><a class=\"underline\" data-testid=\"internal-link\" role=\"link\" data-sentry-element=\"Link\" data-sentry-component=\"InternalLink\" data-sentry-source-file=\"InternalLink.tsx\" href=\"https:\/\/www.mtvuutiset.fi\/aihe\/ile-uusivuori\/7152010\" rel=\"nofollow noopener\" target=\"_blank\"><strong class=\"typography-bold\">Ile Uusivuoren<\/strong><\/a> luotsaaman <a class=\"underline\" data-testid=\"internal-link\" role=\"link\" data-sentry-element=\"Link\" data-sentry-component=\"InternalLink\" data-sentry-source-file=\"InternalLink.tsx\" href=\"https:\/\/www.mtvuutiset.fi\/aihe\/masked-singer-suomi\/7705334\" rel=\"nofollow noopener\" target=\"_blank\">Masked Singer Suomi<\/a>\u00a0-sarjan 7. tuotantokauden jaksoja seurataan t\u00e4n\u00e4 syksyn\u00e4 Maikkarilla. Etsiv\u00e4paneelin vakioj\u00e4senin\u00e4 uudella kaudella hahmoja arvuuttelevat <a class=\"underline\" data-testid=\"internal-link\" role=\"link\" data-sentry-element=\"Link\" data-sentry-component=\"InternalLink\" data-sentry-source-file=\"InternalLink.tsx\" href=\"https:\/\/www.mtvuutiset.fi\/aihe\/janne-kataja\/2839834\" rel=\"nofollow noopener\" target=\"_blank\"><strong class=\"typography-bold\">Janne Kataja<\/strong><\/a>, <a class=\"underline\" data-testid=\"internal-link\" role=\"link\" data-sentry-element=\"Link\" data-sentry-component=\"InternalLink\" data-sentry-source-file=\"InternalLink.tsx\" href=\"https:\/\/www.mtvuutiset.fi\/aihe\/jenni-poikelus\/7165300\" rel=\"nofollow noopener\" target=\"_blank\"><strong class=\"typography-bold\">Jenni Poikelus<\/strong><\/a><strong class=\"typography-bold\">\u00a0<\/strong>ja <a class=\"underline\" data-testid=\"internal-link\" role=\"link\" data-sentry-element=\"Link\" data-sentry-component=\"InternalLink\" data-sentry-source-file=\"InternalLink.tsx\" href=\"https:\/\/www.mtvuutiset.fi\/aihe\/benjamin-peltonen\/7143226\" rel=\"nofollow noopener\" target=\"_blank\"><strong class=\"typography-bold\">Benjamin Peltonen<\/strong><\/a>.\u00a0<\/p>\n<p>Vierailevana etsiv\u00e4n\u00e4 kahdeksannessa jaksossa n\u00e4htiin omalla kaudellaan Hodarina kisannut <\/p>\n","protected":false},"excerpt":{"rendered":"Masked Singer Suomi -kauden kahdeksannessa jaksossa paljastus h\u00e4kellytti etsiv\u00e4t.\u00a0 Ile Uusivuoren luotsaaman Masked Singer Suomi\u00a0-sarjan 7. tuotantokauden jaksoja&hellip;\n","protected":false},"author":2,"featured_media":72151,"comment_status":"","ping_status":"","sticky":false,"template":"","format":"standard","meta":{"footnotes":""},"categories":[133],"tags":[137,33,31,30,32,206,156,109],"class_list":{"0":"post-72150","1":"post","2":"type-post","3":"status-publish","4":"format-standard","5":"has-post-thumbnail","7":"category-televisiot","8":"tag-entertainment","9":"tag-fi","10":"tag-finland","11":"tag-finnish","12":"tag-suomi","13":"tag-televisiot","14":"tag-tv","15":"tag-viihde"},"share_on_mastodon":{"url":"https:\/\/pubeurope.com\/@fi\/115436331026687529","error":""},"_links":{"self":[{"href":"https:\/\/www.europesays.com\/fi\/wp-json\/wp\/v2\/posts\/72150","targetHints":{"allow":["GET"]}}],"collection":[{"href":"https:\/\/www.europesays.com\/fi\/wp-json\/wp\/v2\/posts"}],"about":[{"href":"https:\/\/www.europesays.com\/fi\/wp-json\/wp\/v2\/types\/post"}],"author":[{"embeddable":true,"href":"https:\/\/www.europesays.com\/fi\/wp-json\/wp\/v2\/users\/2"}],"replies":[{"embeddable":true,"href":"https:\/\/www.europesays.com\/fi\/wp-json\/wp\/v2\/comments?post=72150"}],"version-history":[{"count":0,"href":"https:\/\/www.europesays.com\/fi\/wp-json\/wp\/v2\/posts\/72150\/revisions"}],"wp:featuredmedia":[{"embeddable":true,"href":"https:\/\/www.europesays.com\/fi\/wp-json\/wp\/v2\/media\/72151"}],"wp:attachment":[{"href":"https:\/\/www.europesays.com\/fi\/wp-json\/wp\/v2\/media?parent=72150"}],"wp:term":[{"taxonomy":"category","embeddable":true,"href":"https:\/\/www.europesays.com\/fi\/wp-json\/wp\/v2\/categories?post=72150"},{"taxonomy":"post_tag","embeddable":true,"href":"https:\/\/www.europesays.com\/fi\/wp-json\/wp\/v2\/tags?post=72150"}],"curies":[{"name":"wp","href":"https:\/\/api.w.org\/{rel}","templated":true}]}}