{"id":72163,"date":"2025-10-25T19:18:09","date_gmt":"2025-10-25T19:18:09","guid":{"rendered":"https:\/\/www.europesays.com\/fi\/72163\/"},"modified":"2025-10-25T19:18:09","modified_gmt":"2025-10-25T19:18:09","slug":"nayttelija-stephen-lang-paljastaa-seiskalle-pitkan-parisuhteensa-salaisuuden","status":"publish","type":"post","link":"https:\/\/www.europesays.com\/fi\/72163\/","title":{"rendered":"N\u00e4yttelij\u00e4 Stephen Lang paljastaa Seiskalle pitk\u00e4n parisuhteensa salaisuuden"},"content":{"rendered":"<p class=\"article-content article-content-width !bg-background\">Yhdysvaltalainen n\u00e4yttelij\u00e4 <a alt=\"Haku\" class=\"text-primary-red font-extrabold\" href=\"https:\/\/www.seiska.fi\/haku?q=Stephen Lang\" rel=\"nofollow noopener\" target=\"_blank\">Stephen Lang<\/a>, 73, on t\u00e4hditt\u00e4nyt yli 120 elokuvaa ja tv-sarjaa.\u00a0<\/p>\n<p class=\"article-content article-content-width !bg-background\">Parhaiten h\u00e4net muistetaan Avatar -fantasiaj\u00e4ttien eversti Miles Quaritchin roolista. Lis\u00e4ksi h\u00e4n on ollut mukana esimerkiksi Terra Nova -scifi-sarjassa (2011) sek\u00e4 vuoden 2011 Conan Barbaari -leffan uusintaversiossa.\u00a0<\/p>\n<p class=\"article-content article-content-width !bg-background\">Monille suomalaisille Stephen on kuitenkin tullut todella tutuksi vasta liitytty\u00e4\u00e4n <a alt=\"Haku\" class=\"text-primary-red font-extrabold\" href=\"https:\/\/www.seiska.fi\/haku?q=Jalmari Helanderin\" rel=\"nofollow noopener\" target=\"_blank\">Jalmari Helanderin<\/a> ohjaamien Sisu-menestystarinoiden tekij\u00e4tiimiin.\u00a0<\/p>\n<p>Kylm\u00e4\u00e4 kyyti\u00e4<\/p>\n<p class=\"article-content article-content-width !bg-background\">Toimintat\u00e4hti vieraili hiljattain Suomessa, ja Seiska tapasi t\u00e4m\u00e4n Sisu 2 -elokuvan kutsuvierastilaisuudessa.\u00a0<\/p>\n<p>                <img decoding=\"async\" src=\"https:\/\/www.europesays.com\/fi\/wp-content\/uploads\/2025\/10\/1970725.webp\" width=\"576\" height=\"720\" alt=\"Stephen n\u00e4yttelee puna-armeijan kapteenia, jonka tavoitteena on tuhota sisukas Aatami Korpi (Jorma Tommila).\" loading=\"lazy\" \/>            <\/p>\n<p>\n            Stephen n\u00e4yttelee puna-armeijan kapteenia, jonka tavoitteena on tuhota sisukas Aatami Korpi (Jorma Tommila).<br \/>\n            Timo Korhonen\n        <\/p>\n<p class=\"article-content article-content-width !bg-background\">Stephenin mukaan Jalmari kertoi h\u00e4nelle suomalaisesta saunakulttuurista kaksikon ty\u00f6skennelless\u00e4 yhdess\u00e4.\u00a0<\/p>\n<p class=\"article-content article-content-width !bg-background\">Nyt jenkkit\u00e4hti p\u00e4\u00e4si kokemaan sen my\u00f6s itse. H\u00e4n paljastaa vierailleensa kylpyl\u00e4ss\u00e4 ennen punaiselle matolle saapumistaan.\u00a0<\/p>\n<p class=\"article-content article-content-width !bg-background\">\u2013 K\u00e4vin saunassa ja tein kolme pulahdusta kylm\u00e4altaaseen, Stephen kertoo innostuneena.\u00a0<\/p>\n<p>Hollywood-harvinaisuus<\/p>\n<p class=\"article-content article-content-width !bg-background\">Stephenin mukana pohjolaan matkusti t\u00e4m\u00e4n vaimo <a alt=\"Haku\" class=\"text-primary-red font-extrabold\" href=\"https:\/\/www.seiska.fi\/haku?q=Kristina Watson\" rel=\"nofollow noopener\" target=\"_blank\">Kristina Watson<\/a>. Pariskunta on pit\u00e4nyt yht\u00e4 1970 -luvulta saakka. Kes\u00e4ll\u00e4 he viettiv\u00e4t jo 45. h\u00e4\u00e4p\u00e4iv\u00e4\u00e4ns\u00e4.\u00a0<\/p>\n<p>                <img decoding=\"async\" src=\"https:\/\/www.europesays.com\/fi\/wp-content\/uploads\/2025\/10\/1970723.webp\" width=\"576\" height=\"322\" alt=\"Stephenill\u00e4 ja Kristinalla on nelj\u00e4 lasta.\" loading=\"lazy\" \/>            <\/p>\n<p>\n            Stephenill\u00e4 ja Kristinalla on nelj\u00e4 lasta.<br \/>\n            Timo Korhonen\n        <\/p>\n<p class=\"article-content article-content-width !bg-background\">Vuosikymmeni\u00e4 kest\u00e4neet liitot ovat Hollywoodissa melkoinen harvinaisuus. Stephenin mukaan avain onnistuneeseen suhteeseen on simppeli.<\/p>\n<p class=\"article-content article-content-width !bg-background\">\u2013 Sano kyll\u00e4, aina kun mahdollista, n\u00e4yttelij\u00e4 toteaa hymyillen.\u00a0<\/p>\n<p class=\"article-content article-content-width !bg-background\">\u2013 Sitten kun joskus sanookin ei, se todella merkitsee jotakin, h\u00e4n lis\u00e4\u00e4.\u00a0<\/p>\n","protected":false},"excerpt":{"rendered":"Yhdysvaltalainen n\u00e4yttelij\u00e4 Stephen Lang, 73, on t\u00e4hditt\u00e4nyt yli 120 elokuvaa ja tv-sarjaa.\u00a0 Parhaiten h\u00e4net muistetaan Avatar -fantasiaj\u00e4ttien eversti&hellip;\n","protected":false},"author":2,"featured_media":72164,"comment_status":"","ping_status":"","sticky":false,"template":"","format":"standard","meta":{"footnotes":""},"categories":[136],"tags":[1092,9179,407,15797,155,137,33,31,30,104,1487,408,1496,98,15796,3298,4468,32,15798,3214,6137,109],"class_list":{"0":"post-72163","1":"post","2":"type-post","3":"status-publish","4":"format-standard","5":"has-post-thumbnail","7":"category-julkkikset","8":"tag-avatar","9":"tag-avautuminen","10":"tag-celebrities","11":"tag-donapost-breathe","12":"tag-elokuvat","13":"tag-entertainment","14":"tag-fi","15":"tag-finland","16":"tag-finnish","17":"tag-helsinki","18":"tag-jalmari-helander","19":"tag-julkkikset","20":"tag-parisuhde","21":"tag-perhe","22":"tag-sauna","23":"tag-sisu-2","24":"tag-stephen-lang","25":"tag-suomi","26":"tag-terra-nova","27":"tag-toimintaelokuva","28":"tag-vaimo","29":"tag-viihde"},"share_on_mastodon":{"url":"https:\/\/pubeurope.com\/@fi\/115436421435681283","error":""},"_links":{"self":[{"href":"https:\/\/www.europesays.com\/fi\/wp-json\/wp\/v2\/posts\/72163","targetHints":{"allow":["GET"]}}],"collection":[{"href":"https:\/\/www.europesays.com\/fi\/wp-json\/wp\/v2\/posts"}],"about":[{"href":"https:\/\/www.europesays.com\/fi\/wp-json\/wp\/v2\/types\/post"}],"author":[{"embeddable":true,"href":"https:\/\/www.europesays.com\/fi\/wp-json\/wp\/v2\/users\/2"}],"replies":[{"embeddable":true,"href":"https:\/\/www.europesays.com\/fi\/wp-json\/wp\/v2\/comments?post=72163"}],"version-history":[{"count":0,"href":"https:\/\/www.europesays.com\/fi\/wp-json\/wp\/v2\/posts\/72163\/revisions"}],"wp:featuredmedia":[{"embeddable":true,"href":"https:\/\/www.europesays.com\/fi\/wp-json\/wp\/v2\/media\/72164"}],"wp:attachment":[{"href":"https:\/\/www.europesays.com\/fi\/wp-json\/wp\/v2\/media?parent=72163"}],"wp:term":[{"taxonomy":"category","embeddable":true,"href":"https:\/\/www.europesays.com\/fi\/wp-json\/wp\/v2\/categories?post=72163"},{"taxonomy":"post_tag","embeddable":true,"href":"https:\/\/www.europesays.com\/fi\/wp-json\/wp\/v2\/tags?post=72163"}],"curies":[{"name":"wp","href":"https:\/\/api.w.org\/{rel}","templated":true}]}}