{"id":72177,"date":"2025-10-25T19:31:08","date_gmt":"2025-10-25T19:31:08","guid":{"rendered":"https:\/\/www.europesays.com\/fi\/72177\/"},"modified":"2025-10-25T19:31:08","modified_gmt":"2025-10-25T19:31:08","slug":"teboil-pyytaa-anteeksi","status":"publish","type":"post","link":"https:\/\/www.europesays.com\/fi\/72177\/","title":{"rendered":"Teboil pyyt\u00e4\u00e4 anteeksi"},"content":{"rendered":"<p>Tiedotteessa Teboil kertoo tekev\u00e4ns\u00e4 kaikkensa varmistaakseen, ett\u00e4 toimitukset sujuvat mahdollisimman h\u00e4iri\u00f6tt\u00f6m\u00e4sti.<\/p>\n<p><img decoding=\"async\" class=\"image image-show image-preview\" src=\"https:\/\/www.europesays.com\/fi\/wp-content\/uploads\/2025\/10\/43c5b188f99f009c8918e7aa004caa321b6d70100c6c8e51476c3879045b009b.jpg\" alt=\"\"\/><img decoding=\"async\" class=\"image image-show\" src=\"https:\/\/www.europesays.com\/fi\/wp-content\/uploads\/2025\/10\/1761420668_399_43c5b188f99f009c8918e7aa004caa321b6d70100c6c8e51476c3879045b009b.jpg\" alt=\"\"\/><\/p>\n<p>Teboil pahoittelee tilannetta. KIMMO HAAPALA<\/p>\n<p class=\"paragraph\">\u00d6ljy-yhti\u00f6 Teboil on julkaissut tiedotteen, jossa yhti\u00f6 my\u00f6nt\u00e4\u00e4, ett\u00e4 tilausten toimituksissa saattaa ilmet\u00e4 viiveit\u00e4 \u201dnykytilanteesta johtuen\u201d.<\/p>\n<p class=\"paragraph\">Tiedotteessa ei yksil\u00f6id\u00e4 tarkemmin, mihin \u201dnykytilanteella\u201d viitataan. Viime p\u00e4ivin\u00e4 Teboil on kuitenkin ollut otsikoissa, kun sen omistava \u00f6ljy-yhti\u00f6 Lukoil joutui Yhdysvaltain pakotelistalle torstaina.<\/p>\n<p class=\"paragraph\">Tiedotteessa Teboil kertoo tekev\u00e4ns\u00e4 kaikkensa varmistaakseen, ett\u00e4 toimitukset \u201dsujuvat mahdollisimman h\u00e4iri\u00f6tt\u00f6m\u00e4sti ja ett\u00e4 asiakkaidemme toiminta jatkuu normaalisti\u201d.<\/p>\n<p class=\"paragraph\">\u2013 Mik\u00e4li viiv\u00e4styksi\u00e4 ilmenee, niiden tarkkaa kestoa ei ole t\u00e4ss\u00e4 vaiheessa mahdollista arvioida. Seuraamme tilannetta tiiviisti ja pyrimme ennakoimaan mahdolliset muutokset toimitusketjussa.<\/p>\n<p class=\"paragraph\">Teboil pahoittelee tilannetta ja kertoo tiedottavansa asiasta viipym\u00e4tt\u00e4, mik\u00e4li tilanteeseen tulee merkitt\u00e4vi\u00e4, toimitusaikoihin tai tuotteiden saatavuuteen vaikuttavia muutoksia.<\/p>\n<p>T\u00e4st\u00e4 on kyse<\/p>\n<p class=\"paragraph\">Yhdysvaltojen valtionvarainministeri\u00f6n ulkomaisten varojen valvontatoimisto (OFAC) asetti torstaina rajut pakotteet Ven\u00e4j\u00e4n suurimmille \u00f6ljy-yhti\u00f6ille. Niit\u00e4 ovat Rosneft Oil Company (Rosneft) ja Lukoil OAO:hon (Lukoil) sek\u00e4 n\u00e4iden tyt\u00e4ryhti\u00f6t. My\u00f6s Britannia kertoi hiljattain asettavansa sanktioita ven\u00e4l\u00e4isille \u00f6ljy-yhti\u00f6ille.<\/p>\n<p class=\"paragraph\">Pakotteiden mukaan liiketoiminta kyseisten yhti\u00f6iden kanssa on kielletty.<\/p>\n<p class=\"paragraph\">Pakotteet saattavat vaikuttaa my\u00f6s Suomen ja EU:n alueella. Tilannetta selvitet\u00e4\u00e4n parhaillaan.<\/p>\n<p class=\"paragraph\">STT uutisoi keskiviikkona, ett\u00e4 Neste on keskeytt\u00e4nyt polttoaineiden toimittamisen Teboilille. Suurin osa Teboilin polttoaineesta on hankittu Nesteelt\u00e4.<\/p>\n<p class=\"paragraph\">Nesteen viestint\u00e4johtaja <strong>Hanna Maula<\/strong> sanoi STT:lle, ettei yhti\u00f6 kommentoi asiakassuhteisiin liittyvi\u00e4 asioita.<\/p>\n<p class=\"paragraph\">\u2013 Olemme tietoisia n\u00e4ist\u00e4 sanktioista. Asia on monimutkainen, ja selvit\u00e4mme mahdollisia vaikutuksia Nesteen toimintaan, Maula sanoi STT:lle keskiviikkona.<\/p>\n<p class=\"paragraph\">Teboilin tiedotteesta kertoi ensin <a href=\"https:\/\/www.is.fi\/autot\/art-2000011584192.html\" target=\"_blank\" rel=\"noopener nofollow\">Ilta-Sanomat<\/a>.<\/p>\n","protected":false},"excerpt":{"rendered":"Tiedotteessa Teboil kertoo tekev\u00e4ns\u00e4 kaikkensa varmistaakseen, ett\u00e4 toimitukset sujuvat mahdollisimman h\u00e4iri\u00f6tt\u00f6m\u00e4sti. Teboil pahoittelee tilannetta. KIMMO HAAPALA \u00d6ljy-yhti\u00f6 Teboil&hellip;\n","protected":false},"author":2,"featured_media":72178,"comment_status":"","ping_status":"","sticky":false,"template":"","format":"standard","meta":{"footnotes":""},"categories":[12],"tags":[35,22,23,124,1628,26,27,33,31,30,6639,17,24,25,28,29,15,2538,2536,18,21,32,19,20,16],"class_list":{"0":"post-72177","1":"post","2":"type-post","3":"status-publish","4":"format-standard","5":"has-post-thumbnail","7":"category-suomi","8":"tag-24h","9":"tag-breaking-news","10":"tag-breakingnews","11":"tag-energia-sektori","12":"tag-energia-ja-energiavarat","13":"tag-featured-news","14":"tag-featurednews","15":"tag-fi","16":"tag-finland","17":"tag-finnish","18":"tag-fossiiliset-polttoaineet","19":"tag-headlines","20":"tag-latest-news","21":"tag-latestnews","22":"tag-main-news","23":"tag-mainnews","24":"tag-news","25":"tag-oljy-fossiilinen-polttoaine","26":"tag-oljy-ja-kaasu","27":"tag-otsikot","28":"tag-paauutiset","29":"tag-suomi","30":"tag-top-stories","31":"tag-topstories","32":"tag-uutiset"},"share_on_mastodon":{"url":"https:\/\/pubeurope.com\/@fi\/115436472529636453","error":""},"_links":{"self":[{"href":"https:\/\/www.europesays.com\/fi\/wp-json\/wp\/v2\/posts\/72177","targetHints":{"allow":["GET"]}}],"collection":[{"href":"https:\/\/www.europesays.com\/fi\/wp-json\/wp\/v2\/posts"}],"about":[{"href":"https:\/\/www.europesays.com\/fi\/wp-json\/wp\/v2\/types\/post"}],"author":[{"embeddable":true,"href":"https:\/\/www.europesays.com\/fi\/wp-json\/wp\/v2\/users\/2"}],"replies":[{"embeddable":true,"href":"https:\/\/www.europesays.com\/fi\/wp-json\/wp\/v2\/comments?post=72177"}],"version-history":[{"count":0,"href":"https:\/\/www.europesays.com\/fi\/wp-json\/wp\/v2\/posts\/72177\/revisions"}],"wp:featuredmedia":[{"embeddable":true,"href":"https:\/\/www.europesays.com\/fi\/wp-json\/wp\/v2\/media\/72178"}],"wp:attachment":[{"href":"https:\/\/www.europesays.com\/fi\/wp-json\/wp\/v2\/media?parent=72177"}],"wp:term":[{"taxonomy":"category","embeddable":true,"href":"https:\/\/www.europesays.com\/fi\/wp-json\/wp\/v2\/categories?post=72177"},{"taxonomy":"post_tag","embeddable":true,"href":"https:\/\/www.europesays.com\/fi\/wp-json\/wp\/v2\/tags?post=72177"}],"curies":[{"name":"wp","href":"https:\/\/api.w.org\/{rel}","templated":true}]}}