{"id":723,"date":"2025-08-11T05:12:24","date_gmt":"2025-08-11T05:12:24","guid":{"rendered":"https:\/\/www.europesays.com\/fi\/723\/"},"modified":"2025-08-11T05:12:24","modified_gmt":"2025-08-11T05:12:24","slug":"harkolammen-nayttelyssa-multialla-luonto-avittaa-taiteilijoita-ajatuksena-oli-etta-ihminen-pysahtyisi-aistimaan-keski-suomi","status":"publish","type":"post","link":"https:\/\/www.europesays.com\/fi\/723\/","title":{"rendered":"H\u00e4rk\u00f6lammen n\u00e4yttelyss\u00e4 Multialla luonto avittaa taiteilijoita: &#8221;Ajatuksena oli, ett\u00e4 ihminen pys\u00e4htyisi aistimaan&#8221; | Keski-Suomi"},"content":{"rendered":"<p>H\u00e4rk\u00f6lammella on esill\u00e4 ymp\u00e4rist\u00f6taidetta elokuun loppuun saakka.<\/p>\n<p>Multialla j\u00e4rjestet\u00e4\u00e4n jo kahdeksatta kertaa H\u00e4rk\u00f6lammen ymp\u00e4rist\u00f6taiden\u00e4yttely, jonka teemana on t\u00e4n\u00e4 vuonna Maa-Ilma Mieless\u00e4in. N\u00e4yttely on osa Multian Kes\u00e4 -tapahtumaa. Lammen ymp\u00e4rill\u00e4 on elokuun loppuun asti n\u00e4ht\u00e4vill\u00e4 20 taiteilijan teoksia. Taiteilijoita on eri puolilta Suomea, useita toki my\u00f6s Multialta. Esill\u00e4 on my\u00f6s multialaisen Kissaniemen p\u00e4iv\u00e4kodin Mesik\u00e4mmenet-ryhm\u00e4n lasten teos Tuulikello.<\/p>\n<p>\u2013\u2009Multialla on perinne t\u00e4llaiseen ymp\u00e4rist\u00f6taiteeseen, sanoo taiteilija <strong>MarjaLeena Pohjola-Valkola<\/strong>, joka on kuratoinut n\u00e4yttely\u00e4 Multialla vuodesta 2018 saakka. H\u00e4n kertoo, ett\u00e4 aiemmin Multialla j\u00e4rjestettiin vuosien ajan Tiihalan taidepolku, jossa oli niin ik\u00e4\u00e4n esill\u00e4 ymp\u00e4rist\u00f6taidetta.<\/p>\n<p>Pohjola-Valkola on kotoisin Multialta, ja asuu nykyisin Helsingiss\u00e4. H\u00e4n on Maa-Ilma Mieless\u00e4in -n\u00e4yttelyss\u00e4 mukana my\u00f6s omalla teoksellaan Maasta nousevat, luonto muuttuu. Taiteilija kertoo, ett\u00e4 Multian kunta on perinteisesti ollut mukana rahoittamassa n\u00e4yttely\u00e4 ja auttanut k\u00e4yt\u00e4nn\u00f6n j\u00e4rjestelyiss\u00e4.<\/p>\n<p>\u2013\u2009T\u00e4n\u00e4 vuonna saimme Suomen Kulttuurirahaston Keski-Suomen rahastolta apurahan n\u00e4yttelyn j\u00e4rjest\u00e4miskuluihin.<\/p>\n","protected":false},"excerpt":{"rendered":"H\u00e4rk\u00f6lammella on esill\u00e4 ymp\u00e4rist\u00f6taidetta elokuun loppuun saakka. Multialla j\u00e4rjestet\u00e4\u00e4n jo kahdeksatta kertaa H\u00e4rk\u00f6lammen ymp\u00e4rist\u00f6taiden\u00e4yttely, jonka teemana on t\u00e4n\u00e4&hellip;\n","protected":false},"author":2,"featured_media":724,"comment_status":"","ping_status":"","sticky":false,"template":"","format":"standard","meta":{"footnotes":"","_share_on_mastodon":"0"},"categories":[117],"tags":[33,31,30,104,425,753,752,379,72,754,476,118,32,485,119,477],"class_list":["post-723","post","type-post","status-publish","format-standard","has-post-thumbnail","category-luonto","tag-fi","tag-finland","tag-finnish","tag-helsinki","tag-jyvaskyla","tag-kausimarjat","tag-keuruun-seutukunta","tag-kirjallisuus","tag-luonto","tag-multia","tag-nature","tag-science","tag-suomi","tag-taide-yleista","tag-tiede","tag-wildlife"],"share_on_mastodon":{"url":"","error":""},"_links":{"self":[{"href":"https:\/\/www.europesays.com\/fi\/wp-json\/wp\/v2\/posts\/723","targetHints":{"allow":["GET"]}}],"collection":[{"href":"https:\/\/www.europesays.com\/fi\/wp-json\/wp\/v2\/posts"}],"about":[{"href":"https:\/\/www.europesays.com\/fi\/wp-json\/wp\/v2\/types\/post"}],"author":[{"embeddable":true,"href":"https:\/\/www.europesays.com\/fi\/wp-json\/wp\/v2\/users\/2"}],"replies":[{"embeddable":true,"href":"https:\/\/www.europesays.com\/fi\/wp-json\/wp\/v2\/comments?post=723"}],"version-history":[{"count":0,"href":"https:\/\/www.europesays.com\/fi\/wp-json\/wp\/v2\/posts\/723\/revisions"}],"wp:featuredmedia":[{"embeddable":true,"href":"https:\/\/www.europesays.com\/fi\/wp-json\/wp\/v2\/media\/724"}],"wp:attachment":[{"href":"https:\/\/www.europesays.com\/fi\/wp-json\/wp\/v2\/media?parent=723"}],"wp:term":[{"taxonomy":"category","embeddable":true,"href":"https:\/\/www.europesays.com\/fi\/wp-json\/wp\/v2\/categories?post=723"},{"taxonomy":"post_tag","embeddable":true,"href":"https:\/\/www.europesays.com\/fi\/wp-json\/wp\/v2\/tags?post=723"}],"curies":[{"name":"wp","href":"https:\/\/api.w.org\/{rel}","templated":true}]}}