{"id":72312,"date":"2025-10-26T00:08:11","date_gmt":"2025-10-26T00:08:11","guid":{"rendered":"https:\/\/www.europesays.com\/fi\/72312\/"},"modified":"2025-10-26T00:08:11","modified_gmt":"2025-10-26T00:08:11","slug":"ylen-radio-1sta-on-tullut-jutustelukanava","status":"publish","type":"post","link":"https:\/\/www.europesays.com\/fi\/72312\/","title":{"rendered":"Ylen Radio 1:st\u00e4 on tullut jutustelukanava"},"content":{"rendered":"<p><img decoding=\"async\" src=\"https:\/\/www.europesays.com\/fi\/wp-content\/uploads\/2025\/10\/1761437289_903_978.jpg\" alt=\"Juontaja-toimittaja Miia Lahti ty\u00f6ss\u00e4\u00e4n Radio 1:n studiossa. \" class=\"_Img_1rerz_1\" style=\"aspect-ratio:1.5\" loading=\"eager\"\/><\/p>\n<p class=\"article-picture-caption\">Juontaja-toimittaja Miia Lahti ty\u00f6ss\u00e4\u00e4n Radio 1:n studiossa.  Kuva:\u00a0Petteri Tuohinen \/ HS<\/p>\n<p>Ylen radiokanavien muutokset ovat her\u00e4tt\u00e4neet kuulijoissa vahvoja tunteita. Nelj\u00e4 median tuntijaa pohtii, millaista radio-ohjelmaa Ylen pit\u00e4isi tehd\u00e4.<\/p>\n<p>Suna Vuori: Punnittu puhe v\u00e4istyy kontentin tielt\u00e4<img decoding=\"async\" src=\"https:\/\/www.europesays.com\/fi\/wp-content\/uploads\/2025\/10\/1761437289_788_978.jpg\" alt=\"\" class=\"_Img_1rerz_1\" style=\"aspect-ratio:1.43928035982009\" loading=\"eager\"\/><\/p>\n<p class=\"article-body mb-nof-24 px-nof-16\">Tapettina ja taustakohinanakin radio operoi hyvin henkil\u00f6kohtaisella alueella. Se tulee yhdell\u00e4 kotiin, toisella autoon, kolmannella ty\u00f6paikalle eli osaksi arkea. Siksi muutokset ohjelmavirrassa ovat niin vaikeita: ne osuvat kuulijoiden turvallisuudentunteeseen ja horjuttavat luottamusta asioiden pysyvyyteen.<\/p>\n<p class=\"article-body mb-nof-24 px-nof-16\">Ajassa, jossa ammattitaitoisesti toimitetut asiasis\u00e4ll\u00f6t kaikkialla v\u00e4henev\u00e4t ja yhdentekev\u00e4 \u201dkontentti\u201d lis\u00e4\u00e4ntyy, Ylen Radio 1 on muodostanut ilmatilan, jossa keski-ik\u00e4inen, koulutettu, kulttuuria kuluttava arvoliberaali on voinut olla omiensa joukossa. Eik\u00f6 meid\u00e4n voisi vain antaa olla siell\u00e4, laatumediahaaveinemme, muita h\u00e4iritsem\u00e4tt\u00e4?<\/p>\n<p class=\"article-body mb-nof-24 px-nof-16\">Ilmeisesti ei. Hyvin pohjustetut puheohjelmat, huolellinen kieli, punnittu yhteiskunnallinen analyysi, klassinen musiikki \u2013 kaikki t\u00e4m\u00e4 on populististen trendien ajassa vahvassa vastatuulessa. Se ett\u00e4 Yle uudistuksillaan seuraa n\u00e4it\u00e4 trendej\u00e4, tuntuu periksi antamiselta.<\/p>\n<p class=\"article-body mb-nof-24 px-nof-16\">Julkisen palvelun Yleisradiolla pit\u00e4isi olla edes yksi kanava sivist\u00e4ville ja syvent\u00e4ville sis\u00e4ll\u00f6ille. Niist\u00e4 v\u00e4hin erin luopumalla ei h\u00e4lvennet\u00e4 vaan kasvatetaan poliittisesti tarkoitushakuista vastakkainasettelua \u201deliitin\u201d ja \u201dkansan\u201d v\u00e4lill\u00e4. Kenen etua se palveleekaan?<\/p>\n<p class=\"article-body nof-ui-body-medium mb-nof-24 px-nof-16\">Kirjoittaja on journalisti ja kulttuurialan viestint\u00e4yritt\u00e4j\u00e4.<\/p>\n<p>Teppo Turkki: Radio on syv\u00e4 ja intiimi media<img decoding=\"async\" src=\"https:\/\/www.europesays.com\/fi\/wp-content\/uploads\/2025\/10\/1761437290_834_978.jpg\" alt=\"\" class=\"_Img_1rerz_1\" style=\"aspect-ratio:1.7777777777777777\" loading=\"eager\"\/><\/p>\n<p class=\"article-body mb-nof-24 px-nof-16\">Radion voima on kyky rakentaa henkil\u00f6kohtainen, innostava ja l\u00e4mmin suhde kuulijoihin. Ja olen aina ajatellut, ett\u00e4 Ylen salaisin ase on klassinen musiikki.<\/p>\n<p class=\"article-body mb-nof-24 px-nof-16\">Ranskalaisen France Culturen missio on kirkas: syv\u00e4llisi\u00e4 sis\u00e4lt\u00f6j\u00e4 ja \u00e4\u00e4ni\u00e4 Ranskan ja maailman kulttuuriperinn\u00f6st\u00e4, uteliaita keskusteluja historiallisista, filosofisista, yhteiskunnallisista ja tieteellisist\u00e4 teemoista.<\/p>\n<p class=\"article-body mb-nof-24 px-nof-16\">Olen tehnyt satoja tunteja radio-ohjelmaa ja tied\u00e4n, kuinka syv\u00e4 ja intiimi radio mediana on. Studiossa syntyi usein tunne yhteisest\u00e4 matkasta kuulijan kanssa, radioyst\u00e4vyydest\u00e4, jossa peilattiin rinnakkain aikaa ja el\u00e4m\u00e4n virtaa.<\/p>\n<p class=\"article-body mb-nof-24 px-nof-16\">Julkisen palvelun radion tulisi anteeksi pyyt\u00e4m\u00e4tt\u00e4 vaalia suomalaista ja eurooppalaista kulttuuria. Olla foorumi nykykulttuurille, historiaa ja ymp\u00e4r\u00f6iv\u00e4\u00e4 maailmaa heijastaville moni\u00e4\u00e4nisille keskusteluille, radiodokumenteille, kirjallisuusdebateille ja kokeellisille radiotuotannoille.<\/p>\n<p class=\"article-body mb-nof-24 px-nof-16\">Ylen Radio 1:n pit\u00e4isi olla ajan hermolla my\u00f6s uutisten ja maailman murroksen suhteen. Kulttuurinen radiokanava kykenee tulkitsemaan uutisia omista n\u00e4k\u00f6kulmistaan ja ilmi\u00f6it\u00e4 syvent\u00e4v\u00e4ll\u00e4 otteella. Miksei Yle k\u00e4ynnist\u00e4 klassisen musiikin kanavaa? Radio 1 keskittyisi puheohjelmiin, joissa otteena olisi sivistys, ajankohtainen ter\u00e4vyys ja radioilmaisun inhimillisyys.<\/p>\n<p class=\"article-body nof-ui-body-medium mb-nof-24 px-nof-16\">Kirjoittaja on tutkija.<\/p>\n<p>Timo Soini: Konservatiivinen kanava kiinnostaisi kaikkia<img decoding=\"async\" src=\"https:\/\/www.europesays.com\/fi\/wp-content\/uploads\/2025\/10\/1761437290_712_978.jpg\" alt=\"\" class=\"_Img_1rerz_1\" style=\"aspect-ratio:1.7777777777777777\" loading=\"eager\"\/><\/p>\n<p class=\"article-body mb-nof-24 px-nof-16\">Yle on resursseiltaan ylivoimainen. Sill\u00e4 on valtakunnallinen br\u00e4ndi, taajuudet ja kuuluvuus. Ei tarvitse kuin ajaa. Kenenk\u00e4\u00e4n ei tarvitse kanavaa etsi\u00e4. Se l\u00f6yt\u00e4\u00e4 sinut. Kysymys on siit\u00e4, onko ideaa ja tarkoitus.<\/p>\n<p class=\"article-body mb-nof-24 px-nof-16\">Ylen ei pid\u00e4 valistaa, saati sponsoroida oikeita mielipiteit\u00e4. Ei sellaisia ole olemassa. On vain mielipiteit\u00e4, erilaisia. Sietoa ja sitkoa lis\u00e4\u00e4. Konservatismi on t\u00e4m\u00e4n p\u00e4iv\u00e4n kapinaa. Hyvin sy\u00f6tetyn \u00e4lymyst\u00f6n narinaa ei kukaan tuota kaupallisissa podcasteissa eik\u00e4 kukaan kuuntele Ylen kanavilla.<\/p>\n<p class=\"article-body mb-nof-24 px-nof-16\">Kyll\u00e4 kansa tiet\u00e4\u00e4 kuitenkin. Radio Suomessa on kansanradio. Miljoona k\u00e4rp\u00e4st\u00e4 ei ole v\u00e4\u00e4r\u00e4ss\u00e4. Kanavaa, jota kukaan ei kuuntele, on turha kustantaa, edes veronmaksajien varoilla.<\/p>\n<p class=\"article-body mb-nof-24 px-nof-16\">Jos p\u00e4\u00e4st\u00e4isitte irti ohjelman, jossa voisi ylpe\u00e4sti sanoa, ett\u00e4 Suomen ongelmat ratkeavat kahdella toimenpiteell\u00e4: kirkot t\u00e4yteen ihmisi\u00e4 ja perheet t\u00e4yteen lapsia. Kamalaa! Sellainen kanava olisi kaikkien huulilla. Her\u00e4t\u00e4 mielenkiinto ja volyymit kaakkoon.<\/p>\n<p class=\"article-body nof-ui-body-medium mb-nof-24 px-nof-16\">Kirjoittaja on entinen ulkoministeri.<\/p>\n<p>Anu Koivunen: Sis\u00e4ll\u00f6t yhdenmukaistuvat ja niukkenevat<img decoding=\"async\" src=\"https:\/\/www.europesays.com\/fi\/wp-content\/uploads\/2025\/10\/1761437291_61_978.jpg\" alt=\"\" class=\"_Img_1rerz_1\" style=\"aspect-ratio:1.792717086834734\" loading=\"eager\"\/><\/p>\n<p class=\"article-body mb-nof-24 px-nof-16\">Mediakulutus rakentuu rutiineista. Siksi Ykk\u00f6saamun vaihtuminen \u201chyv\u00e4ntuuliseksi\u201d tarkoitetuksi puhemusiikkiohjelmaksi on Yle 1:n vakikuuntelijoille yht\u00e4 suuri murros kuin jos viestipalvelu X:n trollit tunkeutuisivat Instagram-feediin. Radio Suomen kanavalla ajankohtaisjournalismia etsiv\u00e4 hukkuu samaan jutusteluun, jota kaikki kaupalliset kanavatkin ovat t\u00e4ynn\u00e4.<\/p>\n<p class=\"article-body mb-nof-24 px-nof-16\">Yle muokkaa Radio Suomen ja Radio 1:n tarjontaa vedoten sek\u00e4 rahoitusleikkauksiin ett\u00e4 \u201cty\u00f6njaon parantamiseen\u201d, mutta kuuntelijan n\u00e4k\u00f6kulmasta br\u00e4ndin kirkastaminen voi tuntua hylk\u00e4\u00e4miselt\u00e4.<\/p>\n<p class=\"article-body mb-nof-24 px-nof-16\">Klassisen musiikin asema ei ole Yless\u00e4 mitenk\u00e4\u00e4n uhattuna, mutta toimitetun puheohjelman asema on. Otsikko-ohjelmia ja podcasteja tuotetaan entist\u00e4 v\u00e4hemm\u00e4n, olipa kyse ajankohtais- tai kulttuurijournalismista. Sis\u00e4ll\u00f6t yhdenmukaistuvat ja niukkenevat. Ykk\u00f6saamu kierr\u00e4tt\u00e4\u00e4 aamutelevision keskustelut, ja jopa uutisl\u00e4hetykset kutistuvat juontaja-toimittajien jutustelun tielt\u00e4. Ero Ruotsin P1-kanavaan tai BBC 4:n ohjelmakarttaan on valtava.<\/p>\n<p class=\"article-body mb-nof-24 px-nof-16\">Niin yleisradioaatteen kuin Yle-lainkin mukaisesti ohjelmaty\u00f6n teht\u00e4v\u00e4 on kirkas: informoida, sivist\u00e4\u00e4 ja viihdytt\u00e4\u00e4. Vaikka algoritminen kulutus samanlaistaa kaikkea, Ylen teht\u00e4v\u00e4 on olla erilainen: kehitt\u00e4\u00e4, erottautua ja uskaltaa. My\u00f6s radiossa.<\/p>\n<p class=\"article-body nof-ui-body-medium mb-nof-24 px-nof-16\">Kirjoittaja on mediatutkija.<\/p>\n","protected":false},"excerpt":{"rendered":"Juontaja-toimittaja Miia Lahti ty\u00f6ss\u00e4\u00e4n Radio 1:n studiossa. Kuva:\u00a0Petteri Tuohinen \/ HS Ylen radiokanavien muutokset ovat her\u00e4tt\u00e4neet kuulijoissa vahvoja&hellip;\n","protected":false},"author":2,"featured_media":72313,"comment_status":"","ping_status":"","sticky":false,"template":"","format":"standard","meta":{"footnotes":""},"categories":[132],"tags":[137,33,31,30,46,195,47,32,109],"class_list":{"0":"post-72312","1":"post","2":"type-post","3":"status-publish","4":"format-standard","5":"has-post-thumbnail","7":"category-musiikki","8":"tag-entertainment","9":"tag-fi","10":"tag-finland","11":"tag-finnish","12":"tag-helsingin-sanomat","13":"tag-music","14":"tag-musiikki","15":"tag-suomi","16":"tag-viihde"},"share_on_mastodon":{"url":"https:\/\/pubeurope.com\/@fi\/115437561772353969","error":""},"_links":{"self":[{"href":"https:\/\/www.europesays.com\/fi\/wp-json\/wp\/v2\/posts\/72312","targetHints":{"allow":["GET"]}}],"collection":[{"href":"https:\/\/www.europesays.com\/fi\/wp-json\/wp\/v2\/posts"}],"about":[{"href":"https:\/\/www.europesays.com\/fi\/wp-json\/wp\/v2\/types\/post"}],"author":[{"embeddable":true,"href":"https:\/\/www.europesays.com\/fi\/wp-json\/wp\/v2\/users\/2"}],"replies":[{"embeddable":true,"href":"https:\/\/www.europesays.com\/fi\/wp-json\/wp\/v2\/comments?post=72312"}],"version-history":[{"count":0,"href":"https:\/\/www.europesays.com\/fi\/wp-json\/wp\/v2\/posts\/72312\/revisions"}],"wp:featuredmedia":[{"embeddable":true,"href":"https:\/\/www.europesays.com\/fi\/wp-json\/wp\/v2\/media\/72313"}],"wp:attachment":[{"href":"https:\/\/www.europesays.com\/fi\/wp-json\/wp\/v2\/media?parent=72312"}],"wp:term":[{"taxonomy":"category","embeddable":true,"href":"https:\/\/www.europesays.com\/fi\/wp-json\/wp\/v2\/categories?post=72312"},{"taxonomy":"post_tag","embeddable":true,"href":"https:\/\/www.europesays.com\/fi\/wp-json\/wp\/v2\/tags?post=72312"}],"curies":[{"name":"wp","href":"https:\/\/api.w.org\/{rel}","templated":true}]}}