{"id":72351,"date":"2025-10-26T01:33:53","date_gmt":"2025-10-26T01:33:53","guid":{"rendered":"https:\/\/www.europesays.com\/fi\/72351\/"},"modified":"2025-10-26T01:33:53","modified_gmt":"2025-10-26T01:33:53","slug":"matias-petaisto-kohtasi-suuren-surun","status":"publish","type":"post","link":"https:\/\/www.europesays.com\/fi\/72351\/","title":{"rendered":"Matias Pet\u00e4ist\u00f6 kohtasi suuren surun"},"content":{"rendered":"<p>            ATTE KAJOVA\n        <\/p>\n<p class=\"subtitle \">Matiasta on kohdannut suuri suru.<\/p>\n<p class=\"article-content article-content-width !bg-background\">Erikoisjoukot-ohjelmasta tuttu kuntoiluyritt\u00e4j\u00e4  kertoo h\u00e4nt\u00e4 kohdanneesta suuresta surusta Instagramissa.\u00a0<\/p>\n<p class=\"font-weight-bold m-font-weight-bold article-content article-content-width !bg-background\">Arkistovideolla Matias kertoo el\u00e4inrakkaudestaan:<\/p>\n<p class=\"article-content article-content-width !bg-background\">El\u00e4inrakkaana miehen\u00e4 tunnettu Matias on joutunut sanomaan lopulliset hyv\u00e4stit saksanpaimenkoiralleen Rossille.\u00a0<\/p>\n<p>Vaikea p\u00e4\u00e4t\u00f6s<\/p>\n<p class=\"article-content article-content-width !bg-background\">Matias paljastaa torstaisessa (23.10.) somejulkaisussaan, ett\u00e4 <a href=\"https:\/\/www.instagram.com\/p\/DQKM9STDKeX\/?utm_source=ig_web_copy_link&amp;igsh=MzRlODBiNWFlZA%3D%3D&amp;img_index=7\" target=\"_blank\" rel=\"nofollow noopener\">koiralla oli raajassa laaja hermovaurio<\/a>.\u00a0<\/p>\n<p>                <img decoding=\"async\" src=\"https:\/\/www.europesays.com\/fi\/wp-content\/uploads\/2025\/10\/1972016.webp\" width=\"576\" height=\"720\" alt=\"Matias joutui kohtaamaan jokaisen lemmikinomistajan pahimman pelon.\" loading=\"lazy\" \/>            <\/p>\n<p>\n            Matias joutui kohtaamaan jokaisen lemmikinomistajan pahimman pelon.<br \/>\n            Timo Korhonen\n        <\/p>\n<p class=\"article-content article-content-width !bg-background\">\u2013\u00a0Rossi oli minun el\u00e4m\u00e4ni koira. Rossi n\u00e4ytti esimerkill\u00e4\u00e4n minulle ja kaikille, jotka siihen p\u00e4\u00e4siv\u00e4t tutustumaan, miten hommat pit\u00e4\u00e4 hoitaa ja el\u00e4m\u00e4\u00e4 el\u00e4\u00e4, koko sen ajan kun minulla on ollu vaikeimmat hetket el\u00e4m\u00e4ss\u00e4, Matias kirjoittaa koskettavasti.<\/p>\n<p>        <a itemprop=\"url\" href=\"https:\/\/www.seiska.fi\/kotimaa\/matias-petaistolta-raju-paljastus\/1960660\" rel=\"nofollow noopener\" target=\"_blank\"><\/p>\n<p>\nMatias Pet\u00e4ist\u00f6\n<\/p>\n<p class=\"section-date\">\n        <strong class=\"article-section\" data-section=\"kotimaa\"><br \/>\n            kotimaa<br \/>\n        <\/strong><br \/>\n        14.10. 17:00\n    <\/p>\n<p>Matias Pet\u00e4ist\u00f6lt\u00e4 raju paljastus\n    <\/p>\n<p itemprop=\"description\" class=\"subtitle \">\n    Matias kertoo, mik\u00e4 kuluneessa vuodessa on ollut parasta.\n<\/p>\n<p>        <\/a><\/p>\n<p class=\"article-content article-content-width !bg-background\">Matias julkaisi suru-uutisensa yhteydess\u00e4 kuvakarusellin, jonka p\u00e4\u00e4osassa on edesmennyt Rossi. Otoksista n\u00e4kee, ett\u00e4 seefferi on ollut aktiivinen osa Matiaksen el\u00e4m\u00e4\u00e4.<\/p>\n<p>&#8221;Aina osa laumaa&#8221;<\/p>\n<p class=\"article-content article-content-width !bg-background\">Matiaksella on my\u00f6s kaksi muuta koiraa, Aspen ja Bravo. Rossia tv-t\u00e4hti kuvailee niin pelottomaksi, ett\u00e4 se s\u00f6i halutessaan jopa kavereidensa ruoat.\u00a0<\/p>\n<p class=\"article-content article-content-width !bg-background\">\u2013\u00a0Se n\u00e4ytti, ettei anna vittuakaan vaikuttaa mink\u00e4\u00e4n paskan el\u00e4m\u00e4ss\u00e4, kunhan mindset on oikea, oli sitten nelj\u00e4 tai kolme jalkaa k\u00e4yt\u00f6ss\u00e4, Matias kuvailee lemmikki\u00e4\u00e4n.<\/p>\n<p class=\"article-content article-content-width !bg-background\">\u2013 Rossi oli ja on aina osa laumaa.\u00a0<\/p>\n<p>        <a itemprop=\"url\" href=\"https:\/\/www.seiska.fi\/kotimaa\/ylen-toimittajakaunotar-ja-erikoisjoukot-tahti-matias-petaisto-viihtyvat-yhdessa-onko-taa-sun-uus-pano\/1957726\" rel=\"nofollow noopener\" target=\"_blank\"><\/p>\n<p>\n&#8221;Onko t\u00e4\u00e4 sun uus pano&#8221;\n<\/p>\n<p class=\"section-date\">\n        <strong class=\"article-section\" data-section=\"kotimaa\"><br \/>\n            kotimaa<br \/>\n        <\/strong><br \/>\n        10.10. 12:29\n    <\/p>\n<p>Ylen toimittajakaunotar ja Erikoisjoukot-t\u00e4hti Matias Pet\u00e4ist\u00f6 viihtyv\u00e4t yhdess\u00e4: &#8221;Onko t\u00e4\u00e4 sun uus pano?&#8221;\n    <\/p>\n<p itemprop=\"description\" class=\"subtitle \">\n    Noora ja Matias tapasivat Erikoisjoukkojen kuvauksissa. Parivaljakko viett\u00e4\u00e4 yh\u00e4 aikaa yhdess\u00e4.\n<\/p>\n<p>        <\/a><\/p>\n<p>Julkimot ja fanit tukena<\/p>\n<p class=\"article-content article-content-width !bg-background\">Matias ei ole surunsa kanssa yksin. Julkaisun kommenttikentt\u00e4\u00e4n on sadellut viestej\u00e4, joiden kirjoittajat ottavat osaa Matiaksen menetykseen.\u00a0<\/p>\n<p class=\"article-content article-content-width !bg-background\">\u2013 Voimia veli, Erikoisjoukot -valmentaja  kirjoittaa.\u00a0<\/p>\n<p class=\"article-content article-content-width !bg-background\">Kommenttinsa ovat j\u00e4tt\u00e4neet my\u00f6s muun muassa ,  ja . Niin ik\u00e4\u00e4n  on kommentoinut julkaisua s\u00e4rkyneill\u00e4 syd\u00e4n -emojeilla.\u00a0<\/p>\n<p>        <a itemprop=\"url\" href=\"https:\/\/www.seiska.fi\/kotimaa\/erikoisjoukot-kouluttajan-kohuerossa-yllattava-kaanne\/1953824\" rel=\"nofollow noopener\" target=\"_blank\"><\/p>\n<p>\nErikoisjoukot-kouluttajan kohuero\n<\/p>\n<p class=\"section-date\">\n        <strong class=\"article-section\" data-section=\"kotimaa\"><br \/>\n            kotimaa<br \/>\n        <\/strong><br \/>\n        7.10. 16:00\n    <\/p>\n<p>Erikoisjoukot-kouluttajan kohuerossa yll\u00e4tt\u00e4v\u00e4 k\u00e4\u00e4nne\n    <\/p>\n<p itemprop=\"description\" class=\"subtitle \">\n    Matias on ottanut ohjat haltuunsa liittyen avioeron etenemiseen.\n<\/p>\n<p>        <\/a><\/p>\n<p class=\"italic m-italic article-content article-content-width !bg-background\">Jos upotus ei n\u00e4y, <a href=\"https:\/\/www.instagram.com\/p\/DQKM9STDKeX\/?utm_source=ig_web_copy_link&amp;igsh=MzRlODBiNWFlZA%3D%3D&amp;img_index=4\" target=\"_blank\" rel=\"nofollow noopener\">n\u00e4et julkaisun t\u00e4\u00e4lt\u00e4<\/a>.\u00a0<\/p>\n<p><script async src=\"\/\/www.instagram.com\/embed.js\"><\/script><\/p>\n","protected":false},"excerpt":{"rendered":"ATTE KAJOVA Matiasta on kohdannut suuri suru. Erikoisjoukot-ohjelmasta tuttu kuntoiluyritt\u00e4j\u00e4 kertoo h\u00e4nt\u00e4 kohdanneesta suuresta surusta Instagramissa.\u00a0 Arkistovideolla Matias&hellip;\n","protected":false},"author":2,"featured_media":72352,"comment_status":"","ping_status":"","sticky":false,"template":"","format":"standard","meta":{"footnotes":""},"categories":[76],"tags":[15821,15820,79,77,2159,33,31,30,15819,2155,3434,3427,2878,2156,9182,5314,15818,32,2086,78,109],"class_list":{"0":"post-72351","1":"post","2":"type-post","3":"status-publish","4":"format-standard","5":"has-post-thumbnail","7":"category-talous","8":"tag-aspen","9":"tag-bravo","10":"tag-business","11":"tag-economy","12":"tag-erikoisjoukot","13":"tag-fi","14":"tag-finland","15":"tag-finnish","16":"tag-hermovaurio","17":"tag-janne-lehtonen","18":"tag-koira","19":"tag-lemmikki","20":"tag-martina-aitolehti","21":"tag-matias-petaisto","22":"tag-menetys","23":"tag-mikko-kekalainen","24":"tag-rossi","25":"tag-suomi","26":"tag-suru","27":"tag-talous","28":"tag-viihde"},"share_on_mastodon":{"url":"https:\/\/pubeurope.com\/@fi\/115437900082041908","error":""},"_links":{"self":[{"href":"https:\/\/www.europesays.com\/fi\/wp-json\/wp\/v2\/posts\/72351","targetHints":{"allow":["GET"]}}],"collection":[{"href":"https:\/\/www.europesays.com\/fi\/wp-json\/wp\/v2\/posts"}],"about":[{"href":"https:\/\/www.europesays.com\/fi\/wp-json\/wp\/v2\/types\/post"}],"author":[{"embeddable":true,"href":"https:\/\/www.europesays.com\/fi\/wp-json\/wp\/v2\/users\/2"}],"replies":[{"embeddable":true,"href":"https:\/\/www.europesays.com\/fi\/wp-json\/wp\/v2\/comments?post=72351"}],"version-history":[{"count":0,"href":"https:\/\/www.europesays.com\/fi\/wp-json\/wp\/v2\/posts\/72351\/revisions"}],"wp:featuredmedia":[{"embeddable":true,"href":"https:\/\/www.europesays.com\/fi\/wp-json\/wp\/v2\/media\/72352"}],"wp:attachment":[{"href":"https:\/\/www.europesays.com\/fi\/wp-json\/wp\/v2\/media?parent=72351"}],"wp:term":[{"taxonomy":"category","embeddable":true,"href":"https:\/\/www.europesays.com\/fi\/wp-json\/wp\/v2\/categories?post=72351"},{"taxonomy":"post_tag","embeddable":true,"href":"https:\/\/www.europesays.com\/fi\/wp-json\/wp\/v2\/tags?post=72351"}],"curies":[{"name":"wp","href":"https:\/\/api.w.org\/{rel}","templated":true}]}}