{"id":72421,"date":"2025-10-26T04:33:08","date_gmt":"2025-10-26T04:33:08","guid":{"rendered":"https:\/\/www.europesays.com\/fi\/72421\/"},"modified":"2025-10-26T04:33:08","modified_gmt":"2025-10-26T04:33:08","slug":"podcast-tuure-boelius-nauraa-itselleen-valta-nousi-hattuun","status":"publish","type":"post","link":"https:\/\/www.europesays.com\/fi\/72421\/","title":{"rendered":"Podcast: Tuure Boelius nauraa itselleen: &#8221;Valta nousi hattuun&#8221;"},"content":{"rendered":"<p>\n            20250814 HELSINKI. PETOLLISET-PRESSI. Tuure Boelius. KUVA: ATTE KAJOVA<br \/>\n            ATTE KAJOVA\n        <\/p>\n<p class=\"subtitle \">Tuure Boeliuksen k\u00e4yt\u00f6s Petollisissa on puhuttanut katsojia.<\/p>\n<p class=\"article-content article-content-width !bg-background\">Petolliset-podcastin tuoreimman jakson vieraina ovat murhattu  ja karkotettu .<\/p>\n<p class=\"article-content article-content-width !bg-background\">Tuure on nelj\u00e4nnen tuotantokauden ensimm\u00e4inen petollinen, jonka uskolliset saivat ulos pelist\u00e4.\u00a0Petollinen itse naureskelee kohtalolleen.\u00a0<\/p>\n<p class=\"article-content article-content-width !bg-background\">\u2013\tT\u00e4m\u00e4 kausi opetti minulle sen, ett\u00e4 kuviteltu valta voi todella nousta hattuun ja siit\u00e4 voi olla haittaa, Tuure tunnustaa huvittuneena.<\/p>\n<p class=\"article-content article-content-width !bg-background\">\u2013\tMinusta sinun mukanaolosi ja tyylisi ovat yhteiskunnallisesti kiinnostava ilmi\u00f6 t\u00e4ss\u00e4 ajassa. Kuinka tavallisesta ja mukavasta ihmisest\u00e4 voi synty\u00e4 diktaattori, podcast-is\u00e4nt\u00e4  nauraa.<\/p>\n<p class=\"article-content article-content-width !bg-background\">\u2013\tNiin siin\u00e4 k\u00e4vikin, mutta se oli nousu ja tuho, Tuure toteaa.\u00a0<\/p>\n<p class=\"article-content article-content-width !bg-background\">My\u00f6s Ringa ylist\u00e4\u00e4 Tuuren pelityyli\u00e4.<\/p>\n<p class=\"article-content article-content-width !bg-background\">\u2013\tTuure on aivan ihana, ja h\u00e4n pelasi t\u00e4t\u00e4 peli\u00e4 juuri siten, kuin t\u00e4t\u00e4 peli\u00e4 tulee pelata. H\u00e4n oli suunnitellut n\u00e4it\u00e4 asioita ja h\u00e4n on loistava n\u00e4yttelij\u00e4. En soimaa sinua mist\u00e4\u00e4n, Ringa kehuu.<\/p>\n<p>        <a itemprop=\"url\" href=\"https:\/\/www.seiska.fi\/katso\/tuure-boelius-vastaa-petolliset-kohuun-en-pyyda-anteeksi\/1971569\" rel=\"nofollow noopener\" target=\"_blank\"><\/p>\n<p>\nTuure Boelius\n<\/p>\n<p class=\"section-date\">\n        <strong class=\"article-section\" data-section=\"katso\"><br \/>\n            katso<br \/>\n        <\/strong><br \/>\n        23.10. 16:45\n    <\/p>\n<p>Tuure Boelius vastaa Petolliset-kohuun: &#8221;En pyyd\u00e4 anteeksi&#8221;\n    <\/p>\n<p itemprop=\"description\" class=\"subtitle \">\n    Petollisissa juonitellut artisti kokee joutuneensa ajojahdin uhriksi.\n<\/p>\n<p>        <\/a><\/p>\n<p>Vanhempien oppi meni perille<\/p>\n<p class=\"article-content article-content-width !bg-background\">Tuuren vanhemmat ovat opettaneet pojalleen, ett\u00e4 valehtijalla pit\u00e4\u00e4 olla todella hyv\u00e4 muisti. On muistettava, mit\u00e4 on sanonut, miss\u00e4 ja kenelle.<\/p>\n<p class=\"article-content article-content-width !bg-background\">\u2013\tT\u00e4m\u00e4 valehtelija ei kyll\u00e4 en\u00e4\u00e4 lopulta muistanut mit\u00e4\u00e4n. Olin aivan sekaisin. Se yll\u00e4tti minut itsekin, Tuure sanoo.<\/p>\n<p>                <img decoding=\"async\" src=\"https:\/\/www.europesays.com\/fi\/wp-content\/uploads\/2025\/10\/1972426.webp\" width=\"576\" height=\"322\" alt=\"Ringa kertoo l\u00e4hteneens\u00e4 Petollisiin puhtaasta uteliaisuudesta.\" loading=\"lazy\" \/>            <\/p>\n<p>\n            Ringa kertoo l\u00e4hteneens\u00e4 Petollisiin puhtaasta uteliaisuudesta.<br \/>\n            Saku Tiainen\/Sanoma\n        <\/p>\n<p class=\"article-content article-content-width !bg-background\">Tuure on seurannut Petollisten ymp\u00e4rill\u00e4 k\u00e4yty\u00e4 keskustelua.\u00a0<\/p>\n<p class=\"article-content article-content-width !bg-background\">\u2013\tMin\u00e4 en l\u00e4htenyt t\u00e4h\u00e4n tv-ohjelmaan artistina tai julkisuuden henkil\u00f6n\u00e4 kiillottamaan omaa henkil\u00f6br\u00e4ndi\u00e4ni.\u00a0<\/p>\n<p class=\"article-content article-content-width !bg-background\">\u2013\u00a0Minua naurattaa toistuva kommentti, ettei t\u00e4m\u00e4 tee kovin hyv\u00e4\u00e4 henkil\u00f6br\u00e4ndilleni. Oman kokemukseni perusteella Suomessa ihmisten medialukutaito on todella heikkoa, Tuure toteaa.\u00a0<\/p>\n<p class=\"article-content article-content-width !bg-background\">Christoffer komppaa karkotettua pelaajaa.\u00a0<\/p>\n<p class=\"article-content article-content-width !bg-background\">\u2013\tSin\u00e4 tulit oikeasti pelaamaan. On sellaisia hetki\u00e4, joissa voi kyseenalaistaa, tarvitseeko tuommoista vaihdetta laittaa, mutta sin\u00e4 et tullut kiillottamaan julkisuuskuvaasi, vaan tekem\u00e4\u00e4n t\u00e4ysill\u00e4 ohjelmaa. Minusta se on pelk\u00e4st\u00e4\u00e4n kiitett\u00e4v\u00e4\u00e4, juontaja kehuu.<\/p>\n<p>        <a itemprop=\"url\" href=\"https:\/\/www.seiska.fi\/katso\/podcast-christoffer-strandbergilta-suora-mielipide-tuure-boeliuksesta\/1965799\" rel=\"nofollow noopener\" target=\"_blank\"><\/p>\n<p>\nPetolliset-podcast\n<\/p>\n<p class=\"section-date\">\n        <strong class=\"article-section\" data-section=\"katso\"><br \/>\n            katso<br \/>\n        <\/strong><br \/>\n        19.10. 07:15\n    <\/p>\n<p>Podcast: Christoffer Strandbergilta suora mielipide Tuure Boeliuksesta\n    <\/p>\n<p itemprop=\"description\" class=\"subtitle \">\n    Christoffer Strandberg jyr\u00e4ht\u00e4\u00e4 Petollisten tapahtumista.\n<\/p>\n<p>        <\/a><\/p>\n<p>                <img decoding=\"async\" src=\"https:\/\/www.europesays.com\/fi\/wp-content\/uploads\/2025\/10\/1972432.webp\" width=\"576\" height=\"322\" alt=\"Pia Penttalan ja Tuuren v\u00e4lill\u00e4 ei ole miss\u00e4\u00e4n vaiheessa ollut kitkaa.\" loading=\"lazy\" \/>            <\/p>\n<p>\n            Pia Penttalan ja Tuuren v\u00e4lill\u00e4 ei ole miss\u00e4\u00e4n vaiheessa ollut kitkaa.<br \/>\n            Saku Tiainen\/Sanoma\n        <\/p>\n<p class=\"article-content article-content-width !bg-background\">Mik\u00e4 taas tulee Tuuren ja  konfliktiin py\u00f6re\u00e4ss\u00e4 p\u00f6yd\u00e4ss\u00e4, on se saanut niin Christofferin kuin Tuuren mielest\u00e4 kohtuuttomat mittasuhteet.\u00a0<\/p>\n<p class=\"article-content article-content-width !bg-background\">\u2013\tMeid\u00e4n mediak\u00e4yt\u00f6ksess\u00e4mme on ongelmallista se, ett\u00e4 otamme kaiken henki\u00f6kohtaisesti. Pialla ja sinulla oli konflikti, mutta Pia on kunnossa, Christoffer muistuttaa.\u00a0<\/p>\n<p class=\"article-content article-content-width !bg-background\">\u2013\tSe tilanne kesti kaksi minuuttia, ja 20 minuuttia my\u00f6hemmin pelasimme takahuoneessa Unoa yhdess\u00e4, Tuure lis\u00e4\u00e4.\u00a0<\/p>\n<p class=\"italic m-italic article-content article-content-width !bg-background\">Petolliset podcast on kuunneltavissa Suplassa ja Ruudussa. Petolliset n\u00e4hd\u00e4\u00e4n lauantaisin Nelosella ja Ruudussa.\u00a0<\/p>\n<p>        <a itemprop=\"url\" href=\"https:\/\/www.seiska.fi\/katso\/petolliset-kaksi-kilpailijaa-kay-muiden-hermoon\/1935339\" rel=\"nofollow noopener\" target=\"_blank\"><\/p>\n<p>\nPetolliset\n<\/p>\n<p class=\"section-date\">\n        <strong class=\"article-section\" data-section=\"katso\"><br \/>\n            katso<br \/>\n        <\/strong><br \/>\n        20.9. 06:15\n    <\/p>\n<p>Petolliset: Kaksi kilpailijaa k\u00e4y muiden hermoon\n    <\/p>\n<p itemprop=\"description\" class=\"subtitle \">\n    Ensimm\u00e4inen murha pist\u00e4\u00e4 pasmat sekaisin Vanajanlinnassa.\n<\/p>\n<p>        <\/a><\/p>\n","protected":false},"excerpt":{"rendered":"20250814 HELSINKI. PETOLLISET-PRESSI. Tuure Boelius. KUVA: ATTE KAJOVA ATTE KAJOVA Tuure Boeliuksen k\u00e4yt\u00f6s Petollisissa on puhuttanut katsojia. Petolliset-podcastin&hellip;\n","protected":false},"author":2,"featured_media":12594,"comment_status":"","ping_status":"","sticky":false,"template":"","format":"standard","meta":{"footnotes":""},"categories":[130],"tags":[1427,137,33,31,30,15827,1758,3395,6031,2923,6263,5701,2158,32,10646,5313,109],"class_list":{"0":"post-72421","1":"post","2":"type-post","3":"status-publish","4":"format-standard","5":"has-post-thumbnail","7":"category-viihde","8":"tag-christoffer-strandberg","9":"tag-entertainment","10":"tag-fi","11":"tag-finland","12":"tag-finnish","13":"tag-konflikti","14":"tag-nelonen","15":"tag-petolliset","16":"tag-pia-penttala","17":"tag-podcast","18":"tag-psykologinen-peli","19":"tag-ringa-ropo","20":"tag-ruutu","21":"tag-suomi","22":"tag-teemu-packalen","23":"tag-tuure-boelius","24":"tag-viihde"},"share_on_mastodon":{"url":"https:\/\/pubeurope.com\/@fi\/115438603796948015","error":""},"_links":{"self":[{"href":"https:\/\/www.europesays.com\/fi\/wp-json\/wp\/v2\/posts\/72421","targetHints":{"allow":["GET"]}}],"collection":[{"href":"https:\/\/www.europesays.com\/fi\/wp-json\/wp\/v2\/posts"}],"about":[{"href":"https:\/\/www.europesays.com\/fi\/wp-json\/wp\/v2\/types\/post"}],"author":[{"embeddable":true,"href":"https:\/\/www.europesays.com\/fi\/wp-json\/wp\/v2\/users\/2"}],"replies":[{"embeddable":true,"href":"https:\/\/www.europesays.com\/fi\/wp-json\/wp\/v2\/comments?post=72421"}],"version-history":[{"count":0,"href":"https:\/\/www.europesays.com\/fi\/wp-json\/wp\/v2\/posts\/72421\/revisions"}],"wp:featuredmedia":[{"embeddable":true,"href":"https:\/\/www.europesays.com\/fi\/wp-json\/wp\/v2\/media\/12594"}],"wp:attachment":[{"href":"https:\/\/www.europesays.com\/fi\/wp-json\/wp\/v2\/media?parent=72421"}],"wp:term":[{"taxonomy":"category","embeddable":true,"href":"https:\/\/www.europesays.com\/fi\/wp-json\/wp\/v2\/categories?post=72421"},{"taxonomy":"post_tag","embeddable":true,"href":"https:\/\/www.europesays.com\/fi\/wp-json\/wp\/v2\/tags?post=72421"}],"curies":[{"name":"wp","href":"https:\/\/api.w.org\/{rel}","templated":true}]}}