{"id":72451,"date":"2025-10-26T05:24:13","date_gmt":"2025-10-26T05:24:13","guid":{"rendered":"https:\/\/www.europesays.com\/fi\/72451\/"},"modified":"2025-10-26T05:24:13","modified_gmt":"2025-10-26T05:24:13","slug":"jalkapallo-matias-siltanen-teki-nolon-oman-maalin-hurjat-murskajaiset","status":"publish","type":"post","link":"https:\/\/www.europesays.com\/fi\/72451\/","title":{"rendered":"Jalkapallo: Matias Siltanen teki nolon oman maalin \u2013 hurjat murskajaiset"},"content":{"rendered":"<p>Jalkapallo|Djurg\u00e5rden iski taululle tennislukemat. Suomalaislupaus oli ep\u00e4onninen.<\/p>\n<p>25.10. 18:41<\/p>\n<p class=\"article-body mb-nof-24 px-nof-16\">Suomen jalkapallon kirkkaimpiin tulevaisuuden lupauksiin kuuluva <a class=\"article-personlink\" href=\"https:\/\/www.hs.fi\/haku\/?query=Matias%20Siltanen\" rel=\"nofollow noopener\" target=\"_blank\">Matias Siltanen<\/a> oli hieman normaalia huonommalla tavalla esill\u00e4, kun Djurg\u00e5rden jatkoi taistelua Ruotsin jalkapallon p\u00e4\u00e4sarjan k\u00e4rkisijoista.<\/p>\n<p class=\"article-body mb-nof-24 px-nof-16\">Siltanen, 18, heilutti verkkoa v\u00e4\u00e4r\u00e4ss\u00e4 p\u00e4\u00e4ss\u00e4 kentt\u00e4\u00e4, kun Djurg\u00e5rden murskasi V\u00e4rnamon tennislukemin 6\u20132 ja piti toiveet eurokentist\u00e4 elossa.<\/p>\n<p class=\"article-body mb-nof-24 px-nof-16\">Djurg\u00e5rden johti ottelua viimeisell\u00e4 kymmenminuuttisella maalein 4\u20131, kun Siltasella sattui synkk\u00e4 hetki. H\u00e4n ohjasi t\u00e4ysin vaarattomassa tilanteessa pallon omaan maaliin yritt\u00e4ess\u00e4\u00e4n ilmeisesti sy\u00f6tt\u00e4\u00e4 omalle maalivahdilleen <a class=\"article-personlink\" href=\"https:\/\/www.hs.fi\/haku\/?query=Filip%20Manojlovicille.\" rel=\"nofollow noopener\" target=\"_blank\">Filip Manojlovicille.<\/a><\/p>\n<p class=\"article-body mb-nof-24 px-nof-16\">Siltasen oma maali oli harvinainen negatiivinen v\u00e4l\u00e4hdys muuten loistavasti esiintyneen pelaajan kaudessa.<\/p>\n<p class=\"article-body mb-nof-24 px-nof-16\">Siltanen on ollut pitkin kautta vahvasti esill\u00e4 siirtohuhuissa, ja nuorukaisen per\u00e4ss\u00e4 on tiett\u00e4v\u00e4sti ollut muun muassa Manchester City, Leverkusen ja Eintracht Frankfurt.<\/p>\n<p class=\"article-body mb-nof-24 px-nof-16\">Arvioiden mukaan Siltasen hintalappu on t\u00e4ll\u00e4 hetkell\u00e4 15\u201320 miljoonaa euroa.<\/p>\n","protected":false},"excerpt":{"rendered":"Jalkapallo|Djurg\u00e5rden iski taululle tennislukemat. Suomalaislupaus oli ep\u00e4onninen. 25.10. 18:41 Suomen jalkapallon kirkkaimpiin tulevaisuuden lupauksiin kuuluva Matias Siltanen oli&hellip;\n","protected":false},"author":2,"featured_media":72452,"comment_status":"","ping_status":"","sticky":false,"template":"","format":"standard","meta":{"footnotes":""},"categories":[158],"tags":[33,31,30,46,159,32,160],"class_list":{"0":"post-72451","1":"post","2":"type-post","3":"status-publish","4":"format-standard","5":"has-post-thumbnail","7":"category-urheilu","8":"tag-fi","9":"tag-finland","10":"tag-finnish","11":"tag-helsingin-sanomat","12":"tag-sports","13":"tag-suomi","14":"tag-urheilu"},"share_on_mastodon":{"url":"https:\/\/pubeurope.com\/@fi\/115438804559491395","error":""},"_links":{"self":[{"href":"https:\/\/www.europesays.com\/fi\/wp-json\/wp\/v2\/posts\/72451","targetHints":{"allow":["GET"]}}],"collection":[{"href":"https:\/\/www.europesays.com\/fi\/wp-json\/wp\/v2\/posts"}],"about":[{"href":"https:\/\/www.europesays.com\/fi\/wp-json\/wp\/v2\/types\/post"}],"author":[{"embeddable":true,"href":"https:\/\/www.europesays.com\/fi\/wp-json\/wp\/v2\/users\/2"}],"replies":[{"embeddable":true,"href":"https:\/\/www.europesays.com\/fi\/wp-json\/wp\/v2\/comments?post=72451"}],"version-history":[{"count":0,"href":"https:\/\/www.europesays.com\/fi\/wp-json\/wp\/v2\/posts\/72451\/revisions"}],"wp:featuredmedia":[{"embeddable":true,"href":"https:\/\/www.europesays.com\/fi\/wp-json\/wp\/v2\/media\/72452"}],"wp:attachment":[{"href":"https:\/\/www.europesays.com\/fi\/wp-json\/wp\/v2\/media?parent=72451"}],"wp:term":[{"taxonomy":"category","embeddable":true,"href":"https:\/\/www.europesays.com\/fi\/wp-json\/wp\/v2\/categories?post=72451"},{"taxonomy":"post_tag","embeddable":true,"href":"https:\/\/www.europesays.com\/fi\/wp-json\/wp\/v2\/tags?post=72451"}],"curies":[{"name":"wp","href":"https:\/\/api.w.org\/{rel}","templated":true}]}}