{"id":72459,"date":"2025-10-26T05:30:07","date_gmt":"2025-10-26T05:30:07","guid":{"rendered":"https:\/\/www.europesays.com\/fi\/72459\/"},"modified":"2025-10-26T05:30:07","modified_gmt":"2025-10-26T05:30:07","slug":"mies-yritti-moottorisahalla-sisaan-kauppaan-ja-jai-verekseltaan-kiinni","status":"publish","type":"post","link":"https:\/\/www.europesays.com\/fi\/72459\/","title":{"rendered":"Mies yritti moottorisahalla sis\u00e4\u00e4n kauppaan ja j\u00e4i verekselt\u00e4\u00e4n kiinni"},"content":{"rendered":"<p>Kajaani|Nuori mies oli ensin yritt\u00e4nyt rikkoa kaupan etuoven lasin ja sen j\u00e4lkeen turvautunut moottorisahaan.<\/p>\n<p class=\"article-body mb-nof-24 px-nof-16\">Mies yritti sahata itsens\u00e4 sis\u00e4lle kauppaan Kajaanissa sunnuntaiy\u00f6n\u00e4, Oulun poliisilaitos tiedottaa.<\/p>\n<p class=\"article-body mb-nof-24 px-nof-16\">H\u00e4t\u00e4keskukseen oli ilmoitettu, ett\u00e4 mies pyrkii sis\u00e4lle kauppaan moottorisahan kanssa. Oulun poliisista kerrotaan HS:lle, ett\u00e4 kyseess\u00e4 oli ruokakauppa.<\/p>\n<p class=\"article-body mb-nof-24 px-nof-16\">Poliisipartiot saivat teht\u00e4v\u00e4n sunnuntaina puoleny\u00f6n j\u00e4lkeen. Kun partiot saapuivat paikalle, tuntomerkkeihin sopiva mies juoksi kaupalta poisp\u00e4in. Poliisin koirapartio sai kuitenkin miehen kiinni.<\/p>\n<p class=\"article-body mb-nof-24 px-nof-16\">Oulun poliisista kerrotaan miehen olevan parikymppinen.<\/p>\n<p class=\"article-body mb-nof-24 px-nof-16\">H\u00e4n oli ensin yritt\u00e4nyt p\u00e4\u00e4st\u00e4 kauppaan rikkomalla etuoven lasin. Kun t\u00e4m\u00e4 ei ollut onnistunut, mies oli ottanut k\u00e4ytt\u00f6\u00f6n moottorisahan. Poliisin mukaan mies oli sahannut kaupan lastauslaiturin oveen rei\u00e4n, mutta ei ollut p\u00e4\u00e4ssyt sis\u00e4lle myym\u00e4l\u00e4tilaan.<\/p>\n<p class=\"article-body mb-nof-24 px-nof-16\">Mies otettiin kiinni rikoksesta ep\u00e4iltyn\u00e4 ja kuljetettiin poliisivankilaan, tiedotteessa kerrotaan. H\u00e4nt\u00e4 ep\u00e4ill\u00e4\u00e4n varkaudesta.<\/p>\n","protected":false},"excerpt":{"rendered":"Kajaani|Nuori mies oli ensin yritt\u00e4nyt rikkoa kaupan etuoven lasin ja sen j\u00e4lkeen turvautunut moottorisahaan. Mies yritti sahata itsens\u00e4&hellip;\n","protected":false},"author":2,"featured_media":83,"comment_status":"","ping_status":"","sticky":false,"template":"","format":"standard","meta":{"footnotes":""},"categories":[12],"tags":[22,23,26,27,33,31,30,17,46,24,25,28,29,15,18,21,32,19,20,16],"class_list":{"0":"post-72459","1":"post","2":"type-post","3":"status-publish","4":"format-standard","5":"has-post-thumbnail","7":"category-suomi","8":"tag-breaking-news","9":"tag-breakingnews","10":"tag-featured-news","11":"tag-featurednews","12":"tag-fi","13":"tag-finland","14":"tag-finnish","15":"tag-headlines","16":"tag-helsingin-sanomat","17":"tag-latest-news","18":"tag-latestnews","19":"tag-main-news","20":"tag-mainnews","21":"tag-news","22":"tag-otsikot","23":"tag-paauutiset","24":"tag-suomi","25":"tag-top-stories","26":"tag-topstories","27":"tag-uutiset"},"share_on_mastodon":{"url":"https:\/\/pubeurope.com\/@fi\/115438827843847926","error":""},"_links":{"self":[{"href":"https:\/\/www.europesays.com\/fi\/wp-json\/wp\/v2\/posts\/72459","targetHints":{"allow":["GET"]}}],"collection":[{"href":"https:\/\/www.europesays.com\/fi\/wp-json\/wp\/v2\/posts"}],"about":[{"href":"https:\/\/www.europesays.com\/fi\/wp-json\/wp\/v2\/types\/post"}],"author":[{"embeddable":true,"href":"https:\/\/www.europesays.com\/fi\/wp-json\/wp\/v2\/users\/2"}],"replies":[{"embeddable":true,"href":"https:\/\/www.europesays.com\/fi\/wp-json\/wp\/v2\/comments?post=72459"}],"version-history":[{"count":0,"href":"https:\/\/www.europesays.com\/fi\/wp-json\/wp\/v2\/posts\/72459\/revisions"}],"wp:featuredmedia":[{"embeddable":true,"href":"https:\/\/www.europesays.com\/fi\/wp-json\/wp\/v2\/media\/83"}],"wp:attachment":[{"href":"https:\/\/www.europesays.com\/fi\/wp-json\/wp\/v2\/media?parent=72459"}],"wp:term":[{"taxonomy":"category","embeddable":true,"href":"https:\/\/www.europesays.com\/fi\/wp-json\/wp\/v2\/categories?post=72459"},{"taxonomy":"post_tag","embeddable":true,"href":"https:\/\/www.europesays.com\/fi\/wp-json\/wp\/v2\/tags?post=72459"}],"curies":[{"name":"wp","href":"https:\/\/api.w.org\/{rel}","templated":true}]}}