{"id":72478,"date":"2025-10-26T06:09:10","date_gmt":"2025-10-26T06:09:10","guid":{"rendered":"https:\/\/www.europesays.com\/fi\/72478\/"},"modified":"2025-10-26T06:09:10","modified_gmt":"2025-10-26T06:09:10","slug":"kaisa-liski-lataa-suorat-sanat-julkisuudesta-kiinnostaa-kuin-kilo-paskaa","status":"publish","type":"post","link":"https:\/\/www.europesays.com\/fi\/72478\/","title":{"rendered":"Kaisa Liski lataa suorat sanat julkisuudesta: &#8221;Kiinnostaa kuin kilo paskaa&#8221;"},"content":{"rendered":"<p>Tv-t\u00e4hti Kaisa Liski ei s\u00e4\u00e4stele sanojaan Ukkola-ohjelman uusimmassa jaksossa.<\/p>\n<p class=\"paragraph\">Kaisa ja puoli valtakuntaa -ohjelmasta tuttu <a href=\"https:\/\/www.iltalehti.fi\/henkilot\/Kaisa Liski\" class=\"article-link-person-page\" rel=\"nofollow noopener\" target=\"_blank\">Kaisa Liski<\/a> kertoo Ukkola-ohjelmassa, ett\u00e4 h\u00e4n on yritt\u00e4nyt p\u00e4\u00e4st\u00e4 pois julkisuudesta viimeisen kuuden vuoden aikana.<\/p>\n<p class=\"paragraph\">Entinen kiinteist\u00f6kuningatar lataa suorat sanat jaksossa.<\/p>\n<p class=\"paragraph\">\u2013 Minua kiinnostaa julkisuus just niin paljon kuin kilo paskaa, Liski tokaisee.<\/p>\n<p class=\"paragraph\">\u2013 Koen viel\u00e4kin niin hassuna sen, ett\u00e4 olen n\u00e4tisti meikattuna ja esiintym\u00e4ss\u00e4 jossain, niin ihmiset tulevat puhumaan minulle kuin olisin joku julkkis, h\u00e4n jatkaa.<\/p>\n<p><img decoding=\"async\" class=\"image image-show image-preview\" src=\"https:\/\/www.europesays.com\/fi\/wp-content\/uploads\/2025\/10\/6f6bb03c398b443383ea08c484457cfdb16951d477e803d00d879471af8a9140.jpg\" alt=\"\"\/><img decoding=\"async\" class=\"image image-show\" src=\"https:\/\/www.europesays.com\/fi\/wp-content\/uploads\/2025\/10\/1761458949_491_6f6bb03c398b443383ea08c484457cfdb16951d477e803d00d879471af8a9140.jpg\" alt=\"\"\/><\/p>\n<p>Monet muistavat Kaisa Liskin \u201dkiinteist\u00f6kuningattarena\u201d. Pasi Liesimaa<\/p>\n<p class=\"paragraph\">H\u00e4nen el\u00e4m\u00e4st\u00e4\u00e4n ilmestyi hiljattain <a href=\"https:\/\/www.iltalehti.fi\/henkilot\/Vera Miettinen\" class=\"article-link-person-page\" rel=\"nofollow noopener\" target=\"_blank\">Vera Miettisen<\/a> kirjoittama kirja Kiinteist\u00f6kuningatar Kaisa Liskin taistelu (Deadline Kustannus).<\/p>\n<p class=\"paragraph\">Katso Ukkola-ohjelman uusin jakso, jossa Kaisa Liski avautuu rikostuomiostaan ja terveysongelmistaan.<\/p>\n","protected":false},"excerpt":{"rendered":"Tv-t\u00e4hti Kaisa Liski ei s\u00e4\u00e4stele sanojaan Ukkola-ohjelman uusimmassa jaksossa. Kaisa ja puoli valtakuntaa -ohjelmasta tuttu Kaisa Liski kertoo&hellip;\n","protected":false},"author":2,"featured_media":72479,"comment_status":"","ping_status":"","sticky":false,"template":"","format":"standard","meta":{"footnotes":""},"categories":[136],"tags":[35,36,407,137,33,31,30,408,53,979,32,2140,139,109],"class_list":{"0":"post-72478","1":"post","2":"type-post","3":"status-publish","4":"format-standard","5":"has-post-thumbnail","7":"category-julkkikset","8":"tag-24h","9":"tag-asuintalot-ja-asunnot","10":"tag-celebrities","11":"tag-entertainment","12":"tag-fi","13":"tag-finland","14":"tag-finnish","15":"tag-julkkikset","16":"tag-laki-oikeus-ja-rikos","17":"tag-sahkoinen-media","18":"tag-suomi","19":"tag-tosi-tv-ohjelmat","20":"tag-tv-ohjelmat","21":"tag-viihde"},"share_on_mastodon":{"url":"https:\/\/pubeurope.com\/@fi\/115438981301893416","error":""},"_links":{"self":[{"href":"https:\/\/www.europesays.com\/fi\/wp-json\/wp\/v2\/posts\/72478","targetHints":{"allow":["GET"]}}],"collection":[{"href":"https:\/\/www.europesays.com\/fi\/wp-json\/wp\/v2\/posts"}],"about":[{"href":"https:\/\/www.europesays.com\/fi\/wp-json\/wp\/v2\/types\/post"}],"author":[{"embeddable":true,"href":"https:\/\/www.europesays.com\/fi\/wp-json\/wp\/v2\/users\/2"}],"replies":[{"embeddable":true,"href":"https:\/\/www.europesays.com\/fi\/wp-json\/wp\/v2\/comments?post=72478"}],"version-history":[{"count":0,"href":"https:\/\/www.europesays.com\/fi\/wp-json\/wp\/v2\/posts\/72478\/revisions"}],"wp:featuredmedia":[{"embeddable":true,"href":"https:\/\/www.europesays.com\/fi\/wp-json\/wp\/v2\/media\/72479"}],"wp:attachment":[{"href":"https:\/\/www.europesays.com\/fi\/wp-json\/wp\/v2\/media?parent=72478"}],"wp:term":[{"taxonomy":"category","embeddable":true,"href":"https:\/\/www.europesays.com\/fi\/wp-json\/wp\/v2\/categories?post=72478"},{"taxonomy":"post_tag","embeddable":true,"href":"https:\/\/www.europesays.com\/fi\/wp-json\/wp\/v2\/tags?post=72478"}],"curies":[{"name":"wp","href":"https:\/\/api.w.org\/{rel}","templated":true}]}}